{"id":29338,"date":"2019-07-13T09:37:47","date_gmt":"2019-07-13T15:37:47","guid":{"rendered":"http:\/\/www.inces.gob.ve\/?p=29338"},"modified":"2020-05-28T20:28:31","modified_gmt":"2020-05-29T00:28:31","slug":"inces-merida-busca-la-excelencia-en-el-servicio-de-habitacion-hotelera","status":"publish","type":"post","link":"https:\/\/inces.gob.ve\/index.php\/2019\/07\/13\/inces-merida-busca-la-excelencia-en-el-servicio-de-habitacion-hotelera\/","title":{"rendered":"Inces-M\u00e9rida busca la excelencia en el Servicio de Habitaci\u00f3n hotelera"},"content":{"rendered":"<p align=\"justify\"><span style=\"font-family: Arial, sans-serif;\"><span style=\"font-size: x-large;\"><i><b>** Los participantes realizaron una demostraci\u00f3n de su formaci\u00f3n, donde explicaron las t\u00e9cnicas para el arreglo de camas, sabanas y toallas con formas decorativas<\/b><\/i><\/span><\/span><\/p>\n<p align=\"justify\"><!--more--><\/p>\n<p align=\"justify\"><span style=\"font-family: Arial, sans-serif;\"><span style=\"font-size: x-large;\"><b>NADIA LOBO | M\u00e9rida<\/b><\/span><\/span><\/p>\n<p align=\"justify\"><span style=\"font-family: Arial, sans-serif;\"><span style=\"font-size: x-large;\">Luego de cumplir con el cronograma de formaci\u00f3n, 18 participantes culminaron de manera exitosa el curso Servicio de Habitaci\u00f3n, a cargo del Instituto Nacional de Capacitaci\u00f3n y Educaci\u00f3n Socialista (Inces) que busca no solo capacitar al personal de hoteler\u00eda de la ciudad de M\u00e9rida, sino que adem\u00e1s, se impulsa el Motor Turismo en la regi\u00f3n.<\/span><\/span><\/p>\n<p align=\"justify\">\n<p align=\"justify\"><span style=\"font-family: Arial, sans-serif;\"><span style=\"font-size: x-large;\">La maestra t\u00e9cnica productiva (MTP) del Inces, Yusmaly Parra, responsable de la formaci\u00f3n, se mostr\u00f3 satisfecha por la culminaci\u00f3n del curso, pues cont\u00f3 con un excelente grupo de 18 participantes entre camareras, trabajadores y estudiantes de turismo, quienes durante 186 horas, tanto te\u00f3ricas como pr\u00e1cticas, compartieron saberes sobre las t\u00e9cnicas del Servicio de Habitaci\u00f3n, as\u00ed como la estructura organizativa de un hotel con el objetivo de buscar la excelencia en los prestadores de servicios.<\/span><\/span><\/p>\n<p><img loading=\"lazy\" decoding=\"async\" class=\"wp-image-29343 size-full\" src=\"http:\/\/www.inces.gob.ve\/wp-content\/uploads\/2019\/07\/Inces4-servicio-hotelera-12Julio19.jpg\" alt=\"\" width=\"750\" height=\"563\" srcset=\"https:\/\/inces.gob.ve\/wp-content\/uploads\/2019\/07\/Inces4-servicio-hotelera-12Julio19.jpg 750w, https:\/\/inces.gob.ve\/wp-content\/uploads\/2019\/07\/Inces4-servicio-hotelera-12Julio19-300x225.jpg 300w, https:\/\/inces.gob.ve\/wp-content\/uploads\/2019\/07\/Inces4-servicio-hotelera-12Julio19-136x102.jpg 136w\" sizes=\"auto, (max-width: 750px) 100vw, 750px\" \/><\/p>\n<p align=\"justify\"><span style=\"font-family: Arial, sans-serif;\"><span style=\"font-size: x-large;\">Destac\u00f3 el trabajo articulado entre el Inces, Inatur y las entidades de trabajo tanto p\u00fablicas como privadas de la red hotelera de la ciudad de M\u00e9rida, quienes recibieron capacitaci\u00f3n y orientaciones sobre los arreglos de cama y habitaci\u00f3n, cobertura de toallas, as\u00ed como atenci\u00f3n y montaje VIP para damas, caballeros y luna de miel que incluyeron pr\u00e1cticas en las propias habitaciones, en este caso, con el apoyo del Hotel Tibisay.<\/span><\/span><\/p>\n<p><img loading=\"lazy\" decoding=\"async\" class=\"wp-image-29339 size-full\" src=\"http:\/\/www.inces.gob.ve\/wp-content\/uploads\/2019\/07\/Inces-5-servicio-hotelera-12Julio19.jpg\" alt=\"\" width=\"750\" height=\"563\" srcset=\"https:\/\/inces.gob.ve\/wp-content\/uploads\/2019\/07\/Inces-5-servicio-hotelera-12Julio19.jpg 750w, https:\/\/inces.gob.ve\/wp-content\/uploads\/2019\/07\/Inces-5-servicio-hotelera-12Julio19-300x225.jpg 300w, https:\/\/inces.gob.ve\/wp-content\/uploads\/2019\/07\/Inces-5-servicio-hotelera-12Julio19-136x102.jpg 136w\" sizes=\"auto, (max-width: 750px) 100vw, 750px\" \/><\/p>\n<p align=\"justify\"><span style=\"font-family: Arial, sans-serif;\"><span style=\"font-size: x-large;\">Durante el acto de culminaci\u00f3n, los estudiantes, conjuntamente con las autoridades del propio Hotel Tibisay y la gerente regional del Inces M\u00e9rida, Marlibeth Colina, hicieron un recorrido por las habitaciones donde evidenciaron una muestra del aprendizaje. En cada espacio los participantes explicaron las t\u00e9cnicas para el arreglo de camas, sabanas y toallas con formas decorativas, as\u00ed como el orden de los espacios y las aplicaciones ecol\u00f3gicas que deben estar presente en los servicios de habitaci\u00f3n.<\/span><\/span><\/p>\n<p align=\"justify\">\n<p><img loading=\"lazy\" decoding=\"async\" class=\"wp-image-29340 size-full\" src=\"http:\/\/www.inces.gob.ve\/wp-content\/uploads\/2019\/07\/Inces-3-servicio-hotelera-12Julio19.jpg\" alt=\"\" width=\"750\" height=\"563\" srcset=\"https:\/\/inces.gob.ve\/wp-content\/uploads\/2019\/07\/Inces-3-servicio-hotelera-12Julio19.jpg 750w, https:\/\/inces.gob.ve\/wp-content\/uploads\/2019\/07\/Inces-3-servicio-hotelera-12Julio19-300x225.jpg 300w, https:\/\/inces.gob.ve\/wp-content\/uploads\/2019\/07\/Inces-3-servicio-hotelera-12Julio19-136x102.jpg 136w\" sizes=\"auto, (max-width: 750px) 100vw, 750px\" \/><\/p>\n<p align=\"justify\"><span style=\"font-family: Arial, sans-serif;\"><span style=\"font-size: x-large;\">Entre los m\u00f3dulos de servicio contemplados dentro de la formaci\u00f3n, las participantes se capacitaron en cobertura y doblaje de toallas. Obtuvieron conocimientos b\u00e1sicos en la limpieza de material y equipo que conforman una habitaci\u00f3n tanto hotelera como posada. Realizaron pr\u00e1cticas en los procedimientos para vestir y desvestir una cama. As\u00ed mismo debatieron sobre el perfil de una camarera o camarero y su ambiente de trabajo.<\/span><\/span><\/p>\n<p><img loading=\"lazy\" decoding=\"async\" class=\"wp-image-29342 size-full\" src=\"http:\/\/www.inces.gob.ve\/wp-content\/uploads\/2019\/07\/Inces-1-servicio-hotelera-12Julio19.jpg\" alt=\"\" width=\"750\" height=\"563\" srcset=\"https:\/\/inces.gob.ve\/wp-content\/uploads\/2019\/07\/Inces-1-servicio-hotelera-12Julio19.jpg 750w, https:\/\/inces.gob.ve\/wp-content\/uploads\/2019\/07\/Inces-1-servicio-hotelera-12Julio19-300x225.jpg 300w, https:\/\/inces.gob.ve\/wp-content\/uploads\/2019\/07\/Inces-1-servicio-hotelera-12Julio19-136x102.jpg 136w\" sizes=\"auto, (max-width: 750px) 100vw, 750px\" \/><\/p>\n","protected":false},"excerpt":{"rendered":"<p>** Los participantes realizaron una demostraci\u00f3n de su formaci\u00f3n, donde explicaron las t\u00e9cnicas para el arreglo de camas, sabanas y toallas con formas decorativas<\/p>\n","protected":false},"author":15,"featured_media":29341,"comment_status":"closed","ping_status":"closed","sticky":false,"template":"","format":"standard","meta":{"footnotes":""},"categories":[2],"tags":[],"class_list":["post-29338","post","type-post","status-publish","format-standard","has-post-thumbnail","hentry","category-blog"],"_links":{"self":[{"href":"https:\/\/inces.gob.ve\/index.php\/wp-json\/wp\/v2\/posts\/29338","targetHints":{"allow":["GET"]}}],"collection":[{"href":"https:\/\/inces.gob.ve\/index.php\/wp-json\/wp\/v2\/posts"}],"about":[{"href":"https:\/\/inces.gob.ve\/index.php\/wp-json\/wp\/v2\/types\/post"}],"author":[{"embeddable":true,"href":"https:\/\/inces.gob.ve\/index.php\/wp-json\/wp\/v2\/users\/15"}],"replies":[{"embeddable":true,"href":"https:\/\/inces.gob.ve\/index.php\/wp-json\/wp\/v2\/comments?post=29338"}],"version-history":[{"count":1,"href":"https:\/\/inces.gob.ve\/index.php\/wp-json\/wp\/v2\/posts\/29338\/revisions"}],"predecessor-version":[{"id":29344,"href":"https:\/\/inces.gob.ve\/index.php\/wp-json\/wp\/v2\/posts\/29338\/revisions\/29344"}],"wp:featuredmedia":[{"embeddable":true,"href":"https:\/\/inces.gob.ve\/index.php\/wp-json\/wp\/v2\/media\/29341"}],"wp:attachment":[{"href":"https:\/\/inces.gob.ve\/index.php\/wp-json\/wp\/v2\/media?parent=29338"}],"wp:term":[{"taxonomy":"category","embeddable":true,"href":"https:\/\/inces.gob.ve\/index.php\/wp-json\/wp\/v2\/categories?post=29338"},{"taxonomy":"post_tag","embeddable":true,"href":"https:\/\/inces.gob.ve\/index.php\/wp-json\/wp\/v2\/tags?post=29338"}],"curies":[{"name":"wp","href":"https:\/\/api.w.org\/{rel}","templated":true}]}}