{"id":29377,"date":"2019-07-16T11:40:22","date_gmt":"2019-07-16T17:40:22","guid":{"rendered":"http:\/\/www.inces.gob.ve\/?p=29377"},"modified":"2020-05-28T20:28:31","modified_gmt":"2020-05-29T00:28:31","slug":"mujeres-aprendieron-en-el-inces-a-elaborar-patrones-del-area-textil","status":"publish","type":"post","link":"https:\/\/inces.gob.ve\/index.php\/2019\/07\/16\/mujeres-aprendieron-en-el-inces-a-elaborar-patrones-del-area-textil\/","title":{"rendered":"Mujeres aprendieron en el Inces a elaborar patrones del \u00e1rea textil"},"content":{"rendered":"<p align=\"justify\"><span style=\"font-family: Arial, sans-serif;\"><span style=\"font-size: x-large;\"><i><b>** En un ambiente lleno de entusiasmo y sabidur\u00eda participantes demostraron sus conocimientos<\/b><\/i><\/span><\/span><\/p>\n<p align=\"justify\"><!--more--><\/p>\n<p align=\"justify\"><span style=\"font-family: Arial, sans-serif;\"><span style=\"font-size: x-large;\"><b>MARI\u00c1NGEL HENR\u00cdQUEZ | Monagas<\/b><\/span><\/span><\/p>\n<p align=\"justify\"><span style=\"font-family: Arial, sans-serif;\"><span style=\"font-size: x-large;\">Desde el taller de costura del centro de formaci\u00f3n socialista (CFS) \u201cSim\u00f3n Rodr\u00edguez\u201d de Monagas, un grupo de 20 participantes desarrollaron el curso de \u201cElaboraci\u00f3n de Patr\u00f3n Base\u201d con el que aprendieron un conjunto de conceptos b\u00e1sicos que pusieron en pr\u00e1ctica durante 136 horas.<\/span><\/span><\/p>\n<p align=\"justify\">\n<p align=\"justify\"><span style=\"font-family: Arial, sans-serif;\"><span style=\"font-size: x-large;\">Con la pedagog\u00eda aprender haciendo, la maestra t\u00e9cnica productiva (MTP) Venus del Villar, se encarg\u00f3 de brindarles herramientas para la construcci\u00f3n del conocimiento en colectivo, con el que las f\u00e9minas lograron un aprendizaje significativo durante el proceso formativo.<\/span><\/span><\/p>\n<p align=\"justify\"><img loading=\"lazy\" decoding=\"async\" class=\"aligncenter wp-image-29380 size-full\" src=\"http:\/\/www.inces.gob.ve\/wp-content\/uploads\/2019\/07\/Inces-\u00e1rea-textil-2-.jpg\" alt=\"\" width=\"850\" height=\"638\" srcset=\"https:\/\/inces.gob.ve\/wp-content\/uploads\/2019\/07\/Inces-\u00e1rea-textil-2-.jpg 850w, https:\/\/inces.gob.ve\/wp-content\/uploads\/2019\/07\/Inces-\u00e1rea-textil-2--300x225.jpg 300w, https:\/\/inces.gob.ve\/wp-content\/uploads\/2019\/07\/Inces-\u00e1rea-textil-2--768x576.jpg 768w, https:\/\/inces.gob.ve\/wp-content\/uploads\/2019\/07\/Inces-\u00e1rea-textil-2--136x102.jpg 136w\" sizes=\"auto, (max-width: 850px) 100vw, 850px\" \/><\/p>\n<p align=\"justify\"><span style=\"font-family: Arial, sans-serif;\"><span style=\"font-size: x-large;\">Uno de los saberes ofrecidos fue la aplicaci\u00f3n de ejercicios para la colocaci\u00f3n de accesorios como botones, cierres y bolsillos, adem\u00e1s, aprendieron a cortar, coser y otros temas de la costura.<img loading=\"lazy\" decoding=\"async\" class=\"aligncenter wp-image-29379 size-full\" src=\"http:\/\/www.inces.gob.ve\/wp-content\/uploads\/2019\/07\/Inces-\u00e1rea-textil-3-.jpg\" alt=\"\" width=\"850\" height=\"638\" srcset=\"https:\/\/inces.gob.ve\/wp-content\/uploads\/2019\/07\/Inces-\u00e1rea-textil-3-.jpg 850w, https:\/\/inces.gob.ve\/wp-content\/uploads\/2019\/07\/Inces-\u00e1rea-textil-3--300x225.jpg 300w, https:\/\/inces.gob.ve\/wp-content\/uploads\/2019\/07\/Inces-\u00e1rea-textil-3--768x576.jpg 768w, https:\/\/inces.gob.ve\/wp-content\/uploads\/2019\/07\/Inces-\u00e1rea-textil-3--136x102.jpg 136w\" sizes=\"auto, (max-width: 850px) 100vw, 850px\" \/><\/span><\/span><\/p>\n<p align=\"justify\">\n<p align=\"justify\"><span style=\"font-family: Arial, sans-serif;\"><span style=\"font-size: x-large;\">Para finalizar la formaci\u00f3n, las participantes hicieron una demostraci\u00f3n de conocimientos con una peque\u00f1a clase de \u201cElaboraci\u00f3n de Patr\u00f3n delantero de Blusa\u201d, en la cual estuvieron presentes la fefa de Formaci\u00f3n Profesional Jeaneth Fari\u00f1as, responsable del CFS, y Delia Gim\u00f3n, coordinadora del programa Textil, Livis Yendis, entre otros sujetos.<\/span><\/span><\/p>\n<p align=\"justify\">\n<img loading=\"lazy\" decoding=\"async\" class=\"aligncenter wp-image-29378 size-full\" src=\"http:\/\/www.inces.gob.ve\/wp-content\/uploads\/2019\/07\/Inces-\u00e1rea-textil-4-.jpg\" alt=\"\" width=\"850\" height=\"638\" srcset=\"https:\/\/inces.gob.ve\/wp-content\/uploads\/2019\/07\/Inces-\u00e1rea-textil-4-.jpg 850w, https:\/\/inces.gob.ve\/wp-content\/uploads\/2019\/07\/Inces-\u00e1rea-textil-4--300x225.jpg 300w, https:\/\/inces.gob.ve\/wp-content\/uploads\/2019\/07\/Inces-\u00e1rea-textil-4--768x576.jpg 768w, https:\/\/inces.gob.ve\/wp-content\/uploads\/2019\/07\/Inces-\u00e1rea-textil-4--136x102.jpg 136w\" sizes=\"auto, (max-width: 850px) 100vw, 850px\" \/><\/p>\n<p align=\"justify\"><span style=\"font-family: Arial, sans-serif;\"><span style=\"font-size: x-large;\">En la exposici\u00f3n, Dariana Hern\u00e1ndez, participante, explic\u00f3 c\u00f3mo tomar medidas, c\u00f3mo usar t\u00e9rminos adecuados, diferentes t\u00e9cnicas de la costura y un elemento importante, realizar el trabajo en equipo, como valor fundamental para avanzar hacia la conformaci\u00f3n de unidades productivas.<\/span><\/span><\/p>\n<p align=\"justify\">\n<p align=\"justify\"><span style=\"font-family: Arial, sans-serif;\"><span style=\"font-size: x-large;\">En este sentido, Mariela Ruiz, agradeci\u00f3 al Inces por abrirle las puertas, ya que con la formaci\u00f3n que imparte logra despertar muchos talentos, es por ello que desea seguir aprendiendo m\u00e1s con otros cursos en el \u00e1rea textil. <\/span><\/span><\/p>\n","protected":false},"excerpt":{"rendered":"<p>** En un ambiente lleno de entusiasmo y sabidur\u00eda participantes demostraron sus conocimientos<\/p>\n","protected":false},"author":15,"featured_media":29381,"comment_status":"closed","ping_status":"closed","sticky":false,"template":"","format":"standard","meta":{"footnotes":""},"categories":[2],"tags":[],"class_list":["post-29377","post","type-post","status-publish","format-standard","has-post-thumbnail","hentry","category-blog"],"_links":{"self":[{"href":"https:\/\/inces.gob.ve\/index.php\/wp-json\/wp\/v2\/posts\/29377","targetHints":{"allow":["GET"]}}],"collection":[{"href":"https:\/\/inces.gob.ve\/index.php\/wp-json\/wp\/v2\/posts"}],"about":[{"href":"https:\/\/inces.gob.ve\/index.php\/wp-json\/wp\/v2\/types\/post"}],"author":[{"embeddable":true,"href":"https:\/\/inces.gob.ve\/index.php\/wp-json\/wp\/v2\/users\/15"}],"replies":[{"embeddable":true,"href":"https:\/\/inces.gob.ve\/index.php\/wp-json\/wp\/v2\/comments?post=29377"}],"version-history":[{"count":1,"href":"https:\/\/inces.gob.ve\/index.php\/wp-json\/wp\/v2\/posts\/29377\/revisions"}],"predecessor-version":[{"id":29382,"href":"https:\/\/inces.gob.ve\/index.php\/wp-json\/wp\/v2\/posts\/29377\/revisions\/29382"}],"wp:featuredmedia":[{"embeddable":true,"href":"https:\/\/inces.gob.ve\/index.php\/wp-json\/wp\/v2\/media\/29381"}],"wp:attachment":[{"href":"https:\/\/inces.gob.ve\/index.php\/wp-json\/wp\/v2\/media?parent=29377"}],"wp:term":[{"taxonomy":"category","embeddable":true,"href":"https:\/\/inces.gob.ve\/index.php\/wp-json\/wp\/v2\/categories?post=29377"},{"taxonomy":"post_tag","embeddable":true,"href":"https:\/\/inces.gob.ve\/index.php\/wp-json\/wp\/v2\/tags?post=29377"}],"curies":[{"name":"wp","href":"https:\/\/api.w.org\/{rel}","templated":true}]}}