{"id":29383,"date":"2019-07-16T11:54:04","date_gmt":"2019-07-16T17:54:04","guid":{"rendered":"http:\/\/www.inces.gob.ve\/?p=29383"},"modified":"2020-05-28T20:28:31","modified_gmt":"2020-05-29T00:28:31","slug":"inces-conformo-primer-consejo-productivo-de-trabajadores","status":"publish","type":"post","link":"https:\/\/inces.gob.ve\/index.php\/2019\/07\/16\/inces-conformo-primer-consejo-productivo-de-trabajadores\/","title":{"rendered":"Inces conform\u00f3 Primer Consejo Productivo de Trabajadores"},"content":{"rendered":"<ol>\n<li>\n<p class=\"western\" lang=\"es-MX\" align=\"justify\"><span style=\"font-family: Arial, sans-serif;\"><span style=\"font-size: x-large;\"><i><b>** Es el primer CPT de la instituci\u00f3n que se forma en el pa\u00eds, dando cumplimiento a la Ley Constitucional de los Consejos Productivos de Trabajadores y Trabajadoras<\/b><\/i><\/span><\/span><\/p>\n<\/li>\n<li><\/li>\n<\/ol>\n<p><!--more--><\/p>\n<p class=\"western\" lang=\"es-MX\" align=\"justify\"><span style=\"font-family: Arial, sans-serif;\"><span style=\"font-size: x-large;\"><b>MIRIAM GONZ\u00c1LEZ VILLARROEL | Falc\u00f3n<\/b><\/span><\/span><\/p>\n<ol start=\"3\">\n<li>\n<p class=\"western\" lang=\"es-MX\" align=\"justify\"><span style=\"font-family: Arial, sans-serif;\"><span style=\"font-size: x-large;\">Por iniciativa de un grupo de trabajadores y trabajadoras del Instituto Nacional de Capacitaci\u00f3n y Educaci\u00f3n Socialista (Inces) en Falc\u00f3n, se celebr\u00f3 un encuentro en las instalaciones de la gerencia regional ante la presencia de representantes del Ministerio del Poder Popular para el Proceso Social del Trabajo (Mpppst), Milicia Bolivariana, Central Bolivariana de Trabajadores (CBT) e Inces Militar, con el prop\u00f3sito de conformar el primer Consejo Productivo de Trabajadores (CPT) en Coro.<\/span><\/span><\/p>\n<\/li>\n<li>\n<p class=\"western\" lang=\"es-MX\" align=\"justify\"><span style=\"font-family: Arial, sans-serif;\"><span style=\"font-size: x-large;\"><img loading=\"lazy\" decoding=\"async\" class=\"aligncenter wp-image-29385 size-full\" src=\"http:\/\/www.inces.gob.ve\/wp-content\/uploads\/2019\/07\/Inces-Consejo-Productivo4-.jpg\" alt=\"\" width=\"800\" height=\"476\" srcset=\"https:\/\/inces.gob.ve\/wp-content\/uploads\/2019\/07\/Inces-Consejo-Productivo4-.jpg 800w, https:\/\/inces.gob.ve\/wp-content\/uploads\/2019\/07\/Inces-Consejo-Productivo4--300x179.jpg 300w, https:\/\/inces.gob.ve\/wp-content\/uploads\/2019\/07\/Inces-Consejo-Productivo4--768x457.jpg 768w\" sizes=\"auto, (max-width: 800px) 100vw, 800px\" \/><\/span><\/span><\/p>\n<\/li>\n<\/ol>\n<p class=\"western\" lang=\"es-MX\" align=\"justify\">\n<p class=\"western\" lang=\"es-MX\" align=\"justify\"><span style=\"font-family: Arial, sans-serif;\"><span style=\"font-size: x-large;\">La apertura de la jornada estuvo a cargo de la Procuradora del Mpppst, Adriana Colina, quien inici\u00f3 su participaci\u00f3n hablando sobre la Ley Constitucional de los Consejos Productivos de Trabajadoras y Trabajadores, publicada en la gaceta oficial n\u00famero 41.336 del a\u00f1o 2018. Manifest\u00f3 Colina, la ley tiene por objeto regular la constituci\u00f3n, organizaci\u00f3n y funcionamiento de los Consejos Productivos de Trabajadores, los cuales tendr\u00e1n participaci\u00f3n en la gesti\u00f3n de la actividad productiva y distribuci\u00f3n de bienes y servicios en las entidades de trabajo.<\/span><\/span><\/p>\n<p class=\"western\" lang=\"es-MX\" align=\"justify\">\n<img loading=\"lazy\" decoding=\"async\" class=\"aligncenter wp-image-29386 size-full\" src=\"http:\/\/www.inces.gob.ve\/wp-content\/uploads\/2019\/07\/Inces-Consejo-Productivo2-.jpg\" alt=\"\" width=\"800\" height=\"333\" srcset=\"https:\/\/inces.gob.ve\/wp-content\/uploads\/2019\/07\/Inces-Consejo-Productivo2-.jpg 800w, https:\/\/inces.gob.ve\/wp-content\/uploads\/2019\/07\/Inces-Consejo-Productivo2--300x125.jpg 300w, https:\/\/inces.gob.ve\/wp-content\/uploads\/2019\/07\/Inces-Consejo-Productivo2--768x320.jpg 768w\" sizes=\"auto, (max-width: 800px) 100vw, 800px\" \/><\/p>\n<p class=\"western\" lang=\"es-MX\" align=\"justify\"><span style=\"font-family: Arial, sans-serif;\"><span style=\"font-size: x-large;\">Igualmente, Colina dio a los presentes orientaciones precisas para conformar el CPT, el cual persigue empoderar a la clase trabajadora para que mejore sus condiciones de vida. <\/span><\/span><\/p>\n<p class=\"western\" lang=\"es-MX\" align=\"justify\">\n<p class=\"western\" lang=\"es-MX\" align=\"justify\"><span style=\"font-family: Arial, sans-serif;\"><span style=\"font-size: x-large;\">Por su parte el coronel de la milicia del eje occidente, Ivan Medina, destac\u00f3 que el CPT es una instancia de participaci\u00f3n de la clase trabajadora, que tiene como atribuciones fundamentales conocer, evaluar y fiscalizar los procesos de producci\u00f3n, abastecimiento y distribuci\u00f3n de productos y servicios de la entidad de trabajo, as\u00ed como denunciar ante los \u00f3rganos competentes acciones contrarias al sistema socioecon\u00f3mico que rige al pa\u00eds.<\/span><\/span><\/p>\n<p class=\"western\" lang=\"es-MX\" align=\"justify\"><span style=\"font-family: Arial, sans-serif;\"><span style=\"font-size: x-large;\"><img loading=\"lazy\" decoding=\"async\" class=\"aligncenter wp-image-29387 size-full\" src=\"http:\/\/www.inces.gob.ve\/wp-content\/uploads\/2019\/07\/Inces-Consejo-Productivo1-.jpg\" alt=\"\" width=\"800\" height=\"351\" srcset=\"https:\/\/inces.gob.ve\/wp-content\/uploads\/2019\/07\/Inces-Consejo-Productivo1-.jpg 800w, https:\/\/inces.gob.ve\/wp-content\/uploads\/2019\/07\/Inces-Consejo-Productivo1--300x132.jpg 300w, https:\/\/inces.gob.ve\/wp-content\/uploads\/2019\/07\/Inces-Consejo-Productivo1--768x337.jpg 768w\" sizes=\"auto, (max-width: 800px) 100vw, 800px\" \/><\/span><\/span><\/p>\n<p class=\"western\" lang=\"es-MX\" align=\"justify\">\n<p class=\"western\" lang=\"es-MX\" align=\"justify\"><span style=\"font-family: Arial, sans-serif;\"><span style=\"font-size: x-large;\">En este mismo sentido Oscar Castillo de la CBT, felicit\u00f3 a los trabajadores por la iniciativa de haber convocado a establecer el CPT del Inces en Coro.<\/span><\/span><\/p>\n<p class=\"western\" lang=\"es-MX\" align=\"justify\">\n<p class=\"western\" lang=\"es-MX\" align=\"justify\"><span style=\"font-family: Arial, sans-serif;\"><span style=\"font-size: x-large;\"><b>Consejo Productivo de Trabajadores<\/b><\/span><\/span><\/p>\n<p class=\"western\" lang=\"es-MX\" align=\"justify\"><span style=\"font-family: Arial, sans-serif;\"><span style=\"font-size: x-large;\">Luego de realizadas las postulaciones y las votaciones respectivas, qued\u00f3 constitu\u00eddo el Consejo Productivo de Trabajadores del Inces Falc\u00f3n en Coro por: William Chirino por la Milicia; M\u00e9lida Arteaga por la Juventud; Lismar Salas, Mujer Productiva y por la Clase Trabajadora: Rafael Garc\u00eda, \u00c1ngel Medina, R\u00e9gulo Andara y Dany Borges.<\/span><\/span><\/p>\n<p class=\"western\" lang=\"es-MX\" align=\"justify\">\n<p class=\"western\" lang=\"es-MX\" align=\"justify\"><span style=\"font-family: Arial, sans-serif;\"><span style=\"font-size: x-large;\">Informaron los integrantes electos del CPT que en los pr\u00f3ximos d\u00edas se estar\u00e1 realizando un encuentro de trabajadores en Punto Fijo, espec\u00edficamente en el centro de formaci\u00f3n socialista \u201cAli Primera\u201d, para conformar el consejo productivo de trabajadores del Inces en la Pen\u00ednsula de Paraguan\u00e1.<\/span><\/span><\/p>\n<p class=\"western\" lang=\"es-MX\" align=\"justify\">\n","protected":false},"excerpt":{"rendered":"<p>** Es el primer CPT de la instituci\u00f3n que se forma en el pa\u00eds, dando cumplimiento a la Ley Constitucional de los Consejos Productivos de Trabajadores y Trabajadoras<\/p>\n","protected":false},"author":15,"featured_media":29386,"comment_status":"closed","ping_status":"closed","sticky":false,"template":"","format":"standard","meta":{"footnotes":""},"categories":[2],"tags":[],"class_list":["post-29383","post","type-post","status-publish","format-standard","has-post-thumbnail","hentry","category-blog"],"_links":{"self":[{"href":"https:\/\/inces.gob.ve\/index.php\/wp-json\/wp\/v2\/posts\/29383","targetHints":{"allow":["GET"]}}],"collection":[{"href":"https:\/\/inces.gob.ve\/index.php\/wp-json\/wp\/v2\/posts"}],"about":[{"href":"https:\/\/inces.gob.ve\/index.php\/wp-json\/wp\/v2\/types\/post"}],"author":[{"embeddable":true,"href":"https:\/\/inces.gob.ve\/index.php\/wp-json\/wp\/v2\/users\/15"}],"replies":[{"embeddable":true,"href":"https:\/\/inces.gob.ve\/index.php\/wp-json\/wp\/v2\/comments?post=29383"}],"version-history":[{"count":1,"href":"https:\/\/inces.gob.ve\/index.php\/wp-json\/wp\/v2\/posts\/29383\/revisions"}],"predecessor-version":[{"id":29388,"href":"https:\/\/inces.gob.ve\/index.php\/wp-json\/wp\/v2\/posts\/29383\/revisions\/29388"}],"wp:featuredmedia":[{"embeddable":true,"href":"https:\/\/inces.gob.ve\/index.php\/wp-json\/wp\/v2\/media\/29386"}],"wp:attachment":[{"href":"https:\/\/inces.gob.ve\/index.php\/wp-json\/wp\/v2\/media?parent=29383"}],"wp:term":[{"taxonomy":"category","embeddable":true,"href":"https:\/\/inces.gob.ve\/index.php\/wp-json\/wp\/v2\/categories?post=29383"},{"taxonomy":"post_tag","embeddable":true,"href":"https:\/\/inces.gob.ve\/index.php\/wp-json\/wp\/v2\/tags?post=29383"}],"curies":[{"name":"wp","href":"https:\/\/api.w.org\/{rel}","templated":true}]}}