{"id":29395,"date":"2019-07-16T12:13:41","date_gmt":"2019-07-16T18:13:41","guid":{"rendered":"http:\/\/www.inces.gob.ve\/?p=29395"},"modified":"2020-05-28T20:28:31","modified_gmt":"2020-05-29T00:28:31","slug":"aprendices-inces-elaboran-almuerzos-para-trabajadores-del-centro-de-formacion-rafael-urdaneta","status":"publish","type":"post","link":"https:\/\/inces.gob.ve\/index.php\/2019\/07\/16\/aprendices-inces-elaboran-almuerzos-para-trabajadores-del-centro-de-formacion-rafael-urdaneta\/","title":{"rendered":"Apr\u00e9ndices  Inces elaboran almuerzos para trabajadores del centro de formaci\u00f3n  Rafael Urdaneta"},"content":{"rendered":"<p align=\"justify\"><span style=\"font-family: Arial, sans-serif;\"><span style=\"font-size: x-large;\"><i><b>** Siete j\u00f3venes participantes del Programa Nacional de Aprendizaje en Cocina, dentro de sus pr\u00e1cticas de formaci\u00f3n, son los responsables de preparar las comidas para profesores y personal que labora en la sede del Inces ubicada en La Isabelica<\/b><\/i><\/span><\/span><!--more--><\/p>\n<p align=\"justify\">\n<p align=\"justify\"><span style=\"font-family: Arial, sans-serif;\"><span style=\"font-size: x-large;\"><b>ATILIA CORTEZ | Carabobo<\/b><\/span><\/span><\/p>\n<p align=\"justify\">\n<p align=\"justify\"><span style=\"font-family: Arial, sans-serif;\"><span style=\"font-size: x-large;\">En el marco del Programa Nacional de Aprendizaje (PNA) del Instituto Nacional de Capacitaci\u00f3n y Educaci\u00f3n Socialista (Inces) Carabobo, en el Programa de Cocina, un grupo de 7 j\u00f3venes son los encargados de elaborar los almuerzos para profesores y personal que labora en la sede donde se est\u00e1n capacitando, actividad comprendida dentro de sus pr\u00e1cticas profesionales.<\/span><\/span><\/p>\n<p align=\"justify\">\n<p align=\"justify\"><span style=\"font-family: Arial, sans-serif;\"><span style=\"font-size: x-large;\">Esta iniciativa se desarrolla en el centro de formaci\u00f3n socialista (CFS) \u201cRafael Urdaneta\u201d, ubicado en el sector La Isabelica del municipio Valencia, y que comprende un plan de ahorro de recursos para la instituci\u00f3n, la cual los provee de los insumos necesarios para la preparaci\u00f3n de los almuerzos.<\/span><\/span><\/p>\n<p align=\"justify\">\n<p align=\"justify\"><span style=\"font-family: Arial, sans-serif;\"><span style=\"font-size: x-large;\">Yorman Rosal, director del CFS Rafael Urdaneta, explic\u00f3 que este programa de formaci\u00f3n inici\u00f3 el pasado mes de noviembre del a\u00f1o 2018 y se prev\u00e9 tenga una duraci\u00f3n de 14 meses. \u201cPodemos acotar que es la primera iniciativa de este tipo que se desarrolla en la entidad carabobe\u00f1a\u201d, acot\u00f3.<\/span><\/span><\/p>\n<p align=\"justify\">\n<p align=\"justify\"><span style=\"font-family: Arial, sans-serif;\"><span style=\"font-size: x-large;\">Finalmente Rosal agreg\u00f3 que adem\u00e1s del programa de Cocina tambi\u00e9n se desarrolla en la instituci\u00f3n el programa de panader\u00eda \u201cdonde lo producido es distribuido en la misma sede\u201d.<\/span><\/span><\/p>\n","protected":false},"excerpt":{"rendered":"<p>** Siete j\u00f3venes participantes del Programa Nacional de Aprendizaje en Cocina, dentro de sus pr\u00e1cticas de formaci\u00f3n, son los responsables de preparar las comidas para profesores y personal que labora en la sede del Inces ubicada en La Isabelica<\/p>\n","protected":false},"author":15,"featured_media":29396,"comment_status":"closed","ping_status":"closed","sticky":false,"template":"","format":"standard","meta":{"footnotes":""},"categories":[2],"tags":[],"class_list":["post-29395","post","type-post","status-publish","format-standard","has-post-thumbnail","hentry","category-blog"],"_links":{"self":[{"href":"https:\/\/inces.gob.ve\/index.php\/wp-json\/wp\/v2\/posts\/29395","targetHints":{"allow":["GET"]}}],"collection":[{"href":"https:\/\/inces.gob.ve\/index.php\/wp-json\/wp\/v2\/posts"}],"about":[{"href":"https:\/\/inces.gob.ve\/index.php\/wp-json\/wp\/v2\/types\/post"}],"author":[{"embeddable":true,"href":"https:\/\/inces.gob.ve\/index.php\/wp-json\/wp\/v2\/users\/15"}],"replies":[{"embeddable":true,"href":"https:\/\/inces.gob.ve\/index.php\/wp-json\/wp\/v2\/comments?post=29395"}],"version-history":[{"count":1,"href":"https:\/\/inces.gob.ve\/index.php\/wp-json\/wp\/v2\/posts\/29395\/revisions"}],"predecessor-version":[{"id":29397,"href":"https:\/\/inces.gob.ve\/index.php\/wp-json\/wp\/v2\/posts\/29395\/revisions\/29397"}],"wp:featuredmedia":[{"embeddable":true,"href":"https:\/\/inces.gob.ve\/index.php\/wp-json\/wp\/v2\/media\/29396"}],"wp:attachment":[{"href":"https:\/\/inces.gob.ve\/index.php\/wp-json\/wp\/v2\/media?parent=29395"}],"wp:term":[{"taxonomy":"category","embeddable":true,"href":"https:\/\/inces.gob.ve\/index.php\/wp-json\/wp\/v2\/categories?post=29395"},{"taxonomy":"post_tag","embeddable":true,"href":"https:\/\/inces.gob.ve\/index.php\/wp-json\/wp\/v2\/tags?post=29395"}],"curies":[{"name":"wp","href":"https:\/\/api.w.org\/{rel}","templated":true}]}}