{"id":29398,"date":"2019-07-16T12:29:09","date_gmt":"2019-07-16T18:29:09","guid":{"rendered":"http:\/\/www.inces.gob.ve\/?p=29398"},"modified":"2020-05-28T20:28:31","modified_gmt":"2020-05-29T00:28:31","slug":"inces-bolivar-conmemoro-los-257-anos-de-upata-con-jornada-social","status":"publish","type":"post","link":"https:\/\/inces.gob.ve\/index.php\/2019\/07\/16\/inces-bolivar-conmemoro-los-257-anos-de-upata-con-jornada-social\/","title":{"rendered":"Inces Bol\u00edvar conmemor\u00f3 los 257 a\u00f1os de Upata con Jornada Social"},"content":{"rendered":"<p align=\"justify\"><span style=\"font-family: Arial, sans-serif;\"><span style=\"font-size: x-large;\"><i><b>** Habitantes aprovecharon la oportunidad para realizar tr\u00e1mites con el Seniat, Saime, Seguro Social y Registro P\u00fablico.<\/b><\/i><\/span><\/span><\/p>\n<p align=\"justify\"><!--more--><\/p>\n<p align=\"justify\"><span style=\"font-family: Arial, sans-serif;\"><span style=\"font-size: x-large;\"><b>ALEXSSIA THOMAS | Bol\u00edvar <\/b><\/span><\/span><\/p>\n<p align=\"justify\">\n<p align=\"justify\"><span style=\"font-family: Arial, sans-serif;\"><span style=\"font-size: x-large;\">Inces Bol\u00edvar dijo presente en la gran jornada social integral, liderada por la alcaldesa de la entidad, Yulisbeth Garc\u00eda, la cual se realiz\u00f3 en el marco del aniversario de la fundaci\u00f3n de Villa del Yocoima, en la ciudad de Upata, municpio Piar.<\/span><\/span><\/p>\n<p align=\"justify\">\n<p align=\"justify\"><span style=\"font-family: Arial, sans-serif;\"><span style=\"font-size: x-large;\">Con la finalidad de llevar alegr\u00eda y garantizar la estabilidad del pueblo Upatense, la Oficina de Atenci\u00f3n al Ciudadano del Inces, apoy\u00f3 en la organizaci\u00f3n en la jornada de atenci\u00f3n m\u00e9dica realizada en la plaza Bol\u00edvar, donde se atendieron a m\u00e1s de 2.523 personas en medicina general, optometr\u00eda, oftalmolog\u00eda, odontolog\u00eda, realizaci\u00f3n de electrocardiogramas y entrega de medicinas. <\/span><\/span><\/p>\n<p align=\"justify\">\n<p align=\"justify\">\n<p align=\"justify\"><span style=\"font-family: Arial, sans-serif;\"><span style=\"font-size: x-large;\">Asimismo las brigadas productivas de barber\u00eda del CFS Cacique Yocoima realizaron una hermosa labor social, atendiendo a ni\u00f1os, j\u00f3venes y adultos mayores con cortes de cabello, secado y planchado.<\/span><\/span><\/p>\n<p align=\"justify\"><span style=\"font-family: Arial, sans-serif;\"><span style=\"font-size: x-large;\">La alcaldesa reafirm\u00f3 su compromiso de seguir trabajando para responder a las necesidades presentadas por las comunidades y as\u00ed fortalecer los planes de acci\u00f3n emanados del gobierno bolivariano bajo la direcci\u00f3n del presidente Nicol\u00e1s Maduro Moros.<\/span><\/span><\/p>\n<p align=\"justify\">\n<p align=\"justify\"><span style=\"font-family: Arial, sans-serif;\"><span style=\"font-size: x-large;\">Por su parte, habitantes del municipio Piar se sintieron agradecidos en cuanto al embellecimiento que se la ha dado a la ciudad a trav\u00e9s de la Misi\u00f3n Venezuela Bella, y a las jornadas que se han hecho en marco del gobierno de eficiencia en la calle. De igual modo exhortaron al gobierno regional a seguir garantizando a la regi\u00f3n soberan\u00eda alimentaria y bienestar social.<\/span><\/span><\/p>\n<p align=\"justify\">\n","protected":false},"excerpt":{"rendered":"<p>** Habitantes aprovecharon la oportunidad para realizar tr\u00e1mites con el Seniat, Saime, Seguro Social y Registro P\u00fablico.<\/p>\n","protected":false},"author":15,"featured_media":29403,"comment_status":"closed","ping_status":"closed","sticky":false,"template":"","format":"standard","meta":{"footnotes":""},"categories":[2],"tags":[],"class_list":["post-29398","post","type-post","status-publish","format-standard","has-post-thumbnail","hentry","category-blog"],"_links":{"self":[{"href":"https:\/\/inces.gob.ve\/index.php\/wp-json\/wp\/v2\/posts\/29398","targetHints":{"allow":["GET"]}}],"collection":[{"href":"https:\/\/inces.gob.ve\/index.php\/wp-json\/wp\/v2\/posts"}],"about":[{"href":"https:\/\/inces.gob.ve\/index.php\/wp-json\/wp\/v2\/types\/post"}],"author":[{"embeddable":true,"href":"https:\/\/inces.gob.ve\/index.php\/wp-json\/wp\/v2\/users\/15"}],"replies":[{"embeddable":true,"href":"https:\/\/inces.gob.ve\/index.php\/wp-json\/wp\/v2\/comments?post=29398"}],"version-history":[{"count":1,"href":"https:\/\/inces.gob.ve\/index.php\/wp-json\/wp\/v2\/posts\/29398\/revisions"}],"predecessor-version":[{"id":29404,"href":"https:\/\/inces.gob.ve\/index.php\/wp-json\/wp\/v2\/posts\/29398\/revisions\/29404"}],"wp:featuredmedia":[{"embeddable":true,"href":"https:\/\/inces.gob.ve\/index.php\/wp-json\/wp\/v2\/media\/29403"}],"wp:attachment":[{"href":"https:\/\/inces.gob.ve\/index.php\/wp-json\/wp\/v2\/media?parent=29398"}],"wp:term":[{"taxonomy":"category","embeddable":true,"href":"https:\/\/inces.gob.ve\/index.php\/wp-json\/wp\/v2\/categories?post=29398"},{"taxonomy":"post_tag","embeddable":true,"href":"https:\/\/inces.gob.ve\/index.php\/wp-json\/wp\/v2\/tags?post=29398"}],"curies":[{"name":"wp","href":"https:\/\/api.w.org\/{rel}","templated":true}]}}