{"id":29423,"date":"2019-07-17T07:01:24","date_gmt":"2019-07-17T13:01:24","guid":{"rendered":"http:\/\/www.inces.gob.ve\/?p=29423"},"modified":"2020-05-28T20:28:31","modified_gmt":"2020-05-29T00:28:31","slug":"desde-la-empresa-fitca-se-graduo-un-grupo-de-bachilleres-productivos-inces","status":"publish","type":"post","link":"https:\/\/inces.gob.ve\/index.php\/2019\/07\/17\/desde-la-empresa-fitca-se-graduo-un-grupo-de-bachilleres-productivos-inces\/","title":{"rendered":"Desde la empresa Fitca se gradu\u00f3 un grupo de Bachilleres Productivos Inces"},"content":{"rendered":"<p align=\"justify\"><span style=\"font-family: Arial, sans-serif;\"><span style=\"font-size: x-large;\">**<i><b>Contin\u00faa la entrega de t\u00edtulos de Bachiller con perfil productivo Inces. <\/b><\/i><i><b>E<\/b><\/i><i><b>n esta ocasi<\/b><\/i><i><b>\u00f3<\/b><\/i><i><b>n, un grupo de trabajadores de la entidad de trabajo Figor\u00edfico Industrial Turmero C.A (Fitca) y una dama de la comunidad recibieron su t\u00edtulo de bachiller productivo en Inspector en Prevenci\u00f3n de Riesgos Laborales.<\/b><\/i><\/span><\/span><!--more--><\/p>\n<p align=\"justify\">\n<p align=\"justify\"><span style=\"font-family: Arial, sans-serif;\"><span style=\"font-size: x-large;\"><b><i>PRENSA INCES ARAGUA<\/i><\/b><\/span><\/span><\/p>\n<p align=\"justify\"><span style=\"font-family: Arial, sans-serif;\"><span style=\"font-size: x-large;\">Fueron cinco caballeros y dos damas quienes se formaron desde el ambiente creado en la empresa ubicada en la prolongaci\u00f3n de la avenida Berm\u00fadez, v\u00eda La Julia, Turmero, municipio Mari\u00f1o.<\/span><\/span><\/p>\n<p align=\"justify\"><span style=\"font-family: Arial, sans-serif;\"><span style=\"font-size: x-large;\">Durante el acto de graduaci\u00f3n estuvieron presentes el coordinador de la U.E Inces Aragua Sim\u00f3n Navarro, la responsable de control de estudios, Carmen Jaramillo; adem\u00e1s la coordinadora de Bachillerato Productivo, Angie Chourio y representantes de Recursos Humanos de Fitca.<\/span><\/span><\/p>\n<p align=\"justify\"><span style=\"font-family: Arial, sans-serif;\"><span style=\"font-size: x-large;\"><img loading=\"lazy\" decoding=\"async\" class=\"aligncenter wp-image-29427 size-full\" src=\"http:\/\/www.inces.gob.ve\/wp-content\/uploads\/2019\/07\/Inces-Bachilleres-Productivos-1-.jpg\" alt=\"\" width=\"850\" height=\"638\" srcset=\"https:\/\/inces.gob.ve\/wp-content\/uploads\/2019\/07\/Inces-Bachilleres-Productivos-1-.jpg 850w, https:\/\/inces.gob.ve\/wp-content\/uploads\/2019\/07\/Inces-Bachilleres-Productivos-1--300x225.jpg 300w, https:\/\/inces.gob.ve\/wp-content\/uploads\/2019\/07\/Inces-Bachilleres-Productivos-1--768x576.jpg 768w, https:\/\/inces.gob.ve\/wp-content\/uploads\/2019\/07\/Inces-Bachilleres-Productivos-1--136x102.jpg 136w\" sizes=\"auto, (max-width: 850px) 100vw, 850px\" \/><\/span><\/span><\/p>\n<p align=\"justify\">\n<p align=\"justify\"><span style=\"font-family: Arial, sans-serif;\"><span style=\"font-size: x-large;\"><b>Discurso del Bachiller<\/b><\/span><\/span><\/p>\n<p align=\"justify\"><span style=\"font-family: Arial, sans-serif;\"><span style=\"font-size: x-large;\">Luego de la entrega de los t\u00edtulos, junto a su certificado productivo Inces, el bachiller y tambi\u00e9n formador en entidades de trabajo (FET), Orlando Cort\u00e9z, fue el encargado de emitir el discurso en nombre de sus compa\u00f1eros.<\/span><\/span><\/p>\n<p align=\"justify\">\n<p align=\"justify\"><span style=\"font-family: Arial, sans-serif;\"><span style=\"font-size: x-large;\">\u00abNos sentimos agradecidos con el Inces y los profesores por el apoyo que nos brindaron todo este tiempo. Por ense\u00f1arnos y por formarnos en las diferentes \u00e1reas. A pesar que tuvimos des\u00e1nimo al principio; nos dimos cuenta que al aprender nuevas cosas tenemos posibilidad de mejorar en nuestros trabajos\u00bb. <\/span><\/span><\/p>\n<p align=\"justify\"><img loading=\"lazy\" decoding=\"async\" class=\"aligncenter wp-image-29426 size-full\" src=\"http:\/\/www.inces.gob.ve\/wp-content\/uploads\/2019\/07\/Inces-Bachilleres-Productivos-2-.jpg\" alt=\"\" width=\"850\" height=\"638\" srcset=\"https:\/\/inces.gob.ve\/wp-content\/uploads\/2019\/07\/Inces-Bachilleres-Productivos-2-.jpg 850w, https:\/\/inces.gob.ve\/wp-content\/uploads\/2019\/07\/Inces-Bachilleres-Productivos-2--300x225.jpg 300w, https:\/\/inces.gob.ve\/wp-content\/uploads\/2019\/07\/Inces-Bachilleres-Productivos-2--768x576.jpg 768w, https:\/\/inces.gob.ve\/wp-content\/uploads\/2019\/07\/Inces-Bachilleres-Productivos-2--136x102.jpg 136w\" sizes=\"auto, (max-width: 850px) 100vw, 850px\" \/><\/p>\n<p align=\"justify\"><span style=\"font-family: Arial, sans-serif;\"><span style=\"font-size: x-large;\">Agreg\u00f3 que es ahora labor de este grupo animar a los dem\u00e1s compa\u00f1eros y a los nuevos ingresos de esta empresa para que crean en este programa Inces, para que puedan obtener m\u00e1s conocimientos y recibir sus t\u00edtulos; pues con ello podr\u00e1n continuar sus estudios universitarios seg\u00fan el \u00e1rea de su inter\u00e9s. <\/span><\/span><\/p>\n<p align=\"justify\">\n<p align=\"justify\"><img loading=\"lazy\" decoding=\"async\" class=\"aligncenter wp-image-29425 size-full\" src=\"http:\/\/www.inces.gob.ve\/wp-content\/uploads\/2019\/07\/Inces-Bachilleres-Productivos-3-.jpg\" alt=\"\" width=\"850\" height=\"638\" srcset=\"https:\/\/inces.gob.ve\/wp-content\/uploads\/2019\/07\/Inces-Bachilleres-Productivos-3-.jpg 850w, https:\/\/inces.gob.ve\/wp-content\/uploads\/2019\/07\/Inces-Bachilleres-Productivos-3--300x225.jpg 300w, https:\/\/inces.gob.ve\/wp-content\/uploads\/2019\/07\/Inces-Bachilleres-Productivos-3--768x576.jpg 768w, https:\/\/inces.gob.ve\/wp-content\/uploads\/2019\/07\/Inces-Bachilleres-Productivos-3--136x102.jpg 136w\" sizes=\"auto, (max-width: 850px) 100vw, 850px\" \/><\/p>\n<p align=\"justify\"><span style=\"font-family: Arial, sans-serif;\"><span style=\"font-size: x-large;\">Por su parte, Navarro felicit\u00f3 a los graduandos resaltando la constancia durante las 20 semanas de formaci\u00f3n; donde develaron sus conocimientos en las \u00e1reas de qu\u00edmica, f\u00edsica, ciencias naturales, memoria, territorio y ciudadan\u00eda y lenguaje.<\/span><\/span><\/p>\n<p align=\"justify\">\n","protected":false},"excerpt":{"rendered":"<p>**Contin\u00faa la entrega de t\u00edtulos de Bachiller con perfil productivo Inces. En esta ocasi\u00f3n, un grupo de trabajadores de la entidad de trabajo Figor\u00edfico Industrial Turmero C.A (Fitca) y una dama de la comunidad recibieron su t\u00edtulo de bachiller productivo en Inspector en Prevenci\u00f3n de Riesgos Laborales.<\/p>\n","protected":false},"author":15,"featured_media":29424,"comment_status":"closed","ping_status":"closed","sticky":false,"template":"","format":"standard","meta":{"footnotes":""},"categories":[2],"tags":[],"class_list":["post-29423","post","type-post","status-publish","format-standard","has-post-thumbnail","hentry","category-blog"],"_links":{"self":[{"href":"https:\/\/inces.gob.ve\/index.php\/wp-json\/wp\/v2\/posts\/29423","targetHints":{"allow":["GET"]}}],"collection":[{"href":"https:\/\/inces.gob.ve\/index.php\/wp-json\/wp\/v2\/posts"}],"about":[{"href":"https:\/\/inces.gob.ve\/index.php\/wp-json\/wp\/v2\/types\/post"}],"author":[{"embeddable":true,"href":"https:\/\/inces.gob.ve\/index.php\/wp-json\/wp\/v2\/users\/15"}],"replies":[{"embeddable":true,"href":"https:\/\/inces.gob.ve\/index.php\/wp-json\/wp\/v2\/comments?post=29423"}],"version-history":[{"count":1,"href":"https:\/\/inces.gob.ve\/index.php\/wp-json\/wp\/v2\/posts\/29423\/revisions"}],"predecessor-version":[{"id":29428,"href":"https:\/\/inces.gob.ve\/index.php\/wp-json\/wp\/v2\/posts\/29423\/revisions\/29428"}],"wp:featuredmedia":[{"embeddable":true,"href":"https:\/\/inces.gob.ve\/index.php\/wp-json\/wp\/v2\/media\/29424"}],"wp:attachment":[{"href":"https:\/\/inces.gob.ve\/index.php\/wp-json\/wp\/v2\/media?parent=29423"}],"wp:term":[{"taxonomy":"category","embeddable":true,"href":"https:\/\/inces.gob.ve\/index.php\/wp-json\/wp\/v2\/categories?post=29423"},{"taxonomy":"post_tag","embeddable":true,"href":"https:\/\/inces.gob.ve\/index.php\/wp-json\/wp\/v2\/tags?post=29423"}],"curies":[{"name":"wp","href":"https:\/\/api.w.org\/{rel}","templated":true}]}}