{"id":29517,"date":"2019-07-19T09:19:12","date_gmt":"2019-07-19T15:19:12","guid":{"rendered":"http:\/\/www.inces.gob.ve\/?p=29517"},"modified":"2020-05-28T20:28:30","modified_gmt":"2020-05-29T00:28:30","slug":"inces-merida-redobla-el-paso-para-formar-a-32-mil-participantes","status":"publish","type":"post","link":"https:\/\/inces.gob.ve\/index.php\/2019\/07\/19\/inces-merida-redobla-el-paso-para-formar-a-32-mil-participantes\/","title":{"rendered":"Inces M\u00e9rida redobla el paso para formar a 32 mil participantes"},"content":{"rendered":"<p align=\"justify\"><span style=\"font-family: Arial, sans-serif;\"><span style=\"font-size: large;\"><i><b>** La instituci\u00f3n fundada por el maestro Luis Beltr\u00e1n Prieto Figueroa hace 60 a\u00f1os tiene como meta para el segundo semestre del a\u00f1o formar y atender a un mill\u00f3n de personas a lo largo y ancho del pa\u00eds<\/b><\/i><\/span><\/span><!--more--><\/p>\n<p align=\"justify\">\n<p align=\"justify\"><span style=\"font-family: Arial, sans-serif;\"><span style=\"font-size: large;\"><b>NADIA LOBO | M\u00e9rida<\/b><\/span><\/span><\/p>\n<p align=\"justify\"><span style=\"font-family: Arial, sans-serif;\"><span style=\"font-size: large;\">Siguiendo lineamientos del presidente del Inces, Wuikelman Angel Paredes y en procura de alcanzar los objetivos del Plan de la Patria 2019-2023, la gerente regional Marlibeth Colina inform\u00f3 que la instituci\u00f3n dirige toda su fortaleza t\u00e9cnica y humana hacia la formaci\u00f3n y capacitaci\u00f3n de la juventud productiva, para alcanzar la meta de atender a finales de a\u00f1o a m\u00e1s de 32 mil participantes tanto en la formaci\u00f3n como en acreditaci\u00f3n.<\/span><\/span><\/p>\n<p align=\"justify\">\n<p align=\"justify\"><span style=\"font-family: Arial, sans-serif;\"><span style=\"font-size: large;\">En este sentido, indic\u00f3 que para el segundo semestre del a\u00f1o se afina la maquinaria, talleres y equipos de trabajo en los centros de formaci\u00f3n socialista (CFS) los cuales ha supervisado personalmente, no solo para conocer los proyectos productivos, sino para enterarse de las necesidades reales y log\u00edsticas que se requieren para poder atender la demanda formativa y la acreditaci\u00f3n que se desarrolla a lo largo y ancho de la entidad meride\u00f1a.<\/span><\/span><\/p>\n<p><img loading=\"lazy\" decoding=\"async\" class=\"wp-image-29520 size-full\" src=\"http:\/\/www.inces.gob.ve\/wp-content\/uploads\/2019\/07\/Inces-paso-para-formar-1-.jpg\" alt=\"\" width=\"700\" height=\"525\" srcset=\"https:\/\/inces.gob.ve\/wp-content\/uploads\/2019\/07\/Inces-paso-para-formar-1-.jpg 700w, https:\/\/inces.gob.ve\/wp-content\/uploads\/2019\/07\/Inces-paso-para-formar-1--300x225.jpg 300w, https:\/\/inces.gob.ve\/wp-content\/uploads\/2019\/07\/Inces-paso-para-formar-1--136x102.jpg 136w\" sizes=\"auto, (max-width: 700px) 100vw, 700px\" \/><\/p>\n<p align=\"justify\"><span style=\"font-family: Arial, sans-serif;\"><span style=\"font-size: large;\">La titular del Inces <\/span><\/span><span style=\"font-family: Arial, sans-serif;\"><span style=\"font-size: large;\">M\u00e9rida <\/span><\/span><span style=\"font-family: Arial, sans-serif;\"><span style=\"font-size: large;\">destac\u00f3 las oportunidades que los j\u00f3venes meride\u00f1os, a trav\u00e9s del Plan Chamba Juvenil, tienen en <\/span><\/span><span style=\"font-family: Arial, sans-serif;\"><span style=\"font-size: large;\">e<\/span><\/span><span style=\"font-family: Arial, sans-serif;\"><span style=\"font-size: large;\">sta instituci\u00f3n, dedicada por 60 a\u00f1os a la formaci\u00f3n y a la capacitaci\u00f3n en diferentes oficios productivos. As\u00ed como la incorporaci\u00f3n de los aprendices a las entidades de trabajo con el Programa Nacional de Aprendizaje (PNA), donde se desarrollan nuevas <\/span><\/span><strong><span style=\"font-family: Arial, sans-serif;\"><span style=\"font-size: large;\">fuerzas productivas<\/span><\/span><\/strong><span style=\"font-family: Arial, sans-serif;\"><span style=\"font-size: large;\">, como alternativa al nuevo modelo socialista.<\/span><\/span><\/p>\n<p align=\"justify\">\n<p align=\"justify\"><span style=\"font-family: Arial, sans-serif;\"><span style=\"font-size: large;\">Explic\u00f3 igualmente que el Plan de Formaci\u00f3n y Autoformaci\u00f3n Productiva Inces 2019 tiene como meta establecida atender un n\u00famero importante de j\u00f3venes, hombres y mujeres productivas, tomando como base las l\u00edneas planteadas por el presidente Nicol\u00e1s Maduro, con el objetivo de garantizar el cabal cumplimiento del Programa de Recuperaci\u00f3n, Crecimiento y Prosperidad Econ\u00f3mica.<\/span><\/span><\/p>\n<p align=\"justify\"><span style=\"font-family: Arial, sans-serif;\"><span style=\"font-size: large;\"><img loading=\"lazy\" decoding=\"async\" class=\"aligncenter wp-image-29519 size-full\" src=\"http:\/\/www.inces.gob.ve\/wp-content\/uploads\/2019\/07\/Inces-paso-para-formar-2-.jpg\" alt=\"\" width=\"700\" height=\"525\" srcset=\"https:\/\/inces.gob.ve\/wp-content\/uploads\/2019\/07\/Inces-paso-para-formar-2-.jpg 700w, https:\/\/inces.gob.ve\/wp-content\/uploads\/2019\/07\/Inces-paso-para-formar-2--300x225.jpg 300w, https:\/\/inces.gob.ve\/wp-content\/uploads\/2019\/07\/Inces-paso-para-formar-2--136x102.jpg 136w\" sizes=\"auto, (max-width: 700px) 100vw, 700px\" \/><\/span><\/span><\/p>\n<p align=\"justify\"><span style=\"font-family: Arial, sans-serif;\"><span style=\"font-size: large;\">En este sentido, se afina la maquinaria, talleres y equipos de trabajo en los CFS cada uno con proyectos productivos que van desde la siembra y procesamiento del caf\u00e9, caraota, preparaci\u00f3n de productos l\u00e1cteos de manera artesanal, hasta la elaboraci\u00f3n de pan a precios justos para beneficiar a las comunidades vecinas.<\/span><\/span><\/p>\n","protected":false},"excerpt":{"rendered":"<p>** La instituci\u00f3n fundada por el maestro Luis Beltr\u00e1n Prieto Figueroa hace 60 a\u00f1os tiene como meta para el segundo semestre del a\u00f1o formar y atender a un mill\u00f3n de personas a lo largo y ancho del pa\u00eds<\/p>\n","protected":false},"author":15,"featured_media":29518,"comment_status":"closed","ping_status":"closed","sticky":false,"template":"","format":"standard","meta":{"footnotes":""},"categories":[2],"tags":[],"class_list":["post-29517","post","type-post","status-publish","format-standard","has-post-thumbnail","hentry","category-blog"],"_links":{"self":[{"href":"https:\/\/inces.gob.ve\/index.php\/wp-json\/wp\/v2\/posts\/29517","targetHints":{"allow":["GET"]}}],"collection":[{"href":"https:\/\/inces.gob.ve\/index.php\/wp-json\/wp\/v2\/posts"}],"about":[{"href":"https:\/\/inces.gob.ve\/index.php\/wp-json\/wp\/v2\/types\/post"}],"author":[{"embeddable":true,"href":"https:\/\/inces.gob.ve\/index.php\/wp-json\/wp\/v2\/users\/15"}],"replies":[{"embeddable":true,"href":"https:\/\/inces.gob.ve\/index.php\/wp-json\/wp\/v2\/comments?post=29517"}],"version-history":[{"count":1,"href":"https:\/\/inces.gob.ve\/index.php\/wp-json\/wp\/v2\/posts\/29517\/revisions"}],"predecessor-version":[{"id":29521,"href":"https:\/\/inces.gob.ve\/index.php\/wp-json\/wp\/v2\/posts\/29517\/revisions\/29521"}],"wp:featuredmedia":[{"embeddable":true,"href":"https:\/\/inces.gob.ve\/index.php\/wp-json\/wp\/v2\/media\/29518"}],"wp:attachment":[{"href":"https:\/\/inces.gob.ve\/index.php\/wp-json\/wp\/v2\/media?parent=29517"}],"wp:term":[{"taxonomy":"category","embeddable":true,"href":"https:\/\/inces.gob.ve\/index.php\/wp-json\/wp\/v2\/categories?post=29517"},{"taxonomy":"post_tag","embeddable":true,"href":"https:\/\/inces.gob.ve\/index.php\/wp-json\/wp\/v2\/tags?post=29517"}],"curies":[{"name":"wp","href":"https:\/\/api.w.org\/{rel}","templated":true}]}}