{"id":29522,"date":"2019-07-19T09:30:09","date_gmt":"2019-07-19T15:30:09","guid":{"rendered":"http:\/\/www.inces.gob.ve\/?p=29522"},"modified":"2020-05-28T20:28:30","modified_gmt":"2020-05-29T00:28:30","slug":"brigadas-de-barberia-atienden-a-comunidades-indigenas","status":"publish","type":"post","link":"https:\/\/inces.gob.ve\/index.php\/2019\/07\/19\/brigadas-de-barberia-atienden-a-comunidades-indigenas\/","title":{"rendered":"Brigadas de Barber\u00eda atienden a comunidades ind\u00edgenas"},"content":{"rendered":"<p align=\"justify\"><span style=\"font-family: Arial, sans-serif;\"><span style=\"font-size: x-large;\"><i><b>** Esta jornada se llevar\u00e1 a cabo el pr\u00f3ximo 22 de julio en la parroquia Los Pijiguaos<\/b><\/i><\/span><\/span><\/p>\n<p align=\"justify\"><!--more--><\/p>\n<p align=\"justify\"><span style=\"font-family: Arial, sans-serif;\"><span style=\"font-size: x-large;\"><b>ALEXSSIA THOMAS | Bol\u00edvar <\/b><\/span><\/span><\/p>\n<p align=\"justify\">\n<p align=\"justify\"><span style=\"font-family: Arial, sans-serif;\"><span style=\"font-size: x-large;\">Familias de la comunidad ind\u00edgena Warao (Niaravaca), ubicada en la UD102 de San F\u00e9lix, fueron beneficiadas con una jornada de abordaje integral como parte del Plan de Acci\u00f3n a las V\u00edctimas de la Guerra Econ\u00f3mica. <\/span><\/span><\/p>\n<p align=\"justify\">\n<p align=\"justify\"><span style=\"font-family: Arial, sans-serif;\"><span style=\"font-size: x-large;\">En esta oportunidad el coordinador de Juventud Productiva Inces, Pedro Paiva y las Brigadas Productivas de Barber\u00eda del centro de formaci\u00f3n \u201cManuel Carlos Piar\u201d, atendieron con cortes de cabello, secado y planchado a 50 ind\u00edgenas. <\/span><\/span><\/p>\n<p align=\"justify\"><span style=\"font-family: Arial, sans-serif;\"><span style=\"font-size: x-large;\"><img loading=\"lazy\" decoding=\"async\" class=\"aligncenter wp-image-29524 size-full\" src=\"http:\/\/www.inces.gob.ve\/wp-content\/uploads\/2019\/07\/Inces-comunidades-ind\u00edgenas-2-.jpg\" alt=\"\" width=\"800\" height=\"867\" srcset=\"https:\/\/inces.gob.ve\/wp-content\/uploads\/2019\/07\/Inces-comunidades-ind\u00edgenas-2-.jpg 800w, https:\/\/inces.gob.ve\/wp-content\/uploads\/2019\/07\/Inces-comunidades-ind\u00edgenas-2--277x300.jpg 277w, https:\/\/inces.gob.ve\/wp-content\/uploads\/2019\/07\/Inces-comunidades-ind\u00edgenas-2--768x832.jpg 768w\" sizes=\"auto, (max-width: 800px) 100vw, 800px\" \/><\/span><\/span><\/p>\n<p align=\"justify\"><span style=\"font-family: Arial, sans-serif;\"><span style=\"font-size: x-large;\">En la actividad estuvo presente el Instituto de Salud P\u00fablica, Defensa P\u00fablica, Barrio Adentro y el gabinete social del estado, los cuales brindaron atenci\u00f3n m\u00e9dica general, jornada de vacunaci\u00f3n, entrega de medicamentos, desparasitantes, anticonceptivos, despistaje de di\u00e1betes y examen de gota gruesa para el descarte de paludismo.<\/span><\/span><\/p>\n<p align=\"justify\">\n<p align=\"justify\"><span style=\"font-family: Arial, sans-serif;\"><span style=\"font-size: x-large;\">De igual modo se ejecut\u00f3 un plan de fumigaci\u00f3n, desmalezamiento y cercado para evitar el paludismo y otras enfermedades en esta temporada de lluvia. Esta labor se har\u00e1 en las poblaciones ind\u00edgenas visitadas. <\/span><\/span><\/p>\n<p align=\"justify\"><img loading=\"lazy\" decoding=\"async\" class=\"aligncenter wp-image-29525 size-full\" src=\"http:\/\/www.inces.gob.ve\/wp-content\/uploads\/2019\/07\/Inces-comunidades-ind\u00edgenas-1-.jpg\" alt=\"\" width=\"800\" height=\"792\" srcset=\"https:\/\/inces.gob.ve\/wp-content\/uploads\/2019\/07\/Inces-comunidades-ind\u00edgenas-1-.jpg 800w, https:\/\/inces.gob.ve\/wp-content\/uploads\/2019\/07\/Inces-comunidades-ind\u00edgenas-1--150x150.jpg 150w, https:\/\/inces.gob.ve\/wp-content\/uploads\/2019\/07\/Inces-comunidades-ind\u00edgenas-1--300x297.jpg 300w, https:\/\/inces.gob.ve\/wp-content\/uploads\/2019\/07\/Inces-comunidades-ind\u00edgenas-1--768x760.jpg 768w\" sizes=\"auto, (max-width: 800px) 100vw, 800px\" \/><\/p>\n<p align=\"justify\"><span style=\"font-family: Arial, sans-serif;\"><span style=\"font-size: x-large;\">Gracias a las alianzas entre instituciones, el Inces se une al gobierno eficiente en la calle y una vez m\u00e1s da respuesta, llevando bienestar social y alegr\u00eda a las comunidades m\u00e1s vulnerables que sufren este bloqueo econ\u00f3mico. <\/span><\/span><\/p>\n<p align=\"justify\">\n","protected":false},"excerpt":{"rendered":"<p>** Esta jornada se llevar\u00e1 a cabo el pr\u00f3ximo 22 de julio en la parroquia Los Pijiguaos<\/p>\n","protected":false},"author":15,"featured_media":29523,"comment_status":"closed","ping_status":"closed","sticky":false,"template":"","format":"standard","meta":{"footnotes":""},"categories":[2],"tags":[],"class_list":["post-29522","post","type-post","status-publish","format-standard","has-post-thumbnail","hentry","category-blog"],"_links":{"self":[{"href":"https:\/\/inces.gob.ve\/index.php\/wp-json\/wp\/v2\/posts\/29522","targetHints":{"allow":["GET"]}}],"collection":[{"href":"https:\/\/inces.gob.ve\/index.php\/wp-json\/wp\/v2\/posts"}],"about":[{"href":"https:\/\/inces.gob.ve\/index.php\/wp-json\/wp\/v2\/types\/post"}],"author":[{"embeddable":true,"href":"https:\/\/inces.gob.ve\/index.php\/wp-json\/wp\/v2\/users\/15"}],"replies":[{"embeddable":true,"href":"https:\/\/inces.gob.ve\/index.php\/wp-json\/wp\/v2\/comments?post=29522"}],"version-history":[{"count":1,"href":"https:\/\/inces.gob.ve\/index.php\/wp-json\/wp\/v2\/posts\/29522\/revisions"}],"predecessor-version":[{"id":29526,"href":"https:\/\/inces.gob.ve\/index.php\/wp-json\/wp\/v2\/posts\/29522\/revisions\/29526"}],"wp:featuredmedia":[{"embeddable":true,"href":"https:\/\/inces.gob.ve\/index.php\/wp-json\/wp\/v2\/media\/29523"}],"wp:attachment":[{"href":"https:\/\/inces.gob.ve\/index.php\/wp-json\/wp\/v2\/media?parent=29522"}],"wp:term":[{"taxonomy":"category","embeddable":true,"href":"https:\/\/inces.gob.ve\/index.php\/wp-json\/wp\/v2\/categories?post=29522"},{"taxonomy":"post_tag","embeddable":true,"href":"https:\/\/inces.gob.ve\/index.php\/wp-json\/wp\/v2\/tags?post=29522"}],"curies":[{"name":"wp","href":"https:\/\/api.w.org\/{rel}","templated":true}]}}