{"id":29537,"date":"2019-07-19T13:35:20","date_gmt":"2019-07-19T19:35:20","guid":{"rendered":"http:\/\/www.inces.gob.ve\/?p=29537"},"modified":"2020-05-28T20:28:30","modified_gmt":"2020-05-29T00:28:30","slug":"con-el-inces-bachilleres-productivos-egresan-para-insertarse-al-campo-laboral","status":"publish","type":"post","link":"https:\/\/inces.gob.ve\/index.php\/2019\/07\/19\/con-el-inces-bachilleres-productivos-egresan-para-insertarse-al-campo-laboral\/","title":{"rendered":"Con el Inces bachilleres productivos egresan para insertarse al campo laboral"},"content":{"rendered":"<p class=\"western\" align=\"justify\"><span style=\"font-family: Arial, sans-serif;\"><span style=\"font-size: large;\"><b>** Se entregaron los t\u00edtulos a 25 j\u00f3venes<\/b><\/span><\/span><\/p>\n<p align=\"justify\"><!--more--><\/p>\n<p align=\"justify\"><span style=\"font-family: Arial, sans-serif;\"><span style=\"font-size: large;\"><b>Prensa Inces Cojedes.-<\/b><\/span><\/span><\/p>\n<p align=\"justify\"><span style=\"font-family: Times New Roman, serif;\"><span style=\"font-size: medium;\"><span style=\"font-family: Arial, sans-serif;\"><span style=\"font-size: large;\">Se llev\u00f3 a cabo con \u00e9xito la <\/span><\/span><span style=\"font-family: Arial, sans-serif;\"><span style=\"font-size: large;\">graduaci\u00f3n de bachilleres productivos<\/span><\/span><span style=\"font-family: Arial, sans-serif;\"><span style=\"font-size: large;\"> del <\/span><\/span><span style=\"font-family: Arial, sans-serif;\"><span style=\"font-size: large;\">Instituto Nacional de Capacitaci\u00f3n Educaci\u00f3n Socialista <\/span><\/span><span style=\"font-family: Arial, sans-serif;\"><span style=\"font-size: large;\">(<\/span><\/span><em><span style=\"font-family: Arial, sans-serif;\"><span style=\"font-size: large;\">Inces<\/span><\/span><\/em><span style=\"font-family: Arial, sans-serif;\"><span style=\"font-size: large;\">), del estado Bolivariano de Cojedes, con el fin de insertarse al campo laboral. <\/span><\/span><\/span><\/span><\/p>\n<p align=\"justify\"><a name=\"_GoBack\"><\/a> <span style=\"font-family: Arial, sans-serif;\"><span style=\"font-size: large;\">El acto se llev\u00f3 a cabo desde la sede del Centro de Formaci\u00f3n Socialista \u201cJos\u00e9 Laurencio Silva\u201d, en San Carlos, donde se entregaron los t\u00edtulos de bachilleres a <b>25 j\u00f3venes graduandos productivos de la relaci\u00f3n entre la Gran Misi\u00f3n Chamba Juvenil y el Inces.<\/b><\/span><\/span><\/p>\n<p align=\"justify\"><span style=\"font-family: Arial, sans-serif;\"><span style=\"font-size: large;\"><b><img loading=\"lazy\" decoding=\"async\" class=\"aligncenter wp-image-29539 size-full\" src=\"http:\/\/www.inces.gob.ve\/wp-content\/uploads\/2019\/07\/Inces-bachilleres-productivos-3-.jpg\" alt=\"\" width=\"800\" height=\"399\" srcset=\"https:\/\/inces.gob.ve\/wp-content\/uploads\/2019\/07\/Inces-bachilleres-productivos-3-.jpg 800w, https:\/\/inces.gob.ve\/wp-content\/uploads\/2019\/07\/Inces-bachilleres-productivos-3--300x150.jpg 300w, https:\/\/inces.gob.ve\/wp-content\/uploads\/2019\/07\/Inces-bachilleres-productivos-3--768x383.jpg 768w\" sizes=\"auto, (max-width: 800px) 100vw, 800px\" \/><\/b><\/span><\/span><\/p>\n<p align=\"justify\"><span style=\"font-family: Arial, sans-serif;\"><span style=\"font-size: large;\">El gerente regional, Jos\u00e9 Antonio Mart\u00ednez, calific\u00f3 a los j\u00f3venes como un ejemplo, <b>al formarse en las diferentes \u00e1reas de conocimientos integrales y productivos<\/b>, as\u00ed mismo agradeci\u00f3 el esfuerzo, la constancia y la confianza en el Inces; \u201cestamos llamados para derrotar la guerra econ\u00f3mica\u201d, puntualiz\u00f3. <\/span><\/span><\/p>\n<p align=\"justify\"><span style=\"font-family: Arial, sans-serif;\"><span style=\"font-size: large;\">Inform\u00f3 adem\u00e1s que el presidente del Inces Wuikelman Angel Paredes, estima que durante 2019 se formen un total de 1 mill\u00f3n de j\u00f3venes como bachilleres productivos para insertarlos en el campo laboral y <b>que puedan contribuir con el crecimiento y la prosperidad econ\u00f3mica del pa\u00eds.<\/b><\/span><\/span><\/p>\n<p align=\"justify\"><span style=\"font-family: Arial, sans-serif;\"><span style=\"font-size: large;\">Por su parte, Gioconda Aparicio, bachiller productivo Inces, quien solicit\u00f3 en nombre de los graduandos el conferimiento de t\u00edtulos, expres\u00f3 su agradecimiento a familiares, compa\u00f1eros, maestros y a la reconocida universidad del Pueblo, dijo <b>\u201cla educaci\u00f3n y la cultura son fundamentales en el proceso revolucionario, porque un pueblo educado no se deja alienar ya que se vuelve independiente y consciente\u201d. <\/b><\/span><\/span><\/p>\n<p align=\"justify\"><span style=\"font-family: Arial, sans-serif;\"><span style=\"font-size: large;\"><b><img loading=\"lazy\" decoding=\"async\" class=\"aligncenter wp-image-29538 size-full\" src=\"http:\/\/www.inces.gob.ve\/wp-content\/uploads\/2019\/07\/Inces-bachilleres-productivos-5-.jpg\" alt=\"\" width=\"800\" height=\"638\" srcset=\"https:\/\/inces.gob.ve\/wp-content\/uploads\/2019\/07\/Inces-bachilleres-productivos-5-.jpg 800w, https:\/\/inces.gob.ve\/wp-content\/uploads\/2019\/07\/Inces-bachilleres-productivos-5--300x239.jpg 300w, https:\/\/inces.gob.ve\/wp-content\/uploads\/2019\/07\/Inces-bachilleres-productivos-5--768x612.jpg 768w\" sizes=\"auto, (max-width: 800px) 100vw, 800px\" \/><\/b><\/span><\/span><\/p>\n<p align=\"justify\"><span style=\"font-family: Arial, sans-serif;\"><span style=\"font-size: large;\">Durante el acto protocolar, los j\u00f3venes y familiares disfrutaron del talento del joven Jos\u00e9 S\u00e1nchez, bachiller productivo Inces, quien cant\u00f3 m\u00fasica del g\u00e9nero urbano de su propia autor\u00eda, y adem\u00e1s fue participante del curso \u201cGranjas Integrales\u201d del Programa Agr\u00edcola, durante el a\u00f1o 2016 y particip\u00f3 en el festival de la Voz Inces.<\/span><\/span><\/p>\n<p align=\"justify\">\n","protected":false},"excerpt":{"rendered":"<p>** Se entregaron los t\u00edtulos a 25 j\u00f3venes<\/p>\n","protected":false},"author":15,"featured_media":29540,"comment_status":"closed","ping_status":"closed","sticky":false,"template":"","format":"standard","meta":{"footnotes":""},"categories":[2],"tags":[],"class_list":["post-29537","post","type-post","status-publish","format-standard","has-post-thumbnail","hentry","category-blog"],"_links":{"self":[{"href":"https:\/\/inces.gob.ve\/index.php\/wp-json\/wp\/v2\/posts\/29537","targetHints":{"allow":["GET"]}}],"collection":[{"href":"https:\/\/inces.gob.ve\/index.php\/wp-json\/wp\/v2\/posts"}],"about":[{"href":"https:\/\/inces.gob.ve\/index.php\/wp-json\/wp\/v2\/types\/post"}],"author":[{"embeddable":true,"href":"https:\/\/inces.gob.ve\/index.php\/wp-json\/wp\/v2\/users\/15"}],"replies":[{"embeddable":true,"href":"https:\/\/inces.gob.ve\/index.php\/wp-json\/wp\/v2\/comments?post=29537"}],"version-history":[{"count":1,"href":"https:\/\/inces.gob.ve\/index.php\/wp-json\/wp\/v2\/posts\/29537\/revisions"}],"predecessor-version":[{"id":29541,"href":"https:\/\/inces.gob.ve\/index.php\/wp-json\/wp\/v2\/posts\/29537\/revisions\/29541"}],"wp:featuredmedia":[{"embeddable":true,"href":"https:\/\/inces.gob.ve\/index.php\/wp-json\/wp\/v2\/media\/29540"}],"wp:attachment":[{"href":"https:\/\/inces.gob.ve\/index.php\/wp-json\/wp\/v2\/media?parent=29537"}],"wp:term":[{"taxonomy":"category","embeddable":true,"href":"https:\/\/inces.gob.ve\/index.php\/wp-json\/wp\/v2\/categories?post=29537"},{"taxonomy":"post_tag","embeddable":true,"href":"https:\/\/inces.gob.ve\/index.php\/wp-json\/wp\/v2\/tags?post=29537"}],"curies":[{"name":"wp","href":"https:\/\/api.w.org\/{rel}","templated":true}]}}