{"id":29555,"date":"2019-07-19T11:27:59","date_gmt":"2019-07-19T17:27:59","guid":{"rendered":"http:\/\/www.inces.gob.ve\/?p=29555"},"modified":"2020-05-28T20:34:46","modified_gmt":"2020-05-29T00:34:46","slug":"wadaka-incursiona-en-la-asistencia-formativa-a-las-comunidades","status":"publish","type":"post","link":"https:\/\/inces.gob.ve\/index.php\/2019\/07\/19\/wadaka-incursiona-en-la-asistencia-formativa-a-las-comunidades\/","title":{"rendered":"Wad\u00e4ka incursiona en la asistencia formativa a las comunidades"},"content":{"rendered":"<p style=\"text-align: justify;\" align=\"justify\"><span style=\"font-family: arial,helvetica,sans-serif; font-size: 18pt;\"><b>** La panificadora Negro Primero en Sarr\u00eda recibi\u00f3 un curso de 186 horas que sirvi\u00f3 para diversificar la producci\u00f3n y acrecentar la producci\u00f3n y ganancias. Todo un \u00e9xito la recepci\u00f3n de la nueva capacitaci\u00f3n<\/b><!--more--><\/span><\/p>\n<p style=\"text-align: justify;\" align=\"justify\"><span style=\"font-family: arial,helvetica,sans-serif; font-size: 18pt;\"><b>Ivaldo Rodr\u00edguez | Texto y fotos<\/b><\/span><\/p>\n<p style=\"text-align: justify;\" align=\"justify\"><span style=\"font-family: arial,helvetica,sans-serif; font-size: 18pt;\">Como la primera incursi\u00f3n en comunidad social de la organizaci\u00f3n Wad\u00e4ka puede calificarse la in\u00e9dita finalizaci\u00f3n del curso celebrada esta semana en la Panader\u00eda Comunal \u00abNegro Primero\u00bb, localizada en la populosa urbanizaci\u00f3n de Sarr\u00eda, en Caracas.<\/span><\/p>\n<p style=\"text-align: justify;\" align=\"justify\"><span style=\"font-family: arial,helvetica,sans-serif; font-size: 18pt;\">Signific\u00f3 un acto muy sencillo, pero representativo de las oportunidades que una instituci\u00f3n como el Inces, a trav\u00e9s de su organizaci\u00f3n Wad\u00e4ka, puede ofrecer a las comunidades organizadas y productivas.<\/span><\/p>\n<p style=\"text-align: justify;\" align=\"justify\"><span style=\"font-family: arial,helvetica,sans-serif; font-size: 18pt;\"><img loading=\"lazy\" decoding=\"async\" class=\"aligncenter wp-image-29352 size-full\" src=\"http:\/\/www.inces.gob.ve\/wp-content\/uploads\/2019\/07\/Inces-1-producci\u00f3n-acrecentaci\u00f3n-12Julio19-.jpg\" alt=\"\" width=\"800\" height=\"416\" srcset=\"https:\/\/inces.gob.ve\/wp-content\/uploads\/2019\/07\/Inces-1-producci\u00f3n-acrecentaci\u00f3n-12Julio19-.jpg 800w, https:\/\/inces.gob.ve\/wp-content\/uploads\/2019\/07\/Inces-1-producci\u00f3n-acrecentaci\u00f3n-12Julio19--300x156.jpg 300w, https:\/\/inces.gob.ve\/wp-content\/uploads\/2019\/07\/Inces-1-producci\u00f3n-acrecentaci\u00f3n-12Julio19--768x399.jpg 768w\" sizes=\"auto, (max-width: 800px) 100vw, 800px\" \/><\/span><\/p>\n<p style=\"text-align: justify;\" align=\"justify\"><span style=\"font-family: arial,helvetica,sans-serif; font-size: 18pt;\"><b>En esencia se trat\u00f3 de diversificar y nutrir una idea que ven\u00eda floreciendo en el apreciado asentamiento capitalino a trav\u00e9s del\u00a0 programa de formaci\u00f3n que materializ\u00f3 la proliferaci\u00f3n en la producci\u00f3n panificadora.<\/b><\/span><\/p>\n<p style=\"text-align: justify;\" align=\"justify\"><span style=\"font-family: arial,helvetica,sans-serif; font-size: 18pt;\">Se trat\u00f3 de un curso de 186 horas para 27 participantes (algunos ya incorporados previamente a la panader\u00eda) a una producci\u00f3n comunal, con la adici\u00f3n de otros nuevos integrantes del punto y c\u00edrculo del sector.<\/span><\/p>\n<p style=\"text-align: justify;\" align=\"justify\"><span style=\"font-family: arial,helvetica,sans-serif; font-size: 18pt;\"><img loading=\"lazy\" decoding=\"async\" class=\"aligncenter wp-image-29348 size-full\" src=\"http:\/\/www.inces.gob.ve\/wp-content\/uploads\/2019\/07\/Inces-3-producci\u00f3n-acrecentaci\u00f3n-12Julio19-.jpg\" alt=\"\" width=\"850\" height=\"638\" srcset=\"https:\/\/inces.gob.ve\/wp-content\/uploads\/2019\/07\/Inces-3-producci\u00f3n-acrecentaci\u00f3n-12Julio19-.jpg 850w, https:\/\/inces.gob.ve\/wp-content\/uploads\/2019\/07\/Inces-3-producci\u00f3n-acrecentaci\u00f3n-12Julio19--300x225.jpg 300w, https:\/\/inces.gob.ve\/wp-content\/uploads\/2019\/07\/Inces-3-producci\u00f3n-acrecentaci\u00f3n-12Julio19--768x576.jpg 768w, https:\/\/inces.gob.ve\/wp-content\/uploads\/2019\/07\/Inces-3-producci\u00f3n-acrecentaci\u00f3n-12Julio19--136x102.jpg 136w\" sizes=\"auto, (max-width: 850px) 100vw, 850px\" \/><\/span><\/p>\n<p style=\"text-align: justify;\" align=\"justify\"><span style=\"font-family: arial,helvetica,sans-serif; font-size: 18pt;\"><b>Al acto promocional del \u00e9xito alcanzado asistieron el director estrat\u00e9gico de Formaci\u00f3n y Autoformaci\u00f3n del Inces, Richard Delgado, quien expres\u00f3 que nuestra instituci\u00f3n est\u00e1 ganada con la idea de acompa\u00f1ar la batalla permanente que el pueblo libra contra las amenazas que pretenden socavar los logros y resultados de la revoluci\u00f3n bolivariana.<\/b><\/span><\/p>\n<p style=\"text-align: justify;\" align=\"justify\"><span style=\"font-family: arial,helvetica,sans-serif; font-size: 18pt;\"><b><img loading=\"lazy\" decoding=\"async\" class=\"aligncenter wp-image-29348 size-full\" src=\"http:\/\/www.inces.gob.ve\/wp-content\/uploads\/2019\/07\/Inces-3-producci\u00f3n-acrecentaci\u00f3n-12Julio19-.jpg\" alt=\"\" width=\"850\" height=\"638\" srcset=\"https:\/\/inces.gob.ve\/wp-content\/uploads\/2019\/07\/Inces-3-producci\u00f3n-acrecentaci\u00f3n-12Julio19-.jpg 850w, https:\/\/inces.gob.ve\/wp-content\/uploads\/2019\/07\/Inces-3-producci\u00f3n-acrecentaci\u00f3n-12Julio19--300x225.jpg 300w, https:\/\/inces.gob.ve\/wp-content\/uploads\/2019\/07\/Inces-3-producci\u00f3n-acrecentaci\u00f3n-12Julio19--768x576.jpg 768w, https:\/\/inces.gob.ve\/wp-content\/uploads\/2019\/07\/Inces-3-producci\u00f3n-acrecentaci\u00f3n-12Julio19--136x102.jpg 136w\" sizes=\"auto, (max-width: 850px) 100vw, 850px\" \/><\/b><\/span><\/p>\n<p style=\"text-align: justify;\" align=\"justify\"><span style=\"font-family: arial,helvetica,sans-serif; font-size: 18pt;\">El caso se justifica en el hecho de que el Inces, con su intervenci\u00f3n, les brind\u00f3 oxigeno a la diversificaci\u00f3n de productos de la harina que benefician con su elaboraci\u00f3n a los habitantes del sector y a los propios trabajadores.<\/span><\/p>\n<p><iframe loading=\"lazy\" title=\"FORMACI\u00d3N PRODUCTIVA| Certificaci\u00f3n en Panader\u00eda por el CF Gastron\u00f3mico Wad\u00e4ka en Sarria\" width=\"640\" height=\"360\" src=\"https:\/\/www.youtube.com\/embed\/ZwzqC_Pgd7A?feature=oembed\" frameborder=\"0\" allow=\"accelerometer; autoplay; clipboard-write; encrypted-media; gyroscope; picture-in-picture; web-share\" referrerpolicy=\"strict-origin-when-cross-origin\" allowfullscreen><\/iframe><\/p>\n<p style=\"text-align: justify;\" align=\"justify\"><span style=\"font-family: arial,helvetica,sans-serif; font-size: 18pt;\"><b>La jefe del Centro de Formaci\u00f3n Socialista Wad\u00e4ka, Maggy Corredor, comunic\u00f3 que los mejores egresados de este formaci\u00f3n pasar\u00e1n, de manera inmediata, a conformar el <i>staff <\/i>de productores de Wad\u00e4ka y de esa manera incorporarse al mercado laboral. A la vez anunci\u00f3 que se prev\u00e9 la instalaci\u00f3n de nuevas formaciones en el mismo sector, luego del impulso positivo alcanzado con la organizaci\u00f3n \u00abNegro Primero\u00bb.<\/b><\/span><\/p>\n<p align=\"justify\">\n<p style=\"text-align: justify;\" align=\"justify\"><span style=\"font-family: arial,helvetica,sans-serif; font-size: 18pt;\"><b>Lindas palabras de aliento y agradecimiento expuso la participante Mar\u00eda Far\u00ed\u00f1ez dentro de la sencilla velada que hicieron de colof\u00f3n a una jornada signada por el emprendimiento, la voluntad y las ganas de producir en un pa\u00eds que lo requiere.<\/b><\/span><\/p>\n<p style=\"text-align: justify;\" align=\"justify\"><span style=\"font-family: arial,helvetica,sans-serif; font-size: 18pt;\"><b><img loading=\"lazy\" decoding=\"async\" class=\"aligncenter wp-image-29347 \" src=\"http:\/\/www.inces.gob.ve\/wp-content\/uploads\/2019\/07\/Inces-5-producci\u00f3n-acrecentaci\u00f3n-12Julio19-.jpg\" alt=\"\" width=\"514\" height=\"386\" srcset=\"https:\/\/inces.gob.ve\/wp-content\/uploads\/2019\/07\/Inces-5-producci\u00f3n-acrecentaci\u00f3n-12Julio19-.jpg 850w, https:\/\/inces.gob.ve\/wp-content\/uploads\/2019\/07\/Inces-5-producci\u00f3n-acrecentaci\u00f3n-12Julio19--300x225.jpg 300w, https:\/\/inces.gob.ve\/wp-content\/uploads\/2019\/07\/Inces-5-producci\u00f3n-acrecentaci\u00f3n-12Julio19--768x576.jpg 768w, https:\/\/inces.gob.ve\/wp-content\/uploads\/2019\/07\/Inces-5-producci\u00f3n-acrecentaci\u00f3n-12Julio19--136x102.jpg 136w\" sizes=\"auto, (max-width: 514px) 100vw, 514px\" \/><\/b><\/span><\/p>\n","protected":false},"excerpt":{"rendered":"<p>** La panificadora Negro Primero en Sarr\u00eda recibi\u00f3 un curso de 186 horas que sirvi\u00f3 para diversificar la producci\u00f3n y acrecentar la producci\u00f3n y ganancias. Todo un \u00e9xito la recepci\u00f3n de la nueva capacitaci\u00f3n<\/p>\n","protected":false},"author":15,"featured_media":29354,"comment_status":"closed","ping_status":"closed","sticky":false,"template":"","format":"standard","meta":{"footnotes":""},"categories":[2],"tags":[],"class_list":["post-29555","post","type-post","status-publish","format-standard","has-post-thumbnail","hentry","category-blog"],"_links":{"self":[{"href":"https:\/\/inces.gob.ve\/index.php\/wp-json\/wp\/v2\/posts\/29555","targetHints":{"allow":["GET"]}}],"collection":[{"href":"https:\/\/inces.gob.ve\/index.php\/wp-json\/wp\/v2\/posts"}],"about":[{"href":"https:\/\/inces.gob.ve\/index.php\/wp-json\/wp\/v2\/types\/post"}],"author":[{"embeddable":true,"href":"https:\/\/inces.gob.ve\/index.php\/wp-json\/wp\/v2\/users\/15"}],"replies":[{"embeddable":true,"href":"https:\/\/inces.gob.ve\/index.php\/wp-json\/wp\/v2\/comments?post=29555"}],"version-history":[{"count":3,"href":"https:\/\/inces.gob.ve\/index.php\/wp-json\/wp\/v2\/posts\/29555\/revisions"}],"predecessor-version":[{"id":29558,"href":"https:\/\/inces.gob.ve\/index.php\/wp-json\/wp\/v2\/posts\/29555\/revisions\/29558"}],"wp:featuredmedia":[{"embeddable":true,"href":"https:\/\/inces.gob.ve\/index.php\/wp-json\/wp\/v2\/media\/29354"}],"wp:attachment":[{"href":"https:\/\/inces.gob.ve\/index.php\/wp-json\/wp\/v2\/media?parent=29555"}],"wp:term":[{"taxonomy":"category","embeddable":true,"href":"https:\/\/inces.gob.ve\/index.php\/wp-json\/wp\/v2\/categories?post=29555"},{"taxonomy":"post_tag","embeddable":true,"href":"https:\/\/inces.gob.ve\/index.php\/wp-json\/wp\/v2\/tags?post=29555"}],"curies":[{"name":"wp","href":"https:\/\/api.w.org\/{rel}","templated":true}]}}