{"id":29561,"date":"2019-07-22T07:40:20","date_gmt":"2019-07-22T13:40:20","guid":{"rendered":"http:\/\/www.inces.gob.ve\/?p=29561"},"modified":"2020-05-28T20:27:50","modified_gmt":"2020-05-29T00:27:50","slug":"carabobo-inces-realizo-iv-encuentro-con-entidades-de-trabajo-para-la-agilizacion-de-tramites-administrativos","status":"publish","type":"post","link":"https:\/\/inces.gob.ve\/index.php\/2019\/07\/22\/carabobo-inces-realizo-iv-encuentro-con-entidades-de-trabajo-para-la-agilizacion-de-tramites-administrativos\/","title":{"rendered":"Carabobo | Inces realiz\u00f3 IV Encuentro con Entidades de Trabajo para la Agilizaci\u00f3n de Tr\u00e1mites Administrativos"},"content":{"rendered":"<p align=\"justify\"><span style=\"font-family: Arial, sans-serif;\"><span style=\"font-size: large;\"><i><b>** Entre las ponencias presentadas se pudo conocer sobre el Programa Nacional de Aprendizaje, Formaci\u00f3n Delegada y la nueva plataforma de pago de Tributos que desarrolla la instituci\u00f3n en la regi\u00f3n carabobe\u00f1a<\/b><\/i><\/span><\/span><!--more--><\/p>\n<p align=\"justify\"><span style=\"font-family: Arial, sans-serif;\"><span style=\"font-size: x-large;\"><b>ATILIA CORTEZ | Carabobo<\/b><\/span><\/span><\/p>\n<p align=\"justify\"><span style=\"font-family: Arial, sans-serif;\"><span style=\"font-size: x-large;\">En la sede de la C\u00e1mara de Peque\u00f1os <\/span><\/span><span style=\"font-family: Arial, sans-serif;\"><span style=\"font-size: x-large;\">y<\/span><\/span><span style=\"font-family: Arial, sans-serif;\"><span style=\"font-size: x-large;\"> Medianos Industriales y Artesanos del estado Carabobo (Capemiac), el <\/span><\/span><strong><span style=\"font-family: Arial, sans-serif;\"><span style=\"font-size: x-large;\">Instituto Nacional de <\/span><\/span><\/strong><strong><span style=\"font-family: Arial, sans-serif;\"><span style=\"font-size: x-large;\">Capacitaci\u00f3n y <\/span><\/span><\/strong><strong><span style=\"font-family: Arial, sans-serif;\"><span style=\"font-size: x-large;\">Educa<\/span><\/span><\/strong><strong><span style=\"font-family: Arial, sans-serif;\"><span style=\"font-size: x-large;\">ci\u00f3n <\/span><\/span><\/strong><strong><span style=\"font-family: Arial, sans-serif;\"><span style=\"font-size: x-large;\">Socialista (Inces) realiz\u00f3 el IV Encuentro con Entidades de Trabajo para la Agilizaci\u00f3n de Tr\u00e1mites Administrativos, actividad que dio a conocer el uso de la nueva plataforma tecnol\u00f3gica del pago de tributos que deben presentar las empresas ante el Inces.<\/span><\/span><\/strong><\/p>\n<p align=\"justify\">\n<p align=\"justify\"><strong><span style=\"font-family: Arial, sans-serif;\"><span style=\"font-size: x-large;\">En tal sentido<\/span><\/span><\/strong><strong><span style=\"font-family: Arial, sans-serif;\"><span style=\"font-size: x-large;\">,<\/span><\/span><\/strong><strong><span style=\"font-family: Arial, sans-serif;\"><span style=\"font-size: x-large;\"> el ingeniero Guyen Soto, Gerente del Inces Carabobo, explic\u00f3 la importancia de conocer esta plataforma tecnol<\/span><\/span><\/strong><strong><span style=\"font-family: Arial, sans-serif;\"><span style=\"font-size: x-large;\">\u00f3<\/span><\/span><\/strong><strong><span style=\"font-family: Arial, sans-serif;\"><span style=\"font-size: x-large;\">gica y agreg\u00f3 \u201cque en la relaci\u00f3n a la solvencia requerida por las entidades de trabajo o empresas, luego del pago de tributos es necesario cumplir con 3 pasos para obtener la misma\u201d.<\/span><\/span><\/strong><\/p>\n<p align=\"justify\"><img loading=\"lazy\" decoding=\"async\" class=\"aligncenter wp-image-29562 size-full\" src=\"http:\/\/www.inces.gob.ve\/wp-content\/uploads\/2019\/07\/Inces-Tr\u00e1mites-Administrativos-4-.jpg\" alt=\"\" width=\"850\" height=\"638\" srcset=\"https:\/\/inces.gob.ve\/wp-content\/uploads\/2019\/07\/Inces-Tr\u00e1mites-Administrativos-4-.jpg 850w, https:\/\/inces.gob.ve\/wp-content\/uploads\/2019\/07\/Inces-Tr\u00e1mites-Administrativos-4--300x225.jpg 300w, https:\/\/inces.gob.ve\/wp-content\/uploads\/2019\/07\/Inces-Tr\u00e1mites-Administrativos-4--768x576.jpg 768w, https:\/\/inces.gob.ve\/wp-content\/uploads\/2019\/07\/Inces-Tr\u00e1mites-Administrativos-4--136x102.jpg 136w\" sizes=\"auto, (max-width: 850px) 100vw, 850px\" \/><\/p>\n<p align=\"justify\"><strong><span style=\"font-family: Arial, sans-serif;\"><span style=\"font-size: x-large;\">Guyen detall\u00f3 que \u201clas empresas deben cumplir con propiciar y desarrollar el Programa Nacional de Aprendizaje como est<\/span><\/span><\/strong><strong><span style=\"font-family: Arial, sans-serif;\"><span style=\"font-size: x-large;\">\u00e1<\/span><\/span><\/strong><strong><span style=\"font-family: Arial, sans-serif;\"><span style=\"font-size: x-large;\"> establecido, ademas de presentar el Plan de Formaci\u00f3n a tiempo y realizar el pago de tributos al cumplir con estos 3 pasos la entidad de trabajo,obtiene la solvencia\u201d.<\/span><\/span><\/strong><\/p>\n<p align=\"justify\">\n<p align=\"justify\"><strong><span style=\"font-family: Arial, sans-serif;\"><span style=\"font-size: x-large;\">Por su parte, Carlos Guariato, responsable del \u00e1rea de Formaci\u00f3n Delegada del Inces Carabobo, expres\u00f3 que \u201cel 30 de <\/span><\/span><\/strong><strong><span style=\"font-family: Arial, sans-serif;\"><span style=\"font-size: x-large;\">j<\/span><\/span><\/strong><strong><span style=\"font-family: Arial, sans-serif;\"><span style=\"font-size: x-large;\">unio de este a\u00f1o 2019 fue la fecha tope para recibir los programas de formaci\u00f3n emitidos por la empresas ubicadas en la regi\u00f3n tomando en cuenta que esta informaci\u00f3n es suministrada a tiempo para que las empresas as\u00ed lo cumplan\u201d.<\/span><\/span><\/strong><\/p>\n<p align=\"justify\">\n<p align=\"justify\"><strong><span style=\"font-family: Arial, sans-serif;\"><span style=\"font-size: x-large;\">As\u00ed mismo Jes\u00fas Castillo, responsable del Plan Nacional de Formaci\u00f3n de Aprendizaje del Inces Carabobo, <\/span><\/span><\/strong><strong><span style=\"font-family: Arial, sans-serif;\"><span style=\"font-size: x-large;\">expres\u00ed <\/span><\/span><\/strong><strong><span style=\"font-family: Arial, sans-serif;\"><span style=\"font-size: x-large;\">que \u201clas empresas al tener m<\/span><\/span><\/strong><strong><span style=\"font-family: Arial, sans-serif;\"><span style=\"font-size: x-large;\">\u00e1<\/span><\/span><\/strong><strong><span style=\"font-family: Arial, sans-serif;\"><span style=\"font-size: x-large;\">s de 15 trabajadores est\u00e1n en disposici\u00f3n de establecer este programa seg\u00fan <\/span><\/span><\/strong><strong><span style=\"font-family: Arial, sans-serif;\"><span style=\"font-size: x-large;\">sea el <\/span><\/span><\/strong><strong><span style=\"font-family: Arial, sans-serif;\"><span style=\"font-size: x-large;\">caso, as\u00ed sea con un aprendiz como lo establece la ley de la mano con el Programa Chamba Juvenil\u201d.<\/span><\/span><\/strong><\/p>\n<p align=\"justify\"><img loading=\"lazy\" decoding=\"async\" class=\"aligncenter wp-image-29564 size-full\" src=\"http:\/\/www.inces.gob.ve\/wp-content\/uploads\/2019\/07\/Inces-Tr\u00e1mites-Administrativos-1.jpg\" alt=\"\" width=\"850\" height=\"638\" srcset=\"https:\/\/inces.gob.ve\/wp-content\/uploads\/2019\/07\/Inces-Tr\u00e1mites-Administrativos-1.jpg 850w, https:\/\/inces.gob.ve\/wp-content\/uploads\/2019\/07\/Inces-Tr\u00e1mites-Administrativos-1-300x225.jpg 300w, https:\/\/inces.gob.ve\/wp-content\/uploads\/2019\/07\/Inces-Tr\u00e1mites-Administrativos-1-768x576.jpg 768w, https:\/\/inces.gob.ve\/wp-content\/uploads\/2019\/07\/Inces-Tr\u00e1mites-Administrativos-1-136x102.jpg 136w\" sizes=\"auto, (max-width: 850px) 100vw, 850px\" \/><\/p>\n<p align=\"justify\"><strong><span style=\"font-family: Arial, sans-serif;\"><span style=\"font-size: x-large;\">Finalmente Jhony Rivas responsable del \u00e1rea de Tributos por la referida instituci\u00f3n detall\u00f3 el uso de la plataforma tecnol\u00f3gica a los presentes en el evento, \u201ces importante explicar que cuando una empresa tiene 5 o m<\/span><\/span><\/strong><strong><span style=\"font-family: Arial, sans-serif;\"><span style=\"font-size: x-large;\">\u00e1<\/span><\/span><\/strong><strong><span style=\"font-family: Arial, sans-serif;\"><span style=\"font-size: x-large;\">s trabajadores est<\/span><\/span><\/strong><strong><span style=\"font-family: Arial, sans-serif;\"><span style=\"font-size: x-large;\">\u00e1<\/span><\/span><\/strong><strong><span style=\"font-family: Arial, sans-serif;\"><span style=\"font-size: x-large;\"> obligada a cancelar sus tributos al Inces como lo establece la ley\u201d.<\/span><\/span><\/strong><\/p>\n<p align=\"justify\">\n<p align=\"justify\"><strong><span style=\"font-family: Arial, sans-serif;\"><span style=\"font-size: x-large;\">Rivas asegur\u00f3 que se viene desarrollando esta actividad de forma \u201c organizada y supervisad<\/span><\/span><\/strong><strong><span style=\"font-family: Arial, sans-serif;\"><span style=\"font-size: x-large;\">a. T<\/span><\/span><\/strong><strong><span style=\"font-family: Arial, sans-serif;\"><span style=\"font-size: x-large;\">enemos fiscales calificados acreditados y legalmente identificados para ejercer las debidas visitas a las empresas en la regi\u00f3n\u201d.<\/span><\/span><\/strong><\/p>\n<p align=\"justify\">\n","protected":false},"excerpt":{"rendered":"<p>** Entre las ponencias presentadas se pudo conocer sobre el Programa Nacional de Aprendizaje, Formaci\u00f3n Delegada y la nueva plataforma de pago de Tributos que desarrolla la instituci\u00f3n en la regi\u00f3n carabobe\u00f1a<\/p>\n","protected":false},"author":15,"featured_media":29563,"comment_status":"closed","ping_status":"closed","sticky":false,"template":"","format":"standard","meta":{"footnotes":""},"categories":[2],"tags":[],"class_list":["post-29561","post","type-post","status-publish","format-standard","has-post-thumbnail","hentry","category-blog"],"_links":{"self":[{"href":"https:\/\/inces.gob.ve\/index.php\/wp-json\/wp\/v2\/posts\/29561","targetHints":{"allow":["GET"]}}],"collection":[{"href":"https:\/\/inces.gob.ve\/index.php\/wp-json\/wp\/v2\/posts"}],"about":[{"href":"https:\/\/inces.gob.ve\/index.php\/wp-json\/wp\/v2\/types\/post"}],"author":[{"embeddable":true,"href":"https:\/\/inces.gob.ve\/index.php\/wp-json\/wp\/v2\/users\/15"}],"replies":[{"embeddable":true,"href":"https:\/\/inces.gob.ve\/index.php\/wp-json\/wp\/v2\/comments?post=29561"}],"version-history":[{"count":3,"href":"https:\/\/inces.gob.ve\/index.php\/wp-json\/wp\/v2\/posts\/29561\/revisions"}],"predecessor-version":[{"id":29568,"href":"https:\/\/inces.gob.ve\/index.php\/wp-json\/wp\/v2\/posts\/29561\/revisions\/29568"}],"wp:featuredmedia":[{"embeddable":true,"href":"https:\/\/inces.gob.ve\/index.php\/wp-json\/wp\/v2\/media\/29563"}],"wp:attachment":[{"href":"https:\/\/inces.gob.ve\/index.php\/wp-json\/wp\/v2\/media?parent=29561"}],"wp:term":[{"taxonomy":"category","embeddable":true,"href":"https:\/\/inces.gob.ve\/index.php\/wp-json\/wp\/v2\/categories?post=29561"},{"taxonomy":"post_tag","embeddable":true,"href":"https:\/\/inces.gob.ve\/index.php\/wp-json\/wp\/v2\/tags?post=29561"}],"curies":[{"name":"wp","href":"https:\/\/api.w.org\/{rel}","templated":true}]}}