{"id":29569,"date":"2019-07-22T08:15:04","date_gmt":"2019-07-22T14:15:04","guid":{"rendered":"http:\/\/www.inces.gob.ve\/?p=29569"},"modified":"2020-05-28T20:34:47","modified_gmt":"2020-05-29T00:34:47","slug":"zulia-33-jovenes-especiales-se-formaron-como-panaderos","status":"publish","type":"post","link":"https:\/\/inces.gob.ve\/index.php\/2019\/07\/22\/zulia-33-jovenes-especiales-se-formaron-como-panaderos\/","title":{"rendered":"ZULIA | 33 j\u00f3venes especiales se formaron como panaderos"},"content":{"rendered":"<p class=\"western\"><span style=\"font-family: Arial, sans-serif;\"><span style=\"font-size: x-large;\"><i><b>** Realizaron una muestra de los diferentes panes que aprendieron a elaborar <\/b><\/i><\/span><\/span><\/p>\n<p class=\"western\"><!--more--><\/p>\n<p class=\"western\"><span style=\"font-family: Arial, sans-serif;\"><span style=\"font-size: x-large;\"><b>YUDITH CASTRO | Zulia <\/b><\/span><\/span><\/p>\n<p class=\"western\">\n<p class=\"western\"><span style=\"font-family: Arial, sans-serif;\"><span style=\"font-size: x-large;\">Un total de 33 j\u00f3venes con compromiso cognitivo finalizaron el curso de Panificaci\u00f3n Dom\u00e9stica dictado en el centro de formaci\u00f3n socialista (CFS) Bella Vista II, ubicado en Maracaibo, conocido en la regi\u00f3n como el Inces marr\u00f3n.<\/span><\/span><\/p>\n<p class=\"western\">\n<p class=\"western\"><span style=\"font-family: Arial, sans-serif;\"><span style=\"font-size: x-large;\">Para celebrar el alcance de esta meta, los j\u00f3venes especiales en conjunto con sus padres presentaron una muestra de los panes que aprendieron a elaborar y adem\u00e1s otras exquisiteces como paledo\u00f1as, besitos de cocos, pizza y golfeados, entre otros.<\/span><\/span><\/p>\n<p class=\"western\"><img loading=\"lazy\" decoding=\"async\" class=\"aligncenter wp-image-29572 size-full\" src=\"http:\/\/www.inces.gob.ve\/wp-content\/uploads\/2019\/07\/Inces-Forma-j\u00f3venes-especiales7-.jpg\" alt=\"\" width=\"750\" height=\"563\" srcset=\"https:\/\/inces.gob.ve\/wp-content\/uploads\/2019\/07\/Inces-Forma-j\u00f3venes-especiales7-.jpg 750w, https:\/\/inces.gob.ve\/wp-content\/uploads\/2019\/07\/Inces-Forma-j\u00f3venes-especiales7--300x225.jpg 300w, https:\/\/inces.gob.ve\/wp-content\/uploads\/2019\/07\/Inces-Forma-j\u00f3venes-especiales7--136x102.jpg 136w\" sizes=\"auto, (max-width: 750px) 100vw, 750px\" \/><\/p>\n<p class=\"western\"><a name=\"_GoBack\"><\/a><span style=\"font-family: Arial, sans-serif;\"><span style=\"font-size: x-large;\">Estos j\u00f3venes tienen discapacidad intelectual asociadas a S\u00edndrome de Dow, Autismo y problemas psico motriz, entre otros, as\u00ed lo afirm\u00f3 la directora del taller de Educaci\u00f3n Laboral de Maracaibo Modalidad Especial, Yamira Albornoz quien con l\u00e1grimas en los ojos, expres\u00f3: \u201cNo fue f\u00e1cil. Hubo muchos obst\u00e1culos que vencimos, pero hay que destacar que sin los padres esto no hubiera sido posible. Fue un trabajo mancomunado\u201d.<\/span><\/span><\/p>\n<p class=\"western\"><img loading=\"lazy\" decoding=\"async\" class=\"aligncenter wp-image-29570 size-full\" src=\"http:\/\/www.inces.gob.ve\/wp-content\/uploads\/2019\/07\/Inces-Forma-j\u00f3venes-especiales9-.jpg\" alt=\"\" width=\"750\" height=\"563\" srcset=\"https:\/\/inces.gob.ve\/wp-content\/uploads\/2019\/07\/Inces-Forma-j\u00f3venes-especiales9-.jpg 750w, https:\/\/inces.gob.ve\/wp-content\/uploads\/2019\/07\/Inces-Forma-j\u00f3venes-especiales9--300x225.jpg 300w, https:\/\/inces.gob.ve\/wp-content\/uploads\/2019\/07\/Inces-Forma-j\u00f3venes-especiales9--136x102.jpg 136w\" sizes=\"auto, (max-width: 750px) 100vw, 750px\" \/><\/p>\n<p class=\"western\"><span style=\"font-family: Arial, sans-serif;\"><span style=\"font-size: x-large;\">Continu\u00f3: \u201cA pesar de la administraci\u00f3n de la carga el\u00e9ctrica, el problema con el transporte y la falta del efectivo no perdimos ninguna clase. Yo hoy me gradu\u00e9 con ellos. Cada sonrisa reflejada en estos ni\u00f1os se la debo al Inces. Esta es la gente que el pa\u00eds necesita: proactiva y emprendedora,\u201d puntualiz\u00f3 Albornoz.<\/span><\/span><\/p>\n<p class=\"western\"><img loading=\"lazy\" decoding=\"async\" class=\"aligncenter wp-image-29571 size-full\" src=\"http:\/\/www.inces.gob.ve\/wp-content\/uploads\/2019\/07\/Inces-Forma-j\u00f3venes-especiales8-.jpg\" alt=\"\" width=\"750\" height=\"563\" srcset=\"https:\/\/inces.gob.ve\/wp-content\/uploads\/2019\/07\/Inces-Forma-j\u00f3venes-especiales8-.jpg 750w, https:\/\/inces.gob.ve\/wp-content\/uploads\/2019\/07\/Inces-Forma-j\u00f3venes-especiales8--300x225.jpg 300w, https:\/\/inces.gob.ve\/wp-content\/uploads\/2019\/07\/Inces-Forma-j\u00f3venes-especiales8--136x102.jpg 136w\" sizes=\"auto, (max-width: 750px) 100vw, 750px\" \/><\/p>\n<p class=\"western\"><span style=\"font-family: Arial, sans-serif;\"><span style=\"font-size: x-large;\">El coordinador docente del centro de formaci\u00f3n, Domilio Hidalgo, indic\u00f3 que desde hace 4 a\u00f1os, la instituci\u00f3n est\u00e1 brindado apoyo a estos j\u00f3venes en diversos oficios vinculados a las \u00e1reas de inform\u00e1tica, textil y turismo. \u201cEstoy complacido en ver el alcance de esta meta que parec\u00eda dif\u00edcil, porque eran muchos los participantes, y adem\u00e1s por su condici\u00f3n. Pero todos contribuimos y hoy podemos decir lo logramos.\u201d<\/span><\/span><\/p>\n<p class=\"western\"><span style=\"font-family: Arial, sans-serif;\"><span style=\"font-size: x-large;\"><img loading=\"lazy\" decoding=\"async\" class=\"aligncenter wp-image-29577 size-full\" src=\"http:\/\/www.inces.gob.ve\/wp-content\/uploads\/2019\/07\/Inces-Forma-j\u00f3venes-especiales1-.jpg\" alt=\"\" width=\"750\" height=\"563\" srcset=\"https:\/\/inces.gob.ve\/wp-content\/uploads\/2019\/07\/Inces-Forma-j\u00f3venes-especiales1-.jpg 750w, https:\/\/inces.gob.ve\/wp-content\/uploads\/2019\/07\/Inces-Forma-j\u00f3venes-especiales1--300x225.jpg 300w, https:\/\/inces.gob.ve\/wp-content\/uploads\/2019\/07\/Inces-Forma-j\u00f3venes-especiales1--136x102.jpg 136w\" sizes=\"auto, (max-width: 750px) 100vw, 750px\" \/><\/span><\/span><\/p>\n<p class=\"western\">\n<p class=\"western\"><span style=\"font-family: Arial, sans-serif;\"><span style=\"font-size: x-large;\">Para el maestro responsable del curso, \u00c1ngel Gonz\u00e1lez, esta experiencia signific\u00f3 un reto el cual decidi\u00f3 asumir. \u201cEstoy muy feliz de haber vivido esta experiencia tan hermosa porque mis conocimientos permitir\u00e1n a estos seres especiales tener un oficio que les facilitar\u00e1 la integraci\u00f3n a la sociedad. Debo destacar que siempre cont\u00e9 con el apoyo de la directora Albornoz y de dos docente del taller laboral.\u201d<\/span><\/span><\/p>\n<p class=\"western\"><img loading=\"lazy\" decoding=\"async\" class=\"aligncenter wp-image-29575 size-full\" src=\"http:\/\/www.inces.gob.ve\/wp-content\/uploads\/2019\/07\/Inces-Forma-j\u00f3venes-especiales3-.jpg\" alt=\"\" width=\"750\" height=\"563\" srcset=\"https:\/\/inces.gob.ve\/wp-content\/uploads\/2019\/07\/Inces-Forma-j\u00f3venes-especiales3-.jpg 750w, https:\/\/inces.gob.ve\/wp-content\/uploads\/2019\/07\/Inces-Forma-j\u00f3venes-especiales3--300x225.jpg 300w, https:\/\/inces.gob.ve\/wp-content\/uploads\/2019\/07\/Inces-Forma-j\u00f3venes-especiales3--136x102.jpg 136w\" sizes=\"auto, (max-width: 750px) 100vw, 750px\" \/><\/p>\n<p class=\"western\"><span style=\"font-family: Arial, sans-serif;\"><span style=\"font-size: x-large;\">Adem\u00e1s de los panes -indic\u00f3 el docente- ellos aprendieron a elaborar pizzas, besitos de coco, paledo\u00f1as y golfeados, entro otras delicateses. <\/span><\/span><\/p>\n<p class=\"western\"><span style=\"font-family: Arial, sans-serif;\"><span style=\"font-size: x-large;\">Con entusiasmo, Luis Andueza Gotopo, de 19 a\u00f1os, quien presenta la condici\u00f3n de autismo, mencion\u00f3: \u201cCon el maestro \u00c1ngel aprendimos a hacer pan de pita, de pi\u00f1ita, de manito, holandes y campesino. Para la exposici\u00f3n hice junto a mi hermana una pizza, espero les guste,\u201d exclam\u00f3 con su acostumbrada entonaci\u00f3n r\u00edtmica. <\/span><\/span><\/p>\n<p class=\"western\"><span style=\"font-family: Arial, sans-serif;\"><span style=\"font-size: x-large;\"><img loading=\"lazy\" decoding=\"async\" class=\"aligncenter wp-image-29574 size-full\" src=\"http:\/\/www.inces.gob.ve\/wp-content\/uploads\/2019\/07\/Inces-Forma-j\u00f3venes-especiales5-.jpg\" alt=\"\" width=\"750\" height=\"563\" srcset=\"https:\/\/inces.gob.ve\/wp-content\/uploads\/2019\/07\/Inces-Forma-j\u00f3venes-especiales5-.jpg 750w, https:\/\/inces.gob.ve\/wp-content\/uploads\/2019\/07\/Inces-Forma-j\u00f3venes-especiales5--300x225.jpg 300w, https:\/\/inces.gob.ve\/wp-content\/uploads\/2019\/07\/Inces-Forma-j\u00f3venes-especiales5--136x102.jpg 136w\" sizes=\"auto, (max-width: 750px) 100vw, 750px\" \/><\/span><\/span><\/p>\n<p class=\"western\" align=\"justify\">\u201c<span style=\"font-family: Arial, sans-serif;\"><span style=\"font-size: x-large;\">Nunca me imagin\u00e9 que mi hijo Ren\u00e9 pudiera ser parte de una actividad como esta, una graduaci\u00f3n. Gracias a Dios, al Inces, a la Escuela Taller Laboral hoy mi hijo est\u00e1 feliz porque sabe hacer algo con sus manos. Cada paso que da Ren\u00e9 para mi es un logro inmenso\u201d, se\u00f1al\u00f3 con voz cortada Brenda Vielma de 53, madre de Ren\u00e9. <\/span><\/span><\/p>\n","protected":false},"excerpt":{"rendered":"<p>** Realizaron una muestra de los diferentes panes que aprendieron a elaborar<\/p>\n","protected":false},"author":15,"featured_media":29576,"comment_status":"closed","ping_status":"closed","sticky":false,"template":"","format":"standard","meta":{"footnotes":""},"categories":[2],"tags":[],"class_list":["post-29569","post","type-post","status-publish","format-standard","has-post-thumbnail","hentry","category-blog"],"_links":{"self":[{"href":"https:\/\/inces.gob.ve\/index.php\/wp-json\/wp\/v2\/posts\/29569","targetHints":{"allow":["GET"]}}],"collection":[{"href":"https:\/\/inces.gob.ve\/index.php\/wp-json\/wp\/v2\/posts"}],"about":[{"href":"https:\/\/inces.gob.ve\/index.php\/wp-json\/wp\/v2\/types\/post"}],"author":[{"embeddable":true,"href":"https:\/\/inces.gob.ve\/index.php\/wp-json\/wp\/v2\/users\/15"}],"replies":[{"embeddable":true,"href":"https:\/\/inces.gob.ve\/index.php\/wp-json\/wp\/v2\/comments?post=29569"}],"version-history":[{"count":2,"href":"https:\/\/inces.gob.ve\/index.php\/wp-json\/wp\/v2\/posts\/29569\/revisions"}],"predecessor-version":[{"id":29583,"href":"https:\/\/inces.gob.ve\/index.php\/wp-json\/wp\/v2\/posts\/29569\/revisions\/29583"}],"wp:featuredmedia":[{"embeddable":true,"href":"https:\/\/inces.gob.ve\/index.php\/wp-json\/wp\/v2\/media\/29576"}],"wp:attachment":[{"href":"https:\/\/inces.gob.ve\/index.php\/wp-json\/wp\/v2\/media?parent=29569"}],"wp:term":[{"taxonomy":"category","embeddable":true,"href":"https:\/\/inces.gob.ve\/index.php\/wp-json\/wp\/v2\/categories?post=29569"},{"taxonomy":"post_tag","embeddable":true,"href":"https:\/\/inces.gob.ve\/index.php\/wp-json\/wp\/v2\/tags?post=29569"}],"curies":[{"name":"wp","href":"https:\/\/api.w.org\/{rel}","templated":true}]}}