{"id":29703,"date":"2019-07-26T09:26:18","date_gmt":"2019-07-26T15:26:18","guid":{"rendered":"http:\/\/www.inces.gob.ve\/?p=29703"},"modified":"2020-05-28T20:27:49","modified_gmt":"2020-05-29T00:27:49","slug":"la-guaira-inces-gradua-aprendices-en-manejo-de-granjas-integrales","status":"publish","type":"post","link":"https:\/\/inces.gob.ve\/index.php\/2019\/07\/26\/la-guaira-inces-gradua-aprendices-en-manejo-de-granjas-integrales\/","title":{"rendered":"LA GUAIRA | Inces grad\u00faa aprendices en \u201cManejo de Granjas Integrales\u201d"},"content":{"rendered":"<p align=\"justify\"><span style=\"font-family: Arial, sans-serif;\"><span style=\"font-size: x-large;\"><i><b>** La experiencia ha sido motivo de inspiraci\u00f3n para la entidad de trabajo que solicit\u00f3 formar a un nuevo grupo<\/b><\/i><\/span><\/span><\/p>\n<p align=\"justify\"><!--more--><\/p>\n<p align=\"justify\"><span style=\"font-family: Arial, sans-serif;\"><span style=\"font-size: x-large;\"><b>ZUVALQUI DUARTE<\/b><\/span><\/span><\/p>\n<p align=\"justify\"><span style=\"font-family: Arial, sans-serif;\"><span style=\"font-size: x-large;\">En un sencillo pero emotivo acto realizado en las instalaciones de la entidad de trabajo \u201cFinca Dos Aguas\u201d, ubicada en el sector Tibroncito de la parroquia el Junko, el Inces guaire\u00f1o efectu\u00f3 la graduaci\u00f3n de cinco aprendices.<\/span><\/span><\/p>\n<p align=\"justify\">\n<p align=\"justify\"><span style=\"font-family: Arial, sans-serif;\"><span style=\"font-size: x-large;\">Esta entidad de trabajo contrat\u00f3 y fue responsable de la formaci\u00f3n de los aprendices que suman esfuerzos para fortalecer el Motor Agroalimentario con j\u00f3venes de la regi\u00f3n.<\/span><\/span><\/p>\n<p align=\"justify\"><span style=\"font-family: Arial, sans-serif;\"><span style=\"font-size: x-large;\"><img loading=\"lazy\" decoding=\"async\" class=\"aligncenter wp-image-29706 size-full\" src=\"http:\/\/www.inces.gob.ve\/wp-content\/uploads\/2019\/07\/Inces-Manejo-Granjas-Integrales1-.jpg\" alt=\"\" width=\"850\" height=\"756\" srcset=\"https:\/\/inces.gob.ve\/wp-content\/uploads\/2019\/07\/Inces-Manejo-Granjas-Integrales1-.jpg 850w, https:\/\/inces.gob.ve\/wp-content\/uploads\/2019\/07\/Inces-Manejo-Granjas-Integrales1--300x267.jpg 300w, https:\/\/inces.gob.ve\/wp-content\/uploads\/2019\/07\/Inces-Manejo-Granjas-Integrales1--768x683.jpg 768w\" sizes=\"auto, (max-width: 850px) 100vw, 850px\" \/><\/span><\/span><\/p>\n<p align=\"justify\"><span style=\"font-family: Arial, sans-serif;\"><span style=\"font-size: x-large;\">Estuvo presente Eduardo Stein, ingeniero y presidente de la empresa \u201cFinca Dos Aguas\u201d y por el Inces guaire\u00f1o Johny P\u00e9rez, coordinador del Programa Nacional de Formaci\u00f3n de Aprendices quienes expresaron satisfacci\u00f3n ante el trabajo realizado durante 3.772 horas y es un compromiso aperturar una nueva formaci\u00f3n.<\/span><\/span><\/p>\n<p align=\"justify\">\n<img loading=\"lazy\" decoding=\"async\" class=\"aligncenter wp-image-29704 size-full\" src=\"http:\/\/www.inces.gob.ve\/wp-content\/uploads\/2019\/07\/Inces-Manejo-Granjas-Integrales3-.jpg\" alt=\"\" width=\"850\" height=\"909\" srcset=\"https:\/\/inces.gob.ve\/wp-content\/uploads\/2019\/07\/Inces-Manejo-Granjas-Integrales3-.jpg 850w, https:\/\/inces.gob.ve\/wp-content\/uploads\/2019\/07\/Inces-Manejo-Granjas-Integrales3--281x300.jpg 281w, https:\/\/inces.gob.ve\/wp-content\/uploads\/2019\/07\/Inces-Manejo-Granjas-Integrales3--768x821.jpg 768w\" sizes=\"auto, (max-width: 850px) 100vw, 850px\" \/><\/p>\n<p align=\"justify\"><span style=\"font-family: Arial, sans-serif;\"><span style=\"font-size: x-large;\">Es importante destacar que la modalidad desarrollada en este curso es el Desarrollo de Aprendizaje en Empresas (DAE) con tutores internos y la participaci\u00f3n de los maestros t\u00e9cnicos productivos para el Modulo de Integridad.<\/span><\/span><\/p>\n","protected":false},"excerpt":{"rendered":"<p>** La experiencia ha sido motivo de inspiraci\u00f3n para la entidad de trabajo que solicit\u00f3 formar a un nuevo grupo<\/p>\n","protected":false},"author":15,"featured_media":29705,"comment_status":"closed","ping_status":"closed","sticky":false,"template":"","format":"standard","meta":{"footnotes":""},"categories":[2],"tags":[],"class_list":["post-29703","post","type-post","status-publish","format-standard","has-post-thumbnail","hentry","category-blog"],"_links":{"self":[{"href":"https:\/\/inces.gob.ve\/index.php\/wp-json\/wp\/v2\/posts\/29703","targetHints":{"allow":["GET"]}}],"collection":[{"href":"https:\/\/inces.gob.ve\/index.php\/wp-json\/wp\/v2\/posts"}],"about":[{"href":"https:\/\/inces.gob.ve\/index.php\/wp-json\/wp\/v2\/types\/post"}],"author":[{"embeddable":true,"href":"https:\/\/inces.gob.ve\/index.php\/wp-json\/wp\/v2\/users\/15"}],"replies":[{"embeddable":true,"href":"https:\/\/inces.gob.ve\/index.php\/wp-json\/wp\/v2\/comments?post=29703"}],"version-history":[{"count":1,"href":"https:\/\/inces.gob.ve\/index.php\/wp-json\/wp\/v2\/posts\/29703\/revisions"}],"predecessor-version":[{"id":29707,"href":"https:\/\/inces.gob.ve\/index.php\/wp-json\/wp\/v2\/posts\/29703\/revisions\/29707"}],"wp:featuredmedia":[{"embeddable":true,"href":"https:\/\/inces.gob.ve\/index.php\/wp-json\/wp\/v2\/media\/29705"}],"wp:attachment":[{"href":"https:\/\/inces.gob.ve\/index.php\/wp-json\/wp\/v2\/media?parent=29703"}],"wp:term":[{"taxonomy":"category","embeddable":true,"href":"https:\/\/inces.gob.ve\/index.php\/wp-json\/wp\/v2\/categories?post=29703"},{"taxonomy":"post_tag","embeddable":true,"href":"https:\/\/inces.gob.ve\/index.php\/wp-json\/wp\/v2\/tags?post=29703"}],"curies":[{"name":"wp","href":"https:\/\/api.w.org\/{rel}","templated":true}]}}