{"id":29718,"date":"2019-07-29T08:34:57","date_gmt":"2019-07-29T14:34:57","guid":{"rendered":"http:\/\/www.inces.gob.ve\/?p=29718"},"modified":"2020-05-28T20:27:49","modified_gmt":"2020-05-29T00:27:49","slug":"sede-inces-presta-sus-instalaciones-para-exposicion-de-saberes-del-cpap","status":"publish","type":"post","link":"https:\/\/inces.gob.ve\/index.php\/2019\/07\/29\/sede-inces-presta-sus-instalaciones-para-exposicion-de-saberes-del-cpap\/","title":{"rendered":"SEDE | Inces presta sus instalaciones para exposici\u00f3n de saberes del CPAP"},"content":{"rendered":"<p align=\"justify\"><span style=\"font-family: arial, sans-serif;\"><i><b>** El Inces y la Universidad Sim\u00f3n Rodr\u00edguez reconocen los saberes emp\u00edricos y ancestrales de los venezolanos<\/b><\/i><\/span><!--more--><\/p>\n<p align=\"justify\">\n<p align=\"justify\"><span style=\"font-family: arial, sans-serif;\"><b>DIMAS P\u00c1EZ<\/b><\/span><\/p>\n<p align=\"justify\"><span style=\"font-family: arial, sans-serif;\">En la plazoleta de la sede principal del Inces se realiz\u00f3 la Exposici\u00f3n de Obras y Manualidades de los Maestros y Maestras Pueblo \u201c1era. Promoci\u00f3n Alejandrina Reyes\u201d, donde fueron certificados 39 cultores por parte de la Universidad Sim\u00f3n Rodr\u00edguez<\/span><\/p>\n<p align=\"justify\">\n<p align=\"justify\"><span style=\"font-family: arial, sans-serif;\">M\u00edriam Cova, docente del Centro de Experimentaci\u00f3n Aprendizaje Permanente (CEPAP) de la Universidad Sim\u00f3n Rodr\u00edguez, explic\u00f3: \u201cDesde hace dos a\u00f1os estamos compartiendo el espacio que fue cedido gentilmente por Wuikelman Angel, presidente del Inces, y la junta directiva de esa instituci\u00f3n. En est\u00e1 ocasi\u00f3n estamos otorgando los certificados de Maestros y Maestras Pueblos a un grupo de cultores, artesanos y sabios populares que no tienen reconocimiento acad\u00e9micos, pero consideramos que la sabidur\u00eda y el conocimiento que han venido desarrollando en sus comunidades como maestros los avalan para obtener este reconocimiento por parte de la universidad \u201c.<\/span><\/p>\n<p align=\"justify\"><img loading=\"lazy\" decoding=\"async\" class=\"aligncenter wp-image-29721 size-large\" src=\"http:\/\/www.inces.gob.ve\/wp-content\/uploads\/2019\/07\/100_9488-1024x768.jpg\" alt=\"\" width=\"640\" height=\"480\" srcset=\"https:\/\/inces.gob.ve\/wp-content\/uploads\/2019\/07\/100_9488-1024x768.jpg 1024w, https:\/\/inces.gob.ve\/wp-content\/uploads\/2019\/07\/100_9488-300x225.jpg 300w, https:\/\/inces.gob.ve\/wp-content\/uploads\/2019\/07\/100_9488-768x576.jpg 768w, https:\/\/inces.gob.ve\/wp-content\/uploads\/2019\/07\/100_9488-136x102.jpg 136w, https:\/\/inces.gob.ve\/wp-content\/uploads\/2019\/07\/100_9488.jpg 2048w\" sizes=\"auto, (max-width: 640px) 100vw, 640px\" \/><\/p>\n<p align=\"justify\"><span style=\"font-family: arial, sans-serif;\">Agreg\u00f3 Cova: \u201cEn el d\u00eda de hoy se est\u00e1 llevando a cabo la exposici\u00f3n y entrega de certificados a estas personas que tiene una trayectoria interesante y le estamos haciendo resguardo de ese acerbo cultural. Entre los oficios reconocidos est\u00e1n m\u00fasicos, cultores populares, taxidermista, pintores, artesanos con habilidades para las manualidades, gastronom\u00eda, t\u00e9cnicos populares que arreglan diferentes art\u00edculos, entre otros. Aqu\u00ed est\u00e1n exponiendo 10 expositores de los Maestros y Maestras Pueblo\u201d, indic\u00f3 Cova.<\/span><\/p>\n<p align=\"justify\"><img loading=\"lazy\" decoding=\"async\" class=\"aligncenter wp-image-29719 size-large\" src=\"http:\/\/www.inces.gob.ve\/wp-content\/uploads\/2019\/07\/100_9473-1024x768.jpg\" alt=\"\" width=\"640\" height=\"480\" srcset=\"https:\/\/inces.gob.ve\/wp-content\/uploads\/2019\/07\/100_9473-1024x768.jpg 1024w, https:\/\/inces.gob.ve\/wp-content\/uploads\/2019\/07\/100_9473-300x225.jpg 300w, https:\/\/inces.gob.ve\/wp-content\/uploads\/2019\/07\/100_9473-768x576.jpg 768w, https:\/\/inces.gob.ve\/wp-content\/uploads\/2019\/07\/100_9473-136x102.jpg 136w, https:\/\/inces.gob.ve\/wp-content\/uploads\/2019\/07\/100_9473.jpg 2048w\" sizes=\"auto, (max-width: 640px) 100vw, 640px\" \/><\/p>\n<p align=\"justify\"><span style=\"font-family: arial, sans-serif;\">Migdalia Tovar, cultora popular de la parroquia La Vega en danzas tradiciones venezolanas, expuso: \u201cSoy especialista en todo lo que tiene que ver con las danzas populares, en la teor\u00eda y pr\u00e1ctica de nuestras tradiciones. Este es un reconocimiento que hace la universidad a los saberes emp\u00edricos. Durante muchos a\u00f1os he dictado clase y aun cuando uno puede tener otro t\u00edtulo, es gratificante que le reconozcan a uno su oficio a nivel universitario. En este gobierno hemos sido visibilizados. Gracias a la Universidad Sim\u00f3n Rodr\u00edguez y al Inces que nos convoc\u00f3 para mostrar cada uno de nuestros saberes, para ser reconocido con un certificado\u201d.<\/span><\/p>\n<p align=\"justify\"><img loading=\"lazy\" decoding=\"async\" class=\"aligncenter wp-image-29722 size-large\" src=\"http:\/\/www.inces.gob.ve\/wp-content\/uploads\/2019\/07\/100_9494-1024x768.jpg\" alt=\"\" width=\"640\" height=\"480\" srcset=\"https:\/\/inces.gob.ve\/wp-content\/uploads\/2019\/07\/100_9494-1024x768.jpg 1024w, https:\/\/inces.gob.ve\/wp-content\/uploads\/2019\/07\/100_9494-300x225.jpg 300w, https:\/\/inces.gob.ve\/wp-content\/uploads\/2019\/07\/100_9494-768x576.jpg 768w, https:\/\/inces.gob.ve\/wp-content\/uploads\/2019\/07\/100_9494-136x102.jpg 136w, https:\/\/inces.gob.ve\/wp-content\/uploads\/2019\/07\/100_9494.jpg 2048w\" sizes=\"auto, (max-width: 640px) 100vw, 640px\" \/><\/p>\n<p align=\"justify\"><span style=\"font-family: arial, sans-serif;\">La exposici\u00f3n estuvo amenizada por la Cofrad\u00eda de San juan Bautista, de la parroquia Antimano, que son patrimonio cultural de la mencionada parroquia.<\/span><\/p>\n<p align=\"justify\">\n<p align=\"justify\">\n","protected":false},"excerpt":{"rendered":"<p>** El Inces y la Universidad Sim\u00f3n Rodr\u00edguez reconocen los saberes emp\u00edricos y ancestrales de los venezolanos<\/p>\n","protected":false},"author":4,"featured_media":29720,"comment_status":"closed","ping_status":"open","sticky":false,"template":"","format":"standard","meta":{"footnotes":""},"categories":[2],"tags":[],"class_list":["post-29718","post","type-post","status-publish","format-standard","has-post-thumbnail","hentry","category-blog"],"_links":{"self":[{"href":"https:\/\/inces.gob.ve\/index.php\/wp-json\/wp\/v2\/posts\/29718","targetHints":{"allow":["GET"]}}],"collection":[{"href":"https:\/\/inces.gob.ve\/index.php\/wp-json\/wp\/v2\/posts"}],"about":[{"href":"https:\/\/inces.gob.ve\/index.php\/wp-json\/wp\/v2\/types\/post"}],"author":[{"embeddable":true,"href":"https:\/\/inces.gob.ve\/index.php\/wp-json\/wp\/v2\/users\/4"}],"replies":[{"embeddable":true,"href":"https:\/\/inces.gob.ve\/index.php\/wp-json\/wp\/v2\/comments?post=29718"}],"version-history":[{"count":2,"href":"https:\/\/inces.gob.ve\/index.php\/wp-json\/wp\/v2\/posts\/29718\/revisions"}],"predecessor-version":[{"id":29759,"href":"https:\/\/inces.gob.ve\/index.php\/wp-json\/wp\/v2\/posts\/29718\/revisions\/29759"}],"wp:featuredmedia":[{"embeddable":true,"href":"https:\/\/inces.gob.ve\/index.php\/wp-json\/wp\/v2\/media\/29720"}],"wp:attachment":[{"href":"https:\/\/inces.gob.ve\/index.php\/wp-json\/wp\/v2\/media?parent=29718"}],"wp:term":[{"taxonomy":"category","embeddable":true,"href":"https:\/\/inces.gob.ve\/index.php\/wp-json\/wp\/v2\/categories?post=29718"},{"taxonomy":"post_tag","embeddable":true,"href":"https:\/\/inces.gob.ve\/index.php\/wp-json\/wp\/v2\/tags?post=29718"}],"curies":[{"name":"wp","href":"https:\/\/api.w.org\/{rel}","templated":true}]}}