{"id":29735,"date":"2019-07-29T11:18:25","date_gmt":"2019-07-29T17:18:25","guid":{"rendered":"http:\/\/www.inces.gob.ve\/?p=29735"},"modified":"2020-05-28T20:27:49","modified_gmt":"2020-05-29T00:27:49","slug":"tachira-inces-se-sienta-en-mesa-tecnica-con-la-central-azucarera","status":"publish","type":"post","link":"https:\/\/inces.gob.ve\/index.php\/2019\/07\/29\/tachira-inces-se-sienta-en-mesa-tecnica-con-la-central-azucarera\/","title":{"rendered":"T\u00c1CHIRA | Inces se sienta en mesa t\u00e9cnica con la central azucarera"},"content":{"rendered":"<p class=\"western\" style=\"text-align: justify;\">\n<p class=\"western\" style=\"text-align: justify;\"><span style=\"font-family: arial,sans-serif; font-size: 14pt;\">Atendiendo las obligaciones propias del Inces, como lo son el asesoramiento t\u00e9cnico, formativo y educacional de quienes as\u00ed lo soliciten, se acudi\u00f3 a conformar la primera mesa t\u00e9cnica de trabajo, diagn\u00f3stico y propuesta, conjuntamente con los representantes del Central Azucarero (CAZTA).<\/span><\/p>\n<p class=\"western\" style=\"text-align: justify;\">\n<p class=\"western\" style=\"text-align: justify;\"><span style=\"font-family: arial,sans-serif; font-size: 14pt;\">En esta mesa t\u00e9cnica se abordaron distintos temas de tipo formativo hacia la poblaci\u00f3n obrera y profesional que habita en el central, proyecto productivo que lideriza el Ministerio del Poder Popular de los Servicios Penitenciarios, igualmente se promovieron proyectos desde el \u00e1rea de encadenamiento productivo del Inces T\u00e1chira.<\/span><\/p>\n<p class=\"western\" style=\"text-align: justify;\">\n<p class=\"western\" style=\"text-align: justify;\"><span style=\"font-family: arial,sans-serif; font-size: 14pt;\">El gerente regional Geovanni Gonzalez expres\u00f3: \u201cUno de los objetivos es certificar al personal involucrado en el nuevo proyecto de CAZTA, dise\u00f1ar un perfil curricular acorde a la realidad del momento pa\u00eds y a la situaci\u00f3n que se vive en esta zona Fronteriza de Ure\u00f1a, y que presenta una necesidad y situaci\u00f3n at\u00edpica en los requerimientos t\u00e9cnicos formativos por parte del personal trabajador de dicha empresa estatal\u201d. <\/span><\/p>\n<p class=\"western\" style=\"text-align: justify;\">\n<p class=\"western\" style=\"text-align: justify;\"><span style=\"font-family: arial,sans-serif; font-size: 14pt;\">De igual manera, se plante\u00f3 formular cursos de formaci\u00f3n contingenciada para producir mayor celeridad cualitativa a las necesidades arrojadas de un diagnostico realizado; planificar horarios que acompa\u00f1en y respeten el itinerario productivo ya establecido por la empresa y que como referencia, sean mas pr\u00e1cticos en el desarrollo del aprendizaje en plena marcha de trabajo.<\/span><\/p>\n<p>&nbsp;<\/p>\n<p class=\"western\" style=\"text-align: justify;\"><span style=\"font-family: arial,sans-serif; font-size: 14pt;\">Asimismo Gonz\u00e1lez recalc\u00f3, el proyectar actividades de orientaci\u00f3n a los Promotores Privados de Libertad (PPL) \u201c los cuales se certificar\u00e1n, para ejercer la labor masificadora de la ense\u00f1anza formativa de tipo t\u00e9cnico y que representen al Inces desde estos espacios conjuntos y controlados por el Servicio Penitenciario. <\/span><\/p>\n<p class=\"western\" style=\"text-align: justify;\">\n<p class=\"western\" style=\"text-align: justify;\"><span style=\"font-family: arial,sans-serif; font-size: 14pt;\">Estas alianzas entre ambas instituciones, tienen la finalidad de dar marcha oportuna a algunos proyectos productivos propuestos desde la Gerencia Regional del Inces T\u00e1chira y la Central Azucarera.<\/span><\/p>\n<p class=\"western\" style=\"text-align: justify;\"><span style=\"font-family: arial, sans-serif;\">\u00a0<\/span><\/p>\n","protected":false},"excerpt":{"rendered":"<p>Atendiendo las obligaciones propias del Inces, como lo son el asesoramiento t\u00e9cnico, formativo y educacional de quienes as\u00ed lo soliciten, se acudi\u00f3 a conformar la primera mesa t\u00e9cnica de trabajo, diagn\u00f3stico y propuesta, conjuntamente con los representantes del Central Azucarero (CAZTA). En esta mesa t\u00e9cnica se abordaron distintos temas de tipo formativo hacia la poblaci\u00f3n [&hellip;]<\/p>\n","protected":false},"author":4,"featured_media":29736,"comment_status":"closed","ping_status":"open","sticky":false,"template":"","format":"standard","meta":{"footnotes":""},"categories":[2],"tags":[],"class_list":["post-29735","post","type-post","status-publish","format-standard","has-post-thumbnail","hentry","category-blog"],"_links":{"self":[{"href":"https:\/\/inces.gob.ve\/index.php\/wp-json\/wp\/v2\/posts\/29735","targetHints":{"allow":["GET"]}}],"collection":[{"href":"https:\/\/inces.gob.ve\/index.php\/wp-json\/wp\/v2\/posts"}],"about":[{"href":"https:\/\/inces.gob.ve\/index.php\/wp-json\/wp\/v2\/types\/post"}],"author":[{"embeddable":true,"href":"https:\/\/inces.gob.ve\/index.php\/wp-json\/wp\/v2\/users\/4"}],"replies":[{"embeddable":true,"href":"https:\/\/inces.gob.ve\/index.php\/wp-json\/wp\/v2\/comments?post=29735"}],"version-history":[{"count":1,"href":"https:\/\/inces.gob.ve\/index.php\/wp-json\/wp\/v2\/posts\/29735\/revisions"}],"predecessor-version":[{"id":29737,"href":"https:\/\/inces.gob.ve\/index.php\/wp-json\/wp\/v2\/posts\/29735\/revisions\/29737"}],"wp:featuredmedia":[{"embeddable":true,"href":"https:\/\/inces.gob.ve\/index.php\/wp-json\/wp\/v2\/media\/29736"}],"wp:attachment":[{"href":"https:\/\/inces.gob.ve\/index.php\/wp-json\/wp\/v2\/media?parent=29735"}],"wp:term":[{"taxonomy":"category","embeddable":true,"href":"https:\/\/inces.gob.ve\/index.php\/wp-json\/wp\/v2\/categories?post=29735"},{"taxonomy":"post_tag","embeddable":true,"href":"https:\/\/inces.gob.ve\/index.php\/wp-json\/wp\/v2\/tags?post=29735"}],"curies":[{"name":"wp","href":"https:\/\/api.w.org\/{rel}","templated":true}]}}