{"id":29749,"date":"2019-07-29T11:47:37","date_gmt":"2019-07-29T17:47:37","guid":{"rendered":"http:\/\/www.inces.gob.ve\/?p=29749"},"modified":"2020-05-28T20:27:49","modified_gmt":"2020-05-29T00:27:49","slug":"en-acto-formal-de-transmision-de-mando-fue-presentado-nuevo-director-de-inces-militar","status":"publish","type":"post","link":"https:\/\/inces.gob.ve\/index.php\/2019\/07\/29\/en-acto-formal-de-transmision-de-mando-fue-presentado-nuevo-director-de-inces-militar\/","title":{"rendered":"En acto formal de transmisi\u00f3n de mando fue presentado nuevo director de Inces Militar"},"content":{"rendered":"<p style=\"text-align: justify;\" align=\"justify\"><span style=\"font-family: arial,sans-serif; font-size: 14pt;\"><i><b>** Se trata del general de brigada Pablo C\u00e9sar Rodr\u00edguez Garc\u00eda, quien sustituye al tambi\u00e9n general de brigada, Gerardo Ygnacio Vel\u00e1squez Ramos <\/b><\/i><\/span><!--more--><\/p>\n<p style=\"text-align: justify;\" align=\"justify\"><span style=\"font-family: arial,sans-serif; font-size: 14pt;\"><b>FREDDY MART\u00cdNEZ<\/b><\/span><\/p>\n<p style=\"text-align: justify;\" align=\"justify\"><span style=\"font-family: arial,sans-serif; font-size: 14pt;\">En un acto realizado en la Sala Situacional del Inces Militar, se llev\u00f3 a cabo la transmisi\u00f3n de mando de la jefatura de esta dependencia formativa, ahora a cargo del general de brigada Pablo C\u00e9sar Rodr\u00edguez Garc\u00eda; acto que estuvo presidido por el presidente de la instituci\u00f3n Wuikelman Angel y del director saliente, G\/B Gerardo Ygnacio Vel\u00e1squez Ramos. <\/span><\/p>\n<p style=\"text-align: justify;\" align=\"justify\">\n<p style=\"text-align: justify;\" align=\"justify\"><span style=\"font-family: arial,sans-serif; font-size: 14pt;\">El acto protocolar incluy\u00f3 la firma en el libro de directores de Inces Militar, palabras del nuevo director y del jefe saliente, fotograf\u00eda del estandarte de la jefatura y palabras del presidente del Inces. <\/span><\/p>\n<p style=\"text-align: justify;\" align=\"justify\">\n<img loading=\"lazy\" decoding=\"async\" class=\"aligncenter wp-image-29752 size-large\" src=\"http:\/\/www.inces.gob.ve\/wp-content\/uploads\/2019\/07\/IncesMIlitar_-1024x717.jpg\" alt=\"\" width=\"640\" height=\"448\" srcset=\"https:\/\/inces.gob.ve\/wp-content\/uploads\/2019\/07\/IncesMIlitar_-1024x717.jpg 1024w, https:\/\/inces.gob.ve\/wp-content\/uploads\/2019\/07\/IncesMIlitar_-300x210.jpg 300w, https:\/\/inces.gob.ve\/wp-content\/uploads\/2019\/07\/IncesMIlitar_-768x538.jpg 768w\" sizes=\"auto, (max-width: 640px) 100vw, 640px\" \/><\/p>\n<p align=\"justify\">\n<p style=\"text-align: justify;\" align=\"justify\"><span style=\"font-family: arial,sans-serif; font-size: 14pt;\">El G\/B Rodr\u00edguez Garc\u00eda es egresado de la Academia Militar de Venezuela y viene de ejercer responsabilidades en el \u00e1rea de las redes sociales; una unidad de comunicaci\u00f3n creada por la FANB para el empleo efectivo de las redes sociales en el contexto de los sistem\u00e1ticos ataques que la instituci\u00f3n militar recibe desde los medios virtuales de comunicaci\u00f3n. <\/span><\/p>\n<p style=\"text-align: justify;\" align=\"justify\">\n<p style=\"text-align: justify;\" align=\"justify\"><span style=\"font-family: arial,sans-serif; font-size: 14pt;\">El nuevo Director considera que se debe potenciar y fortalecer el trabajo hasta ahora desarrollado en Inces Militar por la Direcci\u00f3n saliente, para lo cual lo importante continuar una l\u00ednea de trabajo que tiene el prop\u00f3sito de formar al personal alistado en la FANB y a las comunidades del punto y c\u00edrculo circunscritas a las instalaciones militares. <\/span><\/p>\n<p align=\"justify\">\n<p style=\"text-align: justify;\" align=\"justify\"><img loading=\"lazy\" decoding=\"async\" class=\"aligncenter wp-image-29750 size-large\" src=\"http:\/\/www.inces.gob.ve\/wp-content\/uploads\/2019\/07\/Inces_Militar_5-1024x673.jpg\" alt=\"\" width=\"640\" height=\"421\" srcset=\"https:\/\/inces.gob.ve\/wp-content\/uploads\/2019\/07\/Inces_Militar_5-1024x673.jpg 1024w, https:\/\/inces.gob.ve\/wp-content\/uploads\/2019\/07\/Inces_Militar_5-300x197.jpg 300w, https:\/\/inces.gob.ve\/wp-content\/uploads\/2019\/07\/Inces_Militar_5-768x505.jpg 768w\" sizes=\"auto, (max-width: 640px) 100vw, 640px\" \/><\/p>\n<p style=\"text-align: justify;\" align=\"justify\"><span style=\"font-family: arial,sans-serif; font-size: 14pt;\">El general Vel\u00e1squez Ramos estuvo 5 a\u00f1os al frente de Inces Militar, gesti\u00f3n que deja una cifra cercana a los 100 mil egresados, representando el 42% de personal militar formado en los \u00faltimos 25 a\u00f1os. <\/span><\/p>\n<p style=\"text-align: justify;\" align=\"justify\">\n<p style=\"text-align: justify;\" align=\"justify\"><span style=\"font-family: arial,sans-serif; font-size: 14pt;\">El presidente del Inces Wuikelman Angel present\u00f3 ante la directiva entrante los programas formativos de la instituci\u00f3n, entre ellos, el programa Bachillerato Productivo, una modalidad formativa que tiene el fin de ofrecerle a los j\u00f3venes venezolanos la prosecuci\u00f3n de los estudios formales, con el a\u00f1adido del desarrollo de un proyecto de producci\u00f3n asociado a las necesidades.<\/span><\/p>\n<p style=\"text-align: justify;\" align=\"justify\">\n<img loading=\"lazy\" decoding=\"async\" class=\"aligncenter wp-image-29753 size-large\" src=\"http:\/\/www.inces.gob.ve\/wp-content\/uploads\/2019\/07\/Inces_Militar_6-1024x600.jpg\" alt=\"\" width=\"640\" height=\"375\" srcset=\"https:\/\/inces.gob.ve\/wp-content\/uploads\/2019\/07\/Inces_Militar_6-1024x600.jpg 1024w, https:\/\/inces.gob.ve\/wp-content\/uploads\/2019\/07\/Inces_Militar_6-300x176.jpg 300w, https:\/\/inces.gob.ve\/wp-content\/uploads\/2019\/07\/Inces_Militar_6-768x450.jpg 768w\" sizes=\"auto, (max-width: 640px) 100vw, 640px\" \/><\/p>\n<p align=\"justify\">\n<p style=\"text-align: justify;\" align=\"justify\"><span style=\"font-family: arial,sans-serif; font-size: 14pt;\">Inces Militar dise\u00f1a, planifica, conduce y supervisa programas de formaci\u00f3n integral a todo el personal de la FANB, as\u00ed como a las comunidades organizadas, instituciones gubernamentales, trasladando los recursos, medios did\u00e1cticos y personal humano requerido a todas las zonas del territorio de la Rep\u00fablica Bolivariana de Venezuela. <\/span><\/p>\n<p style=\"text-align: justify;\" align=\"justify\">\n","protected":false},"excerpt":{"rendered":"<p>** Se trata del general de brigada Pablo C\u00e9sar Rodr\u00edguez Garc\u00eda, quien sustituye al tambi\u00e9n general de brigada, Gerardo Ygnacio Vel\u00e1squez Ramos<\/p>\n","protected":false},"author":4,"featured_media":29751,"comment_status":"closed","ping_status":"open","sticky":false,"template":"","format":"standard","meta":{"footnotes":""},"categories":[2],"tags":[],"class_list":["post-29749","post","type-post","status-publish","format-standard","has-post-thumbnail","hentry","category-blog"],"_links":{"self":[{"href":"https:\/\/inces.gob.ve\/index.php\/wp-json\/wp\/v2\/posts\/29749","targetHints":{"allow":["GET"]}}],"collection":[{"href":"https:\/\/inces.gob.ve\/index.php\/wp-json\/wp\/v2\/posts"}],"about":[{"href":"https:\/\/inces.gob.ve\/index.php\/wp-json\/wp\/v2\/types\/post"}],"author":[{"embeddable":true,"href":"https:\/\/inces.gob.ve\/index.php\/wp-json\/wp\/v2\/users\/4"}],"replies":[{"embeddable":true,"href":"https:\/\/inces.gob.ve\/index.php\/wp-json\/wp\/v2\/comments?post=29749"}],"version-history":[{"count":1,"href":"https:\/\/inces.gob.ve\/index.php\/wp-json\/wp\/v2\/posts\/29749\/revisions"}],"predecessor-version":[{"id":29754,"href":"https:\/\/inces.gob.ve\/index.php\/wp-json\/wp\/v2\/posts\/29749\/revisions\/29754"}],"wp:featuredmedia":[{"embeddable":true,"href":"https:\/\/inces.gob.ve\/index.php\/wp-json\/wp\/v2\/media\/29751"}],"wp:attachment":[{"href":"https:\/\/inces.gob.ve\/index.php\/wp-json\/wp\/v2\/media?parent=29749"}],"wp:term":[{"taxonomy":"category","embeddable":true,"href":"https:\/\/inces.gob.ve\/index.php\/wp-json\/wp\/v2\/categories?post=29749"},{"taxonomy":"post_tag","embeddable":true,"href":"https:\/\/inces.gob.ve\/index.php\/wp-json\/wp\/v2\/tags?post=29749"}],"curies":[{"name":"wp","href":"https:\/\/api.w.org\/{rel}","templated":true}]}}