{"id":29775,"date":"2019-07-30T12:22:14","date_gmt":"2019-07-30T18:22:14","guid":{"rendered":"http:\/\/www.inces.gob.ve\/?p=29775"},"modified":"2020-05-28T20:27:49","modified_gmt":"2020-05-29T00:27:49","slug":"merida-inces-formo-16-jovenes-con-diversidad-funcional-en-servicio-de-habitacion-y-protocolo","status":"publish","type":"post","link":"https:\/\/inces.gob.ve\/index.php\/2019\/07\/30\/merida-inces-formo-16-jovenes-con-diversidad-funcional-en-servicio-de-habitacion-y-protocolo\/","title":{"rendered":"M\u00c9RIDA | Inces form\u00f3 16 j\u00f3venes con diversidad funcional en Servicio de Habitaci\u00f3n y Protocolo"},"content":{"rendered":"<p class=\"western\" lang=\"es-VE\" align=\"justify\"><span style=\"font-family: Arial, sans-serif;\"><span style=\"font-size: x-large;\"><i><b>** Tambi\u00e9n recibieron formaci\u00f3n en Atenci\u00f3n al P\u00fablico, aprendizaje que pusieron de manifiesto en el acto de cierre y culminaci\u00f3n del a\u00f1o escolar<\/b><\/i><\/span><\/span><\/p>\n<p class=\"western\" lang=\"es-VE\" align=\"justify\"><!--more--><\/p>\n<p class=\"western\" lang=\"es-VE\" align=\"justify\"><span style=\"font-family: Arial, sans-serif;\"><span style=\"font-size: x-large;\"><b>NADIA LOBO <\/b><\/span><\/span><\/p>\n<p class=\"western\" lang=\"es-VE\" align=\"justify\"><span style=\"font-family: Arial, sans-serif;\"><span style=\"font-size: x-large;\">El Inces, a trav\u00e9s del Programa Turismo, culmin\u00f3 de manera exitosa la formaci\u00f3n y capacitaci\u00f3n <span lang=\"es-ES\">de<\/span> 16 j\u00f3venes con diversidad funcional bajo el acompa\u00f1amiento de la maestr<span lang=\"es-ES\">a<\/span> t\u00e9cnica productiva (MTP), Belkys Villarreal.<\/span><\/span><\/p>\n<p class=\"western\" lang=\"es-VE\" align=\"justify\">\n<p class=\"western\" lang=\"es-VE\" align=\"justify\"><span style=\"font-family: Arial, sans-serif;\"><span style=\"font-size: x-large;\">Tanto el curso Organizaci\u00f3n de Eventos y Protocolo, Atenci\u00f3n al P\u00fablico como el de Servicio de Habitaci\u00f3n se desarrollaron en las instalaciones del Taller de Educaci\u00f3n Laboral Bol\u00edvar, unidad educativa dedicada a la atenci\u00f3n de j\u00f3venes con diversidad funcional, ubicado en la ciudad de M\u00e9rida.<\/span><\/span><\/p>\n<p><img loading=\"lazy\" decoding=\"async\" class=\"wp-image-29778 size-full\" src=\"http:\/\/www.inces.gob.ve\/wp-content\/uploads\/2019\/07\/Inces-form\u00f3-j\u00f3venes-con-diversidad-funcional2-.jpg\" alt=\"\" width=\"750\" height=\"563\" srcset=\"https:\/\/inces.gob.ve\/wp-content\/uploads\/2019\/07\/Inces-form\u00f3-j\u00f3venes-con-diversidad-funcional2-.jpg 750w, https:\/\/inces.gob.ve\/wp-content\/uploads\/2019\/07\/Inces-form\u00f3-j\u00f3venes-con-diversidad-funcional2--300x225.jpg 300w, https:\/\/inces.gob.ve\/wp-content\/uploads\/2019\/07\/Inces-form\u00f3-j\u00f3venes-con-diversidad-funcional2--136x102.jpg 136w\" sizes=\"auto, (max-width: 750px) 100vw, 750px\" \/><\/p>\n<p class=\"western\" lang=\"es-VE\" align=\"justify\"><span style=\"font-family: Arial, sans-serif;\"><span style=\"font-size: x-large;\">La actividad de cierre de los cursos coincidi\u00f3 con la culminaci\u00f3n del a\u00f1o escolar y tuvo lugar en el auditorio del centro de formaci\u00f3n socialista (CFS) Eli\u00e9zer Otaiza, <span lang=\"es-ES\">d<\/span><span lang=\"es-ES\">o<\/span><span lang=\"es-ES\">nde<\/span> la alegr\u00eda, el amor y la pasi\u00f3n de profesores, familiares y amigos estuvo presente en un emotivo acto d\u00f3nde los estudiantes recibieron sus respectivos certificados correspondiente a la capacitaci\u00f3n ofrecida por el Inces<\/span><\/span><\/p>\n<p><img loading=\"lazy\" decoding=\"async\" class=\"wp-image-29776 size-full\" src=\"http:\/\/www.inces.gob.ve\/wp-content\/uploads\/2019\/07\/Inces-form\u00f3-j\u00f3venes-con-diversidad-funcional5-.jpg\" alt=\"\" width=\"750\" height=\"563\" srcset=\"https:\/\/inces.gob.ve\/wp-content\/uploads\/2019\/07\/Inces-form\u00f3-j\u00f3venes-con-diversidad-funcional5-.jpg 750w, https:\/\/inces.gob.ve\/wp-content\/uploads\/2019\/07\/Inces-form\u00f3-j\u00f3venes-con-diversidad-funcional5--300x225.jpg 300w, https:\/\/inces.gob.ve\/wp-content\/uploads\/2019\/07\/Inces-form\u00f3-j\u00f3venes-con-diversidad-funcional5--136x102.jpg 136w\" sizes=\"auto, (max-width: 750px) 100vw, 750px\" \/><\/p>\n<p class=\"western\" lang=\"es-VE\" align=\"justify\"><span style=\"font-family: Arial, sans-serif;\"><span style=\"font-size: x-large;\"><span lang=\"es-ES\">L<\/span>a maestra Belkis Villarreal, responsable de ambas formaciones, manifest\u00f3 su alegr\u00eda y satisfacci\u00f3n de poder compartir con este grupo de participantes que, a pesar de sus dificultades, lograron los objetivos, ya que demostraron en la pr\u00e1ctica los conocimientos adquiridos.<\/span><\/span><\/p>\n<p class=\"western\" lang=\"es-VE\" align=\"justify\">\n<p class=\"western\" lang=\"es-VE\" align=\"justify\"><span style=\"font-family: Arial, sans-serif;\"><span style=\"font-size: x-large;\">De igual manera explic\u00f3 que los j\u00f3venes que participaron en el curso <span lang=\"es-ES\">O<\/span>rganizaci\u00f3n de <span lang=\"es-ES\">E<\/span>ventos pusieron de manifiesto sus conocimientos organizando el acto de clausura de los cursos, donde demostraron capacidades en ceremonial y protocolo; funciones y caracter\u00edsticas del gu\u00eda de protocolo, realizaron pr\u00e1cticas de c\u00f3mo caminar, sentarse, saludo de mano, imagen corporal, entre otras t\u00e9cnicas.<\/span><\/span><\/p>\n<p class=\"western\" lang=\"es-VE\" align=\"justify\">\n<p><img loading=\"lazy\" decoding=\"async\" class=\"wp-image-29780 size-full\" src=\"http:\/\/www.inces.gob.ve\/wp-content\/uploads\/2019\/07\/Inces-form\u00f3-j\u00f3venes-con-diversidad-funcional.jpg\" alt=\"\" width=\"750\" height=\"563\" srcset=\"https:\/\/inces.gob.ve\/wp-content\/uploads\/2019\/07\/Inces-form\u00f3-j\u00f3venes-con-diversidad-funcional.jpg 750w, https:\/\/inces.gob.ve\/wp-content\/uploads\/2019\/07\/Inces-form\u00f3-j\u00f3venes-con-diversidad-funcional-300x225.jpg 300w, https:\/\/inces.gob.ve\/wp-content\/uploads\/2019\/07\/Inces-form\u00f3-j\u00f3venes-con-diversidad-funcional-136x102.jpg 136w\" sizes=\"auto, (max-width: 750px) 100vw, 750px\" \/><\/p>\n<p class=\"western\" lang=\"es-VE\" align=\"justify\"><span style=\"font-family: Arial, sans-serif;\"><span style=\"font-size: x-large;\">En esta oportunidad, se\u00f1al\u00f3 la maestra, que el curso de servicio de habitaci\u00f3n tuvo una duraci\u00f3n de 186 horas, donde conocieron acerca de una estructura organizativa del hotel, \u201cutilizaron el carro de la camarera, los \u00fatiles y materiales de limpieza, as\u00ed como las medidas de seguridad, con el uso de guantes, tapa-boca y gorro\u201d, <span lang=\"es-ES\">maifest\u00f3 la MTP<\/span>.<\/span><\/span><\/p>\n<figure id=\"attachment_29779\" aria-describedby=\"caption-attachment-29779\" style=\"width: 750px\" class=\"wp-caption aligncenter\"><img loading=\"lazy\" decoding=\"async\" class=\"wp-image-29779 size-full\" src=\"http:\/\/www.inces.gob.ve\/wp-content\/uploads\/2019\/07\/Inces-form\u00f3-j\u00f3venes-con-diversidad-funcional1-.jpg\" alt=\"\" width=\"750\" height=\"563\" srcset=\"https:\/\/inces.gob.ve\/wp-content\/uploads\/2019\/07\/Inces-form\u00f3-j\u00f3venes-con-diversidad-funcional1-.jpg 750w, https:\/\/inces.gob.ve\/wp-content\/uploads\/2019\/07\/Inces-form\u00f3-j\u00f3venes-con-diversidad-funcional1--300x225.jpg 300w, https:\/\/inces.gob.ve\/wp-content\/uploads\/2019\/07\/Inces-form\u00f3-j\u00f3venes-con-diversidad-funcional1--136x102.jpg 136w\" sizes=\"auto, (max-width: 750px) 100vw, 750px\" \/><figcaption id=\"caption-attachment-29779\" class=\"wp-caption-text\">\u00a0<\/figcaption><\/figure>\n<p class=\"western\" lang=\"es-VE\" align=\"justify\">\n<p class=\"western\" lang=\"es-VE\" align=\"justify\"><span style=\"font-family: Arial, sans-serif;\"><span style=\"font-size: x-large;\">El arreglo de cama, conocer el nombre de la lencer\u00eda, los procedimientos y t\u00e9cnicas para vestir la cama, arreglos de habitaci\u00f3n, limpieza de ba\u00f1os y el buen uso del tiempo, son algunas de la t\u00e9cnicas que los participantes conocieron con sus respectivas <span lang=\"es-ES\">pr<\/span><span lang=\"es-ES\">\u00e1<\/span><span lang=\"es-ES\">cticas<\/span>.<\/span><\/span><\/p>\n<p class=\"western\" lang=\"es-VE\" align=\"justify\">\n<p class=\"western\" lang=\"es-VE\" align=\"justify\"><span style=\"font-family: Arial, sans-serif;\"><span style=\"font-size: x-large;\">Finalmente, Villarreal agradeci\u00f3 a las entidades p\u00fablicas y privadas que han venido prestando el apoyo tanto al Inces como a los estudiantes por permitir desarrollar las pr\u00e1cticas en sus instalaciones, as\u00ed como el acompa\u00f1amiento durante su formaci\u00f3n.<\/span><\/span><\/p>\n<p class=\"western\" lang=\"es-VE\" align=\"justify\">\n","protected":false},"excerpt":{"rendered":"<p>** Tambi\u00e9n recibieron formaci\u00f3n en Atenci\u00f3n al P\u00fablico, aprendizaje que pusieron de manifiesto en el acto de cierre y culminaci\u00f3n del a\u00f1o escolar<\/p>\n","protected":false},"author":15,"featured_media":29777,"comment_status":"closed","ping_status":"closed","sticky":false,"template":"","format":"standard","meta":{"footnotes":""},"categories":[2],"tags":[],"class_list":["post-29775","post","type-post","status-publish","format-standard","has-post-thumbnail","hentry","category-blog"],"_links":{"self":[{"href":"https:\/\/inces.gob.ve\/index.php\/wp-json\/wp\/v2\/posts\/29775","targetHints":{"allow":["GET"]}}],"collection":[{"href":"https:\/\/inces.gob.ve\/index.php\/wp-json\/wp\/v2\/posts"}],"about":[{"href":"https:\/\/inces.gob.ve\/index.php\/wp-json\/wp\/v2\/types\/post"}],"author":[{"embeddable":true,"href":"https:\/\/inces.gob.ve\/index.php\/wp-json\/wp\/v2\/users\/15"}],"replies":[{"embeddable":true,"href":"https:\/\/inces.gob.ve\/index.php\/wp-json\/wp\/v2\/comments?post=29775"}],"version-history":[{"count":4,"href":"https:\/\/inces.gob.ve\/index.php\/wp-json\/wp\/v2\/posts\/29775\/revisions"}],"predecessor-version":[{"id":29784,"href":"https:\/\/inces.gob.ve\/index.php\/wp-json\/wp\/v2\/posts\/29775\/revisions\/29784"}],"wp:featuredmedia":[{"embeddable":true,"href":"https:\/\/inces.gob.ve\/index.php\/wp-json\/wp\/v2\/media\/29777"}],"wp:attachment":[{"href":"https:\/\/inces.gob.ve\/index.php\/wp-json\/wp\/v2\/media?parent=29775"}],"wp:term":[{"taxonomy":"category","embeddable":true,"href":"https:\/\/inces.gob.ve\/index.php\/wp-json\/wp\/v2\/categories?post=29775"},{"taxonomy":"post_tag","embeddable":true,"href":"https:\/\/inces.gob.ve\/index.php\/wp-json\/wp\/v2\/tags?post=29775"}],"curies":[{"name":"wp","href":"https:\/\/api.w.org\/{rel}","templated":true}]}}