{"id":29811,"date":"2019-07-31T07:29:58","date_gmt":"2019-07-31T13:29:58","guid":{"rendered":"http:\/\/www.inces.gob.ve\/?p=29811"},"modified":"2020-05-28T20:27:49","modified_gmt":"2020-05-29T00:27:49","slug":"cojedes-mujeres-emprendedoras-son-formadas-en-el-oficio-de-panificacion-domestica","status":"publish","type":"post","link":"https:\/\/inces.gob.ve\/index.php\/2019\/07\/31\/cojedes-mujeres-emprendedoras-son-formadas-en-el-oficio-de-panificacion-domestica\/","title":{"rendered":"COJEDES | Mujeres Emprendedoras son formadas en el oficio de Panificaci\u00f3n Dom\u00e9stica"},"content":{"rendered":"<p align=\"justify\"><span style=\"font-family: Arial, sans-serif;\"><span style=\"font-size: x-large;\"><i><b>** <span lang=\"es-ES\">Aun con discapacidad visual el maestro voluntario Jeisson Vel\u00e1squez ense\u00f1a a mujeres cojede\u00f1as el arte de elaborar pan <\/span><\/b><\/i><\/span><\/span><\/p>\n<p align=\"justify\"><!--more--><\/p>\n<p align=\"justify\"><span style=\"font-family: Arial, sans-serif;\"><span style=\"font-size: x-large;\">Con la finalidad de fomentar la formaci\u00f3n profesional para el aprovechamiento de las potencialidades productivas de las mujeres emprendedoras de la regi\u00f3n cojede\u00f1a, el Inces, en trabajo conjunto con el Poder Popular Organizado como <span lang=\"es-ES\">el <\/span>Frente Socialista de Mujeres Emprendedoras representado por Alicia Mundo, lleg\u00f3 a la comunidad de Monse\u00f1or Padilla ubicada en el municipio Ezequiel Zamora para impartir el <span lang=\"es-ES\">c<\/span>urso Panificaci\u00f3n Dom\u00e9stica.<\/span><\/span><\/p>\n<p align=\"justify\"><span style=\"font-family: Arial, sans-serif;\"><span style=\"font-size: x-large;\"><span lang=\"es-ES\">Esta <\/span>formaci\u00f3n es dirigida por los excelente maestros t\u00e9cnicos voluntarios (MTV) Dulce Romero y Jeisson <span lang=\"es-ES\">Vel<\/span><span lang=\"es-ES\">\u00e1<\/span><span lang=\"es-ES\">squez<\/span>, joven con discapacidad visual, quien diariamente viaja desde el municipio Ricaurte hasta San Carlos, ambos profesionales en el \u00e1rea y a trav\u00e9s del Inces, les brindan la ense\u00f1anza a m\u00e1s de 50 mujeres de diversas comunidades de la municipalidad sancarle\u00f1a.<img loading=\"lazy\" decoding=\"async\" class=\"aligncenter wp-image-29814 size-full\" src=\"http:\/\/www.inces.gob.ve\/wp-content\/uploads\/2019\/07\/Inces-Mujeres-Emprendedoras1-.jpg\" alt=\"\" width=\"800\" height=\"789\" srcset=\"https:\/\/inces.gob.ve\/wp-content\/uploads\/2019\/07\/Inces-Mujeres-Emprendedoras1-.jpg 800w, https:\/\/inces.gob.ve\/wp-content\/uploads\/2019\/07\/Inces-Mujeres-Emprendedoras1--300x296.jpg 300w, https:\/\/inces.gob.ve\/wp-content\/uploads\/2019\/07\/Inces-Mujeres-Emprendedoras1--768x757.jpg 768w\" sizes=\"auto, (max-width: 800px) 100vw, 800px\" \/><\/span><\/span><\/p>\n<p align=\"justify\"><span style=\"font-family: Arial, sans-serif;\"><span style=\"font-size: x-large;\">Diosa Parraga dice sentirse y ser ya una experta en el \u00e1rea de panader\u00eda. \u201cAqu\u00ed estamos aprendiendo para surgir, para ayudarnos econ\u00f3micamente; gracias a esta nueva ense\u00f1anza del Inces, nos estamos convirtiendo en profesionales de la panificaci\u00f3n dom\u00e9stica, adem\u00e1s de la gran bendici\u00f3n de Dios de tener al maestro de maestro<span lang=\"es-ES\">s<\/span> Jeisson, quien no <span lang=\"es-ES\">es limitado por<\/span> su discapacidad visual para llegar hasta nuestra comunidad a ense\u00f1arnos. <span lang=\"es-ES\">Igual<\/span>la maestra Dulce, quien tambi\u00e9n se traslada desde la comunidad de la Yaguara hasta la nuestra. <span lang=\"es-ES\">Estamos <\/span>agradecidas con el Inces por esta valiosa oportunidad\u201d.<\/span><\/span><\/p>\n<p align=\"justify\"><span style=\"font-family: Arial, sans-serif;\"><span style=\"font-size: x-large;\">Dulce Romero (MTV), quien en equipo con Jeisson form<span lang=\"es-ES\">\u00f3<\/span> dos turnos de trabajo formativo (ma\u00f1ana y tarde) desarrolla una labor espl\u00e9ndida con la metodolog\u00eda del Inces que favorecer\u00e1 a las mujeres productivas del municipio. <\/span><\/span><\/p>\n<p align=\"justify\"><span style=\"font-family: Arial, sans-serif;\"><span style=\"font-size: x-large;\">Por su parte, Yamilet <span lang=\"es-ES\">Garc<\/span><span lang=\"es-ES\">\u00ed<\/span><span lang=\"es-ES\">a<\/span> habita en la comunidad de Santa Clara, cuenta que \u201cel curso lo inici\u00e9 sin nada de conocimiento; hemos aprendido <span lang=\"es-ES\">a <\/span>hacer pan dulce, pan salado, pan de frutillas, pan de queso, pan de tocineta, pan de avena, pan de leche, entre otras exquisiteces de la panader\u00eda (\u2026) y ahorita que viene la navidad podr\u00e9 hacer mi pan de jam\u00f3n y los dulces navide\u00f1os\u201d. <\/span><\/span><\/p>\n<p align=\"justify\"><span style=\"font-family: Arial, sans-serif;\"><span style=\"font-size: x-large;\">La experiencia es un aprendizaje de vida, \u201cm\u00e1s que nunca me siento una mujer emprendedora y eso es lo que me motivo <span lang=\"es-ES\">a <\/span>hacer este curso de panader\u00eda, adem\u00e1s de ser gratuito. <span lang=\"es-ES\">M<\/span>e siento feliz de la oportunidad que me dan, con el solo hecho de hacer los panes para mis hijos y que ellos se sientan orgullosos de mi, ya eso es gratificante(\u2026) me gust<span lang=\"es-ES\">\u00f3<\/span> que desde el primer d\u00eda hicimos pan. <span lang=\"es-ES\">Solo <\/span>escribimos las recetas, <span lang=\"es-ES\">ya<\/span> que eso nos ayuda a estar m\u00e1s orientadas. <span lang=\"es-ES\">A<\/span>hora voy a ense\u00f1ar a mis hijos y ma\u00f1ana dir\u00e1n que su mami les ense\u00f1<span lang=\"es-ES\">\u00f3<\/span> a preparar el <span lang=\"es-ES\">p<\/span>an\u201d, enfatiz\u00f3 <span lang=\"es-ES\">Garc<\/span><span lang=\"es-ES\">\u00ed<\/span><span lang=\"es-ES\">a<\/span>. <\/span><\/span><\/p>\n<p align=\"justify\"><span style=\"font-family: Arial, sans-serif;\"><span style=\"font-size: x-large;\">Milanyela <span lang=\"es-ES\">Gonz<\/span><span lang=\"es-ES\">\u00e1<\/span><span lang=\"es-ES\">lez<\/span>, <span lang=\"es-ES\">c<\/span>oordinadora de la Unidad de Tecnolog\u00eda Educativa del Inces, se comprometi\u00f3 en afianzar el emprendimiento de todas las mujeres luchadoras de la municipalidad que hoy desarrollan dicho curso, certificando sus saberes emp\u00edricos en otras \u00e1reas productivas con el prop\u00f3sito de que impulsen sus conocimientos en diversas actividades y les generen beneficios favorables tanto a ellas como a sus familiares. <img loading=\"lazy\" decoding=\"async\" class=\"aligncenter wp-image-29812 size-full\" src=\"http:\/\/www.inces.gob.ve\/wp-content\/uploads\/2019\/07\/Inces-Mujeres-Emprendedoras6-.jpg\" alt=\"\" width=\"800\" height=\"600\" srcset=\"https:\/\/inces.gob.ve\/wp-content\/uploads\/2019\/07\/Inces-Mujeres-Emprendedoras6-.jpg 800w, https:\/\/inces.gob.ve\/wp-content\/uploads\/2019\/07\/Inces-Mujeres-Emprendedoras6--300x225.jpg 300w, https:\/\/inces.gob.ve\/wp-content\/uploads\/2019\/07\/Inces-Mujeres-Emprendedoras6--768x576.jpg 768w, https:\/\/inces.gob.ve\/wp-content\/uploads\/2019\/07\/Inces-Mujeres-Emprendedoras6--136x102.jpg 136w\" sizes=\"auto, (max-width: 800px) 100vw, 800px\" \/><\/span><\/span><\/p>\n<p align=\"justify\"><span style=\"font-family: Arial, sans-serif;\"><span style=\"font-size: x-large;\">Finalmente Jos\u00e9 R\u00edos, <span lang=\"es-ES\">j<\/span>efe de Formaci\u00f3n Profesional, manifest\u00f3 que desde que el Inces lleva la formaci\u00f3n a las comunidades, las experiencias de saberes son innumerables, tanto como la satisfacci\u00f3n que deja la instituci\u00f3n en cada paso ense\u00f1ado. <span lang=\"es-ES\">E<\/span>s un trabajo en conjunto que muestra <span lang=\"es-ES\">l<\/span>a fuerza revolucionaria que existe en el constante saber, aprende<span lang=\"es-ES\">r<\/span>, compartir, porque hay inclusi\u00f3n de formaci\u00f3n y amor\u201d.<\/span><\/span><\/p>\n<p align=\"justify\">\n","protected":false},"excerpt":{"rendered":"<p>** Aun con discapacidad visual el maestro voluntario Jeisson Vel\u00e1squez ense\u00f1a a mujeres cojede\u00f1as el arte de elaborar pan<\/p>\n","protected":false},"author":15,"featured_media":29813,"comment_status":"closed","ping_status":"closed","sticky":false,"template":"","format":"standard","meta":{"footnotes":""},"categories":[2],"tags":[],"class_list":["post-29811","post","type-post","status-publish","format-standard","has-post-thumbnail","hentry","category-blog"],"_links":{"self":[{"href":"https:\/\/inces.gob.ve\/index.php\/wp-json\/wp\/v2\/posts\/29811","targetHints":{"allow":["GET"]}}],"collection":[{"href":"https:\/\/inces.gob.ve\/index.php\/wp-json\/wp\/v2\/posts"}],"about":[{"href":"https:\/\/inces.gob.ve\/index.php\/wp-json\/wp\/v2\/types\/post"}],"author":[{"embeddable":true,"href":"https:\/\/inces.gob.ve\/index.php\/wp-json\/wp\/v2\/users\/15"}],"replies":[{"embeddable":true,"href":"https:\/\/inces.gob.ve\/index.php\/wp-json\/wp\/v2\/comments?post=29811"}],"version-history":[{"count":1,"href":"https:\/\/inces.gob.ve\/index.php\/wp-json\/wp\/v2\/posts\/29811\/revisions"}],"predecessor-version":[{"id":29815,"href":"https:\/\/inces.gob.ve\/index.php\/wp-json\/wp\/v2\/posts\/29811\/revisions\/29815"}],"wp:featuredmedia":[{"embeddable":true,"href":"https:\/\/inces.gob.ve\/index.php\/wp-json\/wp\/v2\/media\/29813"}],"wp:attachment":[{"href":"https:\/\/inces.gob.ve\/index.php\/wp-json\/wp\/v2\/media?parent=29811"}],"wp:term":[{"taxonomy":"category","embeddable":true,"href":"https:\/\/inces.gob.ve\/index.php\/wp-json\/wp\/v2\/categories?post=29811"},{"taxonomy":"post_tag","embeddable":true,"href":"https:\/\/inces.gob.ve\/index.php\/wp-json\/wp\/v2\/tags?post=29811"}],"curies":[{"name":"wp","href":"https:\/\/api.w.org\/{rel}","templated":true}]}}