{"id":29837,"date":"2019-07-31T09:19:35","date_gmt":"2019-07-31T15:19:35","guid":{"rendered":"http:\/\/www.inces.gob.ve\/?p=29837"},"modified":"2020-05-28T20:34:47","modified_gmt":"2020-05-29T00:34:47","slug":"zulia-40-ninos-estamparon-sus-franelas-de-graduacion-en-el-cfs-artes-graficas","status":"publish","type":"post","link":"https:\/\/inces.gob.ve\/index.php\/2019\/07\/31\/zulia-40-ninos-estamparon-sus-franelas-de-graduacion-en-el-cfs-artes-graficas\/","title":{"rendered":"ZULIA | 40 ni\u00f1os estamparon sus franelas de graduaci\u00f3n en el CFS Artes Gr\u00e1ficas"},"content":{"rendered":"<p class=\"western\" lang=\"es-VE\" align=\"justify\"><span style=\"font-family: Arial, sans-serif;\"><span style=\"font-size: x-large;\"><i><b>** Pertenecen al centro de educaci\u00f3n inicial Simoncito Francisco Ochoa<\/b><\/i><\/span><\/span><\/p>\n<p class=\"western\" lang=\"es-VE\" align=\"justify\"><!--more--><\/p>\n<p class=\"western\" lang=\"es-VE\" align=\"justify\"><span style=\"font-family: Arial, sans-serif;\"><span style=\"font-size: x-large;\"><b>YUDITH CASTRO<\/b><\/span><\/span><\/p>\n<p class=\"western\" lang=\"es-VE\" align=\"justify\"><span style=\"font-family: Arial, sans-serif;\"><span style=\"font-size: x-large;\">Un total de 40 ni\u00f1os del centro de <span lang=\"es-ES\">educaci\u00f3n <\/span>inicial Simoncito Francisco Ochoa, ubicado en Maracaibo, estamparon, con el apoyo del Inces, las franelas que utilizar\u00e1n para ser promovidos al primer grado.<\/span><\/span><\/p>\n<p class=\"western\" lang=\"es-VE\" align=\"justify\"><span style=\"font-family: Arial, sans-serif;\"><span style=\"font-size: x-large;\">Este servicio fue totalmente gratuito. Se realizaron dos arte<span lang=\"es-ES\">s<\/span>: en la parte delantera de las franelas tiene el enunciado: Pas\u00e9 para el primer grado acompa\u00f1ado de un ni\u00f1o o ni\u00f1a con su birrete y diploma, en la parte posterior cada ni\u00f1o pint\u00f3 sus manos y unas estrellas, resalt\u00f3 el jefe del centro de formaci\u00f3n socialista (CFS) Artes Gr\u00e1ficas, Carlos Pi\u00f1ero.<\/span><\/span><\/p>\n<p class=\"western\" lang=\"es-VE\" align=\"justify\"><span style=\"font-family: Arial, sans-serif;\"><span style=\"font-size: x-large;\"><img loading=\"lazy\" decoding=\"async\" class=\"aligncenter wp-image-29842 size-full\" src=\"http:\/\/www.inces.gob.ve\/wp-content\/uploads\/2019\/07\/Inces-ni\u00f1os-estampado-franelas1-.jpg\" alt=\"\" width=\"850\" height=\"707\" srcset=\"https:\/\/inces.gob.ve\/wp-content\/uploads\/2019\/07\/Inces-ni\u00f1os-estampado-franelas1-.jpg 850w, https:\/\/inces.gob.ve\/wp-content\/uploads\/2019\/07\/Inces-ni\u00f1os-estampado-franelas1--300x250.jpg 300w, https:\/\/inces.gob.ve\/wp-content\/uploads\/2019\/07\/Inces-ni\u00f1os-estampado-franelas1--768x639.jpg 768w\" sizes=\"auto, (max-width: 850px) 100vw, 850px\" \/><\/span><\/span><\/p>\n<p class=\"western\" lang=\"es-VE\" align=\"justify\"><a name=\"_GoBack\"><\/a> <span style=\"font-family: Arial, sans-serif;\"><span style=\"font-size: x-large;\">Cabe destacar que este es uno de los servicios que puede ofrecer, a precios solidarios, el CFS, adem\u00e1s de la elaboraci\u00f3n de cuadernos y libretas, entre otros. <\/span><\/span><\/p>\n<p class=\"western\" lang=\"es-VE\" align=\"justify\"><span style=\"font-family: Arial, sans-serif;\"><span style=\"font-size: x-large;\"><img loading=\"lazy\" decoding=\"async\" class=\"aligncenter wp-image-29840 size-full\" src=\"http:\/\/www.inces.gob.ve\/wp-content\/uploads\/2019\/07\/Inces-ni\u00f1os-estampado-franelas4-.jpg\" alt=\"\" width=\"850\" height=\"638\" srcset=\"https:\/\/inces.gob.ve\/wp-content\/uploads\/2019\/07\/Inces-ni\u00f1os-estampado-franelas4-.jpg 850w, https:\/\/inces.gob.ve\/wp-content\/uploads\/2019\/07\/Inces-ni\u00f1os-estampado-franelas4--300x225.jpg 300w, https:\/\/inces.gob.ve\/wp-content\/uploads\/2019\/07\/Inces-ni\u00f1os-estampado-franelas4--768x576.jpg 768w, https:\/\/inces.gob.ve\/wp-content\/uploads\/2019\/07\/Inces-ni\u00f1os-estampado-franelas4--136x102.jpg 136w\" sizes=\"auto, (max-width: 850px) 100vw, 850px\" \/><\/span><\/span><\/p>\n<p class=\"western\" lang=\"es-VE\" align=\"justify\"><span style=\"font-family: Arial, sans-serif;\"><span style=\"font-size: x-large;\">Esto es parte de las nuevas funciones que desempe\u00f1a el Inces en la actualidad, ahora no <span lang=\"es-ES\">s<\/span><span lang=\"es-ES\">o<\/span><span lang=\"es-ES\">lo<\/span> formar\u00e1 a los venezolanos en distintos oficios, sino que producir\u00e1 bienes y ofrecer\u00e1 los servicios que se requieran, considerando la capacidad instalada de esta entidad de trabajo. <\/span><\/span><\/p>\n<p class=\"western\" lang=\"es-VE\" align=\"justify\"><span style=\"font-family: Arial, sans-serif;\"><span style=\"font-size: x-large;\"><img loading=\"lazy\" decoding=\"async\" class=\"aligncenter wp-image-29841 size-full\" src=\"http:\/\/www.inces.gob.ve\/wp-content\/uploads\/2019\/07\/Inces-ni\u00f1os-estampado-franelas2-.jpg\" alt=\"\" width=\"850\" height=\"638\" srcset=\"https:\/\/inces.gob.ve\/wp-content\/uploads\/2019\/07\/Inces-ni\u00f1os-estampado-franelas2-.jpg 850w, https:\/\/inces.gob.ve\/wp-content\/uploads\/2019\/07\/Inces-ni\u00f1os-estampado-franelas2--300x225.jpg 300w, https:\/\/inces.gob.ve\/wp-content\/uploads\/2019\/07\/Inces-ni\u00f1os-estampado-franelas2--768x576.jpg 768w, https:\/\/inces.gob.ve\/wp-content\/uploads\/2019\/07\/Inces-ni\u00f1os-estampado-franelas2--136x102.jpg 136w\" sizes=\"auto, (max-width: 850px) 100vw, 850px\" \/><\/span><\/span><\/p>\n<p class=\"western\" lang=\"es-VE\" align=\"justify\"><span style=\"font-family: Arial, sans-serif;\"><span style=\"font-size: x-large;\">Los ni\u00f1os estuvieron acompa\u00f1ados de sus representantes y s<span lang=\"es-ES\">us<\/span> docentes. Esta amena jornada se efectu\u00f3 en uno de los salones del CFS Artes Gr\u00e1ficas. <\/span><\/span><\/p>\n<p class=\"western\" lang=\"es-VE\" align=\"justify\"><span style=\"font-family: Arial, sans-serif;\"><span style=\"font-size: x-large;\">La directora del <span lang=\"es-ES\">Simoncito<\/span>, <span lang=\"es-ES\">Ang<\/span><span lang=\"es-ES\">\u00e9<\/span><span lang=\"es-ES\">lica<\/span> Paz, indic\u00f3: \u201cHemos contado con el apoyo del Inces para efectuar esta bella actividad por lo que estoy muy agradecida. Gracias a esta articulaci\u00f3n, los ni\u00f1os han disfrutado de esta experiencia y han conocido los espacios de esta prestigiosa instituci\u00f3n.\u201d<img loading=\"lazy\" decoding=\"async\" class=\"aligncenter wp-image-29839 size-full\" src=\"http:\/\/www.inces.gob.ve\/wp-content\/uploads\/2019\/07\/Inces-ni\u00f1os-estampado-franelas6-.jpg\" alt=\"\" width=\"850\" height=\"638\" srcset=\"https:\/\/inces.gob.ve\/wp-content\/uploads\/2019\/07\/Inces-ni\u00f1os-estampado-franelas6-.jpg 850w, https:\/\/inces.gob.ve\/wp-content\/uploads\/2019\/07\/Inces-ni\u00f1os-estampado-franelas6--300x225.jpg 300w, https:\/\/inces.gob.ve\/wp-content\/uploads\/2019\/07\/Inces-ni\u00f1os-estampado-franelas6--768x576.jpg 768w, https:\/\/inces.gob.ve\/wp-content\/uploads\/2019\/07\/Inces-ni\u00f1os-estampado-franelas6--136x102.jpg 136w\" sizes=\"auto, (max-width: 850px) 100vw, 850px\" \/><\/span><\/span><\/p>\n<p class=\"western\" lang=\"es-VE\" align=\"justify\"><span style=\"font-family: Arial, sans-serif;\"><span style=\"font-size: x-large;\">Yubisay Mantilla, madre de Camela Soto de 6 a\u00f1os, manifest\u00f3: \u201c<span lang=\"es-ES\">E<\/span>sto significa mucho para nosotras porque nos ahorramos dinero gracias al Inces y al Simoncito. Ellos se han divertido y han aprendido pintando sus franelas.\u201d <\/span><\/span><\/p>\n<p class=\"western\" lang=\"es-VE\" align=\"justify\">\n","protected":false},"excerpt":{"rendered":"<p>** Pertenecen al centro de educaci\u00f3n inicial Simoncito Francisco Ochoa<\/p>\n","protected":false},"author":15,"featured_media":29838,"comment_status":"closed","ping_status":"closed","sticky":false,"template":"","format":"standard","meta":{"footnotes":""},"categories":[2],"tags":[],"class_list":["post-29837","post","type-post","status-publish","format-standard","has-post-thumbnail","hentry","category-blog"],"_links":{"self":[{"href":"https:\/\/inces.gob.ve\/index.php\/wp-json\/wp\/v2\/posts\/29837","targetHints":{"allow":["GET"]}}],"collection":[{"href":"https:\/\/inces.gob.ve\/index.php\/wp-json\/wp\/v2\/posts"}],"about":[{"href":"https:\/\/inces.gob.ve\/index.php\/wp-json\/wp\/v2\/types\/post"}],"author":[{"embeddable":true,"href":"https:\/\/inces.gob.ve\/index.php\/wp-json\/wp\/v2\/users\/15"}],"replies":[{"embeddable":true,"href":"https:\/\/inces.gob.ve\/index.php\/wp-json\/wp\/v2\/comments?post=29837"}],"version-history":[{"count":1,"href":"https:\/\/inces.gob.ve\/index.php\/wp-json\/wp\/v2\/posts\/29837\/revisions"}],"predecessor-version":[{"id":29843,"href":"https:\/\/inces.gob.ve\/index.php\/wp-json\/wp\/v2\/posts\/29837\/revisions\/29843"}],"wp:featuredmedia":[{"embeddable":true,"href":"https:\/\/inces.gob.ve\/index.php\/wp-json\/wp\/v2\/media\/29838"}],"wp:attachment":[{"href":"https:\/\/inces.gob.ve\/index.php\/wp-json\/wp\/v2\/media?parent=29837"}],"wp:term":[{"taxonomy":"category","embeddable":true,"href":"https:\/\/inces.gob.ve\/index.php\/wp-json\/wp\/v2\/categories?post=29837"},{"taxonomy":"post_tag","embeddable":true,"href":"https:\/\/inces.gob.ve\/index.php\/wp-json\/wp\/v2\/tags?post=29837"}],"curies":[{"name":"wp","href":"https:\/\/api.w.org\/{rel}","templated":true}]}}