{"id":29844,"date":"2019-07-31T09:24:45","date_gmt":"2019-07-31T15:24:45","guid":{"rendered":"http:\/\/www.inces.gob.ve\/?p=29844"},"modified":"2020-05-28T20:27:48","modified_gmt":"2020-05-29T00:27:48","slug":"sucre-inces-brinda-oferta-formativa-a-jefes-de-ubch-de-campeche","status":"publish","type":"post","link":"https:\/\/inces.gob.ve\/index.php\/2019\/07\/31\/sucre-inces-brinda-oferta-formativa-a-jefes-de-ubch-de-campeche\/","title":{"rendered":"Sucre | Inces brinda oferta formativa a jefes de Ubch de Campeche"},"content":{"rendered":"<p align=\"justify\"><span style=\"font-family: Arial, sans-serif;\"><span style=\"font-size: x-large;\"><i><b>** A solicitud de la concejala por la parroquia Santa In\u00e9s de Cuman\u00e1 21 l\u00edderes y dirigentes sociales se capacitar\u00e1n en la instituci\u00f3n<\/b><\/i><\/span><\/span><!--more--><\/p>\n<p align=\"justify\">\n<p align=\"justify\"><span style=\"font-family: Arial, sans-serif;\"><span style=\"font-size: x-large;\"><b>MILAGROS GUERRERO <\/b><\/span><\/span><\/p>\n<p align=\"justify\"><span style=\"font-family: Arial, sans-serif;\"><span style=\"font-size: x-large;\">El Inces en el estado Sucre brinda toda su oferta formativa para la capacitaci\u00f3n productiva de 21 jefes de Unidades de Batalla Bol\u00edvar Ch\u00e1vez (Ubch), correspondientes a la comunidad de Campeche, en virtud de optimizar las funciones de estos l\u00edderes y dirigentes sociales, en aras de mejorar sus capacidades en la atenci\u00f3n del pueblo catacumbas adentro.<\/span><\/span><\/p>\n<p align=\"justify\"><span style=\"font-family: Arial, sans-serif;\"><span style=\"font-size: x-large;\">As\u00ed lo dio a conocer la gerente regional Audin Navarro, quien asumi\u00f3 el compromiso ante quienes llevan la principal estructura de la revoluci\u00f3n socialista y bolivariana dentro de la comunidad de Campeche, donde se desarroll\u00f3 el encuentro a solicitud de la concejala por la parroquia Santa In\u00e9s Miroslava Ribero.<\/span><\/span><\/p>\n<p align=\"justify\"><span style=\"font-family: Arial, sans-serif;\"><span style=\"font-size: x-large;\">Por parte de Inces, la gerente regional habl\u00f3 al detalle sobre la oferta formativa que puede impartirse dentro y fuera de los centros de formaci\u00f3n socialistas (Cfs). Tambi\u00e9n se explic\u00f3 el funcionamiento de los programas con formaciones productivas de Inces, haciendo hinca p\u00ede en el Programa Turismo. De igual forma, se habl\u00f3 sobre el bachillerato Inces a trav\u00e9s de la Unidad Educativa para Adultos y de la posibilidad de abrir los ambientes de estudio para la culminaci\u00f3n de la educaci\u00f3n media en la misma comunidad.<\/span><\/span><\/p>\n<p align=\"justify\"><span style=\"font-family: Arial, sans-serif;\"><span style=\"font-size: x-large;\">El punto que llam\u00f3 la atenci\u00f3n de los congregados fue la conformaci\u00f3n de las Brigadas Productivas de Inces, desde la base de las formaciones productivas que la instituci\u00f3n da gratuitamente a partir de 15 a\u00f1os de edad y de la Certificaci\u00f3n de Saberes y Oficios Emp\u00edricos. Ya que ven una puerta abierta y directa para manufacturar art\u00edculos de uso diario desde dentro de la barriada y; mejor a\u00fan; con el apoyo financiero del Gobierno Bolivariano. A los efectos, se acord\u00f3 una reuni\u00f3n para la debida inducci\u00f3n por parte de Inces.<\/span><\/span><\/p>\n<p align=\"justify\"><span style=\"font-family: Arial, sans-serif;\"><span style=\"font-size: x-large;\">Hay que destacar que hubo total acuerdo entre los jefes de Ubch y la instituci\u00f3n en abrir formaciones para los Comit\u00e9 Locales de Abastecimiento y Producci\u00f3n (Clap), en funci\u00f3n de hacer verdaderamente productivos a \u00e9stas formas organizativas del pueblo, ante la coyuntura econ\u00f3mica de guerra sucia contra la poblaci\u00f3n venezolana que dirige la derecha ap\u00e1trida enquistada en Fedec\u00e1maras.<\/span><\/span><\/p>\n<p align=\"justify\"><span style=\"font-family: Arial, sans-serif;\"><span style=\"font-size: x-large;\">A la cita acudieron adem\u00e1s el coordinador municipal de los Jueces de Paz Ismael Rodr\u00edguez, el coordinador regional de Chamba Juvenil Rodrigo Avariano. Por Inces Sucre se presentaron los jefes de los <span lang=\"es-ES\">CFS <\/span>Construcci\u00f3n Jos\u00e9 Rincones y Comercio Julio Morillo, respectivamente; por ser los C<span lang=\"es-ES\">FS<\/span> m\u00e1s cercanos a la comunidad de Campeche.<\/span><\/span><\/p>\n","protected":false},"excerpt":{"rendered":"<p>** A solicitud de la concejala por la parroquia Santa In\u00e9s de Cuman\u00e1 21 l\u00edderes y dirigentes sociales se capacitar\u00e1n en la instituci\u00f3n<\/p>\n","protected":false},"author":15,"featured_media":29845,"comment_status":"closed","ping_status":"closed","sticky":false,"template":"","format":"standard","meta":{"footnotes":""},"categories":[2],"tags":[],"class_list":["post-29844","post","type-post","status-publish","format-standard","has-post-thumbnail","hentry","category-blog"],"_links":{"self":[{"href":"https:\/\/inces.gob.ve\/index.php\/wp-json\/wp\/v2\/posts\/29844","targetHints":{"allow":["GET"]}}],"collection":[{"href":"https:\/\/inces.gob.ve\/index.php\/wp-json\/wp\/v2\/posts"}],"about":[{"href":"https:\/\/inces.gob.ve\/index.php\/wp-json\/wp\/v2\/types\/post"}],"author":[{"embeddable":true,"href":"https:\/\/inces.gob.ve\/index.php\/wp-json\/wp\/v2\/users\/15"}],"replies":[{"embeddable":true,"href":"https:\/\/inces.gob.ve\/index.php\/wp-json\/wp\/v2\/comments?post=29844"}],"version-history":[{"count":1,"href":"https:\/\/inces.gob.ve\/index.php\/wp-json\/wp\/v2\/posts\/29844\/revisions"}],"predecessor-version":[{"id":29846,"href":"https:\/\/inces.gob.ve\/index.php\/wp-json\/wp\/v2\/posts\/29844\/revisions\/29846"}],"wp:featuredmedia":[{"embeddable":true,"href":"https:\/\/inces.gob.ve\/index.php\/wp-json\/wp\/v2\/media\/29845"}],"wp:attachment":[{"href":"https:\/\/inces.gob.ve\/index.php\/wp-json\/wp\/v2\/media?parent=29844"}],"wp:term":[{"taxonomy":"category","embeddable":true,"href":"https:\/\/inces.gob.ve\/index.php\/wp-json\/wp\/v2\/categories?post=29844"},{"taxonomy":"post_tag","embeddable":true,"href":"https:\/\/inces.gob.ve\/index.php\/wp-json\/wp\/v2\/tags?post=29844"}],"curies":[{"name":"wp","href":"https:\/\/api.w.org\/{rel}","templated":true}]}}