{"id":29859,"date":"2019-07-31T09:52:08","date_gmt":"2019-07-31T15:52:08","guid":{"rendered":"http:\/\/www.inces.gob.ve\/?p=29859"},"modified":"2020-05-28T20:27:48","modified_gmt":"2020-05-29T00:27:48","slug":"la-guaira-inces-visito-sede-del-diario-la-verdad-de-vargas","status":"publish","type":"post","link":"https:\/\/inces.gob.ve\/index.php\/2019\/07\/31\/la-guaira-inces-visito-sede-del-diario-la-verdad-de-vargas\/","title":{"rendered":"LA GUAIRA  | Inces visit\u00f3 sede del Diario La Verdad de Vargas"},"content":{"rendered":"<p align=\"justify\"><span style=\"font-family: Arial, sans-serif;\"><span style=\"font-size: x-large;\"><i><b>** El gerente regional Hern\u00e1n Garboza fue recibido por Beatriz Rodr\u00edguez, periodista y directora del medio de comunicaci\u00f3n para hablar de los logros metas y alcances del Inces en la regi\u00f3n<\/b><\/i><\/span><\/span><\/p>\n<p align=\"justify\"><!--more--><\/p>\n<p align=\"justify\"><span style=\"font-family: Arial, sans-serif;\"><span style=\"font-size: x-large;\"><b>ZUVALQUI DUARTE<\/b><\/span><\/span><\/p>\n<p align=\"justify\"><span style=\"font-family: Arial, sans-serif;\"><span style=\"font-size: x-large;\">Todas las ofertas formativas que se ejecutan en las comunidades, instituciones y entidades de trabajo de la regi\u00f3n guaire\u00f1a fue parte de la comunicaci\u00f3n sostenida con la directora del medio de comunicaci\u00f3n impreso de La Guaira.<\/span><\/span><\/p>\n<p align=\"justify\">\n<p align=\"justify\"><span style=\"font-family: Arial, sans-serif;\"><span style=\"font-size: x-large;\">Igualmente form\u00f3 parte del repertorio el aniversario n\u00famero 60 del Inces y las actividades pautadas en el marco de la celebraci\u00f3n.<img loading=\"lazy\" decoding=\"async\" class=\"aligncenter wp-image-29862 size-full\" src=\"http:\/\/www.inces.gob.ve\/wp-content\/uploads\/2019\/07\/Inces-visit\u00f3-sede-del-Diario-La-Verdad-1-.jpg\" alt=\"\" width=\"800\" height=\"1032\" srcset=\"https:\/\/inces.gob.ve\/wp-content\/uploads\/2019\/07\/Inces-visit\u00f3-sede-del-Diario-La-Verdad-1-.jpg 800w, https:\/\/inces.gob.ve\/wp-content\/uploads\/2019\/07\/Inces-visit\u00f3-sede-del-Diario-La-Verdad-1--233x300.jpg 233w, https:\/\/inces.gob.ve\/wp-content\/uploads\/2019\/07\/Inces-visit\u00f3-sede-del-Diario-La-Verdad-1--768x991.jpg 768w, https:\/\/inces.gob.ve\/wp-content\/uploads\/2019\/07\/Inces-visit\u00f3-sede-del-Diario-La-Verdad-1--794x1024.jpg 794w\" sizes=\"auto, (max-width: 800px) 100vw, 800px\" \/><\/span><\/span><\/p>\n<p align=\"justify\"><span style=\"font-family: Arial, sans-serif;\"><span style=\"font-size: x-large;\">La formaci\u00f3n en los motores agroalimentario, industrial, tur\u00edstico, construcci\u00f3n y telecomunicaciones que se desarrolla en todas las comunidades, sus avances y el apoyo para la conformaci\u00f3n de unidades productivas es la oferta que la regi\u00f3n ofrece y que el medio espera difundir a sus lectores.<\/span><\/span><\/p>\n<p align=\"justify\"><img loading=\"lazy\" decoding=\"async\" class=\"aligncenter wp-image-29860 size-full\" src=\"http:\/\/www.inces.gob.ve\/wp-content\/uploads\/2019\/07\/Inces-visit\u00f3-sede-del-Diario-La-Verdad-4-.jpg\" alt=\"\" width=\"800\" height=\"871\" srcset=\"https:\/\/inces.gob.ve\/wp-content\/uploads\/2019\/07\/Inces-visit\u00f3-sede-del-Diario-La-Verdad-4-.jpg 800w, https:\/\/inces.gob.ve\/wp-content\/uploads\/2019\/07\/Inces-visit\u00f3-sede-del-Diario-La-Verdad-4--276x300.jpg 276w, https:\/\/inces.gob.ve\/wp-content\/uploads\/2019\/07\/Inces-visit\u00f3-sede-del-Diario-La-Verdad-4--768x836.jpg 768w\" sizes=\"auto, (max-width: 800px) 100vw, 800px\" \/><\/p>\n","protected":false},"excerpt":{"rendered":"<p>** El gerente regional Hern\u00e1n Garboza fue recibido por Beatriz Rodr\u00edguez, periodista y directora del medio de comunicaci\u00f3n para hablar de los logros metas y alcances del Inces en la regi\u00f3n<\/p>\n","protected":false},"author":15,"featured_media":29861,"comment_status":"closed","ping_status":"closed","sticky":false,"template":"","format":"standard","meta":{"footnotes":""},"categories":[2],"tags":[],"class_list":["post-29859","post","type-post","status-publish","format-standard","has-post-thumbnail","hentry","category-blog"],"_links":{"self":[{"href":"https:\/\/inces.gob.ve\/index.php\/wp-json\/wp\/v2\/posts\/29859","targetHints":{"allow":["GET"]}}],"collection":[{"href":"https:\/\/inces.gob.ve\/index.php\/wp-json\/wp\/v2\/posts"}],"about":[{"href":"https:\/\/inces.gob.ve\/index.php\/wp-json\/wp\/v2\/types\/post"}],"author":[{"embeddable":true,"href":"https:\/\/inces.gob.ve\/index.php\/wp-json\/wp\/v2\/users\/15"}],"replies":[{"embeddable":true,"href":"https:\/\/inces.gob.ve\/index.php\/wp-json\/wp\/v2\/comments?post=29859"}],"version-history":[{"count":1,"href":"https:\/\/inces.gob.ve\/index.php\/wp-json\/wp\/v2\/posts\/29859\/revisions"}],"predecessor-version":[{"id":29863,"href":"https:\/\/inces.gob.ve\/index.php\/wp-json\/wp\/v2\/posts\/29859\/revisions\/29863"}],"wp:featuredmedia":[{"embeddable":true,"href":"https:\/\/inces.gob.ve\/index.php\/wp-json\/wp\/v2\/media\/29861"}],"wp:attachment":[{"href":"https:\/\/inces.gob.ve\/index.php\/wp-json\/wp\/v2\/media?parent=29859"}],"wp:term":[{"taxonomy":"category","embeddable":true,"href":"https:\/\/inces.gob.ve\/index.php\/wp-json\/wp\/v2\/categories?post=29859"},{"taxonomy":"post_tag","embeddable":true,"href":"https:\/\/inces.gob.ve\/index.php\/wp-json\/wp\/v2\/tags?post=29859"}],"curies":[{"name":"wp","href":"https:\/\/api.w.org\/{rel}","templated":true}]}}