{"id":29869,"date":"2019-07-31T11:31:24","date_gmt":"2019-07-31T17:31:24","guid":{"rendered":"http:\/\/www.inces.gob.ve\/?p=29869"},"modified":"2020-05-28T20:27:48","modified_gmt":"2020-05-29T00:27:48","slug":"aragua-pronto-culmina-curso-en-el-inces-textil","status":"publish","type":"post","link":"https:\/\/inces.gob.ve\/index.php\/2019\/07\/31\/aragua-pronto-culmina-curso-en-el-inces-textil\/","title":{"rendered":"ARAGUA | Pronto culmina curso en el Inces textil"},"content":{"rendered":"<p align=\"justify\"><span style=\"font-family: Arial, sans-serif;\"><span style=\"font-size: x-large;\"><i><b>** Ropa interior para todos los gustos<\/b><\/i><\/span><\/span><\/p>\n<p align=\"justify\"><!--more--><\/p>\n<p align=\"justify\"><span style=\"font-family: Arial, sans-serif;\"><span style=\"font-size: x-large;\"><b>NINOSKA PATRIZ <\/b><\/span><\/span><\/p>\n<p align=\"justify\">\n<p align=\"justify\"><span style=\"font-family: Arial, sans-serif;\"><span style=\"font-size: x-large;\">Pr\u00f3ximamente, en el Inces textil La Candelaria, tendr\u00e1 lugar la culminaci\u00f3n del curso de ropa \u00edntima dictado por la promotora t\u00e9cnica productiva (PTP) Felipa Su\u00e1rez. Son 16 participantes pr\u00f3ximas a graduarse en el curso de confeccionistas de ropa \u00edntima. 186 horas de aprendizaje determinan las creaciones, en todo lo referente a esta materia desde el hacer productivo. <\/span><\/span><\/p>\n<p align=\"justify\">\n<p align=\"justify\"><span style=\"font-family: Arial, sans-serif;\"><span style=\"font-size: x-large;\">As\u00ed tambi\u00e9n las participantes se forman en lo que es el cuidado del ambiente. En materia de reciclaje hoy reutilizan las telas de ropas que ya no usan. Por ello las franelas y leggins ahora tienen una segunda utilidad. <\/span><\/span><\/p>\n<p align=\"justify\"><img loading=\"lazy\" decoding=\"async\" class=\"aligncenter wp-image-29870 size-full\" src=\"http:\/\/www.inces.gob.ve\/wp-content\/uploads\/2019\/07\/Inces-textil4-.jpg\" alt=\"\" width=\"850\" height=\"478\" srcset=\"https:\/\/inces.gob.ve\/wp-content\/uploads\/2019\/07\/Inces-textil4-.jpg 850w, https:\/\/inces.gob.ve\/wp-content\/uploads\/2019\/07\/Inces-textil4--300x169.jpg 300w, https:\/\/inces.gob.ve\/wp-content\/uploads\/2019\/07\/Inces-textil4--768x432.jpg 768w\" sizes=\"auto, (max-width: 850px) 100vw, 850px\" \/><br \/>\n\u201c<span style=\"font-family: Arial, sans-serif;\"><span style=\"font-size: x-large;\">En relaci\u00f3n al tema ecol\u00f3gico tambi\u00e9n contribuimos con el cuidado del ambiente. Pues apoyamos la idea de minimizar la cantidad de desperdicios que arrojamos a la basura. As\u00ed mismo, aplicamos lo que es la seguridad y administraci\u00f3n del trabajo al tomar previsiones al sentarnos a coser en la m\u00e1quina, revisando los toma corriente y los elementos que componen nuestra herramienta de trabajo\u201d, aport\u00f3 la participante Mar\u00eda Parra. <\/span><\/span><\/p>\n<p align=\"justify\">\n<p align=\"justify\"><span style=\"font-family: Arial, sans-serif;\"><span style=\"font-size: x-large;\">Por su parte, la participante Amarilis Brisneida coment\u00f3 sentirse satisfecha por hacer este curso, ya que cuando entro al Inces no sab\u00eda nada de costura y ahora sabe coser y cortar prendas que antes le parec\u00eda que era imposible de hacer. Manifest\u00f3 sentirse orgullosa porque aprendi\u00f3 a confeccionar pantaletas para damas y ni\u00f1as, sostenes con ballena, acostumbradores de ni\u00f1a, cacheteros, hilos, pantys de ni\u00f1a, b\u00f3xer de dama y de ni\u00f1as, interiores b\u00f3xer para caballeros y ni\u00f1os. <\/span><\/span><\/p>\n<p align=\"justify\"><span style=\"font-family: Arial, sans-serif;\"><span style=\"font-size: x-large;\"><img loading=\"lazy\" decoding=\"async\" class=\"aligncenter wp-image-29871 size-full\" src=\"http:\/\/www.inces.gob.ve\/wp-content\/uploads\/2019\/07\/Inces-textil2-.jpg\" alt=\"\" width=\"850\" height=\"478\" srcset=\"https:\/\/inces.gob.ve\/wp-content\/uploads\/2019\/07\/Inces-textil2-.jpg 850w, https:\/\/inces.gob.ve\/wp-content\/uploads\/2019\/07\/Inces-textil2--300x169.jpg 300w, https:\/\/inces.gob.ve\/wp-content\/uploads\/2019\/07\/Inces-textil2--768x432.jpg 768w\" sizes=\"auto, (max-width: 850px) 100vw, 850px\" \/><\/span><\/span><\/p>\n<p align=\"justify\">\n<p align=\"justify\"><span style=\"font-family: Arial, sans-serif;\"><span style=\"font-size: x-large;\">De igual forma \u00c1ngela Palencia manifest\u00f3 su alegr\u00eda por esta formaci\u00f3n que les ha servido mucho por todo lo aprendido, ya que tienen tres ni\u00f1os y desde ya les est\u00e1n haciendo su ropa interior, ya que en el mercado capitalista no pueden acceder a estas prendas por el alto costo de las mismas. Tambi\u00e9n manifiestan que van a producir para la venta y as\u00ed contribuir con la econom\u00eda del pa\u00eds.<\/span><\/span><\/p>\n","protected":false},"excerpt":{"rendered":"<p>** Ropa interior para todos los gustos<\/p>\n","protected":false},"author":15,"featured_media":29872,"comment_status":"closed","ping_status":"closed","sticky":false,"template":"","format":"standard","meta":{"footnotes":""},"categories":[2],"tags":[],"class_list":["post-29869","post","type-post","status-publish","format-standard","has-post-thumbnail","hentry","category-blog"],"_links":{"self":[{"href":"https:\/\/inces.gob.ve\/index.php\/wp-json\/wp\/v2\/posts\/29869","targetHints":{"allow":["GET"]}}],"collection":[{"href":"https:\/\/inces.gob.ve\/index.php\/wp-json\/wp\/v2\/posts"}],"about":[{"href":"https:\/\/inces.gob.ve\/index.php\/wp-json\/wp\/v2\/types\/post"}],"author":[{"embeddable":true,"href":"https:\/\/inces.gob.ve\/index.php\/wp-json\/wp\/v2\/users\/15"}],"replies":[{"embeddable":true,"href":"https:\/\/inces.gob.ve\/index.php\/wp-json\/wp\/v2\/comments?post=29869"}],"version-history":[{"count":1,"href":"https:\/\/inces.gob.ve\/index.php\/wp-json\/wp\/v2\/posts\/29869\/revisions"}],"predecessor-version":[{"id":29873,"href":"https:\/\/inces.gob.ve\/index.php\/wp-json\/wp\/v2\/posts\/29869\/revisions\/29873"}],"wp:featuredmedia":[{"embeddable":true,"href":"https:\/\/inces.gob.ve\/index.php\/wp-json\/wp\/v2\/media\/29872"}],"wp:attachment":[{"href":"https:\/\/inces.gob.ve\/index.php\/wp-json\/wp\/v2\/media?parent=29869"}],"wp:term":[{"taxonomy":"category","embeddable":true,"href":"https:\/\/inces.gob.ve\/index.php\/wp-json\/wp\/v2\/categories?post=29869"},{"taxonomy":"post_tag","embeddable":true,"href":"https:\/\/inces.gob.ve\/index.php\/wp-json\/wp\/v2\/tags?post=29869"}],"curies":[{"name":"wp","href":"https:\/\/api.w.org\/{rel}","templated":true}]}}