{"id":29954,"date":"2019-08-02T09:02:29","date_gmt":"2019-08-02T15:02:29","guid":{"rendered":"http:\/\/www.inces.gob.ve\/?p=29954"},"modified":"2020-05-28T20:27:48","modified_gmt":"2020-05-29T00:27:48","slug":"incia-mes-aniversario-del-inces","status":"publish","type":"post","link":"https:\/\/inces.gob.ve\/index.php\/2019\/08\/02\/incia-mes-aniversario-del-inces\/","title":{"rendered":"Inicia mes aniversario del Inces"},"content":{"rendered":"<p align=\"justify\"><span style=\"font-family: Arial,sans-serif;\"><span style=\"font-size: x-large;\"><i><b>**<\/b> <\/i><span style=\"color: #000000;\"><em><strong>Agosto ser\u00e1 el mes donde el Inces brillar\u00e1, llenando de alegr\u00eda y dicha a todas las personas que celebren los 60 a\u00f1os que lleva brindando sabidur\u00eda y oportunidades a la juventud del pa\u00eds<\/strong><\/em><\/span><\/span><\/span><\/p>\n<p align=\"justify\"><!--more--><\/p>\n<p style=\"text-align: justify;\" align=\"justify\">\n<p style=\"text-align: justify;\" align=\"justify\"><span style=\"font-family: arial,helvetica,sans-serif; background-color: #ffffff; font-size: 18pt; color: #000000;\">En el marco de su 60 aniversario, el Inces dio incio a sus actividades recreativas, deportivas y culturales desde la plazoleta Ezequiel Zamora de la sede principal de la instituci\u00f3n, ubicada en la avenida Nueva Granada. Desde ese espacio se comenzaron a desarrollar diversas actividades gracias a las Gerencias Generales de Cultura Deporte y Recreaci\u00f3n y Talento Humano.<\/span><\/p>\n<p style=\"text-align: justify;\" align=\"justify\">\n<p style=\"text-align: justify;\" align=\"justify\"><span style=\"font-family: arial,helvetica,sans-serif; background-color: #ffffff; font-size: 18pt; color: #000000;\">Durante la tarde hubo actividades de baile con los ni\u00f1os de Fusi\u00f3n Salsera, canto con algunos de los participante del gran festival \u201cTu Voz Inces: ven y expresa tu talento\u201d Mariangel Rodr\u00edguez, Dayerlin Romero, Heiker Becerra, Daniela Rangel, Harvin Becerra y Dary Romero.<\/span><\/p>\n<p style=\"text-align: justify;\" align=\"justify\">\n<p style=\"text-align: justify;\" align=\"justify\"><span style=\"font-family: arial,helvetica,sans-serif; background-color: #ffffff; font-size: 18pt; color: #000000;\">El encargado de mantener el ambiente musical fue el Dj Rub\u00e9n Villalba, y para cerrar el d\u00eda estuvo presente el grupo salsero Yensibo, quien hizo desbordar las instalaciones de alegr\u00eda con su buena m\u00fasica<\/span><\/p>\n<p style=\"text-align: justify;\" align=\"justify\">\n<p style=\"text-align: justify;\" align=\"justify\"><span style=\"font-family: arial,helvetica,sans-serif; background-color: #ffffff; font-size: 18pt; color: #000000;\">\u201cDesde la cultura y el arte estamos apostando al crecimiento espiritual de nuestro pueblo y de nuestros trabajadores en momentos dif\u00edciles; pero que sin duda sabemos que desde el optimismo vamos a vencer las dificultades. Son 60 a\u00f1os formando a Venezuela, hecho que no puede pasar en vano. Ahora nos corresponde construir, avanzar y producir para nuestro pa\u00eds\u201d, as\u00ed lo destac\u00f3 Jos\u00e9 Luis Tovar, gerente general de Cultura, Deporte, Recreaci\u00f3n y Participaci\u00f3n Comunal del Inces.<\/span><\/p>\n<p style=\"text-align: justify;\" align=\"justify\">\n<p style=\"text-align: justify;\" align=\"justify\"><span style=\"font-family: arial,helvetica,sans-serif; background-color: #ffffff; font-size: 18pt; color: #000000;\">Las personas manifestaron su alegr\u00eda y destacaron la importancia de hacer actividades que motiven a los trabajadores y resalten el valor del Inces para la juventud y todo el pa\u00eds. Daniel Rojas, aprendiz, mencion\u00f3 su agrado al poder pasar una tarde diferente junto a sus compa\u00f1eros de estudio \u201cGracias a las gerencias que nos regalaron este d\u00eda, y al presidente Wuikelman Angel por su buena iniciativa y trabajo para nosotros los j\u00f3venes\u201d<\/span><\/p>\n<p style=\"text-align: justify;\" align=\"justify\">\n<p style=\"text-align: justify;\" align=\"justify\"><span style=\"font-family: arial,helvetica,sans-serif; background-color: #ffffff; font-size: 18pt; color: #000000;\">El Inces estar\u00e1 de fiesta todo el mes de agosto, realizando diferentes actividades, la m\u00e1s pr\u00f3xima ser\u00e1 este viernes 2 de agosto, a las 11 de la ma\u00f1ana cuando se lleve a cabo el \u201cConcierto 60 aniversario\u201d que dar\u00e1 la Orquesta Batalla.<\/span><\/p>\n<p align=\"justify\">\n<p align=\"justify\">\n","protected":false},"excerpt":{"rendered":"<p>** Agosto ser\u00e1 el mes donde el Inces brillar\u00e1, llenando de alegr\u00eda y dicha a todas las personas que celebren los 60 a\u00f1os que lleva brindando sabidur\u00eda y oportunidades a la juventud del pa\u00eds<\/p>\n","protected":false},"author":15,"featured_media":29955,"comment_status":"closed","ping_status":"closed","sticky":false,"template":"","format":"standard","meta":{"footnotes":""},"categories":[2],"tags":[],"class_list":["post-29954","post","type-post","status-publish","format-standard","has-post-thumbnail","hentry","category-blog"],"_links":{"self":[{"href":"https:\/\/inces.gob.ve\/index.php\/wp-json\/wp\/v2\/posts\/29954","targetHints":{"allow":["GET"]}}],"collection":[{"href":"https:\/\/inces.gob.ve\/index.php\/wp-json\/wp\/v2\/posts"}],"about":[{"href":"https:\/\/inces.gob.ve\/index.php\/wp-json\/wp\/v2\/types\/post"}],"author":[{"embeddable":true,"href":"https:\/\/inces.gob.ve\/index.php\/wp-json\/wp\/v2\/users\/15"}],"replies":[{"embeddable":true,"href":"https:\/\/inces.gob.ve\/index.php\/wp-json\/wp\/v2\/comments?post=29954"}],"version-history":[{"count":6,"href":"https:\/\/inces.gob.ve\/index.php\/wp-json\/wp\/v2\/posts\/29954\/revisions"}],"predecessor-version":[{"id":29981,"href":"https:\/\/inces.gob.ve\/index.php\/wp-json\/wp\/v2\/posts\/29954\/revisions\/29981"}],"wp:featuredmedia":[{"embeddable":true,"href":"https:\/\/inces.gob.ve\/index.php\/wp-json\/wp\/v2\/media\/29955"}],"wp:attachment":[{"href":"https:\/\/inces.gob.ve\/index.php\/wp-json\/wp\/v2\/media?parent=29954"}],"wp:term":[{"taxonomy":"category","embeddable":true,"href":"https:\/\/inces.gob.ve\/index.php\/wp-json\/wp\/v2\/categories?post=29954"},{"taxonomy":"post_tag","embeddable":true,"href":"https:\/\/inces.gob.ve\/index.php\/wp-json\/wp\/v2\/tags?post=29954"}],"curies":[{"name":"wp","href":"https:\/\/api.w.org\/{rel}","templated":true}]}}