{"id":29960,"date":"2019-08-02T09:39:08","date_gmt":"2019-08-02T15:39:08","guid":{"rendered":"http:\/\/www.inces.gob.ve\/?p=29960"},"modified":"2020-05-28T20:27:48","modified_gmt":"2020-05-29T00:27:48","slug":"los-149-cfs-del-inces-son-productivos-para-el-desarrollo-del-pais","status":"publish","type":"post","link":"https:\/\/inces.gob.ve\/index.php\/2019\/08\/02\/los-149-cfs-del-inces-son-productivos-para-el-desarrollo-del-pais\/","title":{"rendered":"Los 149 CFS del Inces son productivos para el desarrollo del pa\u00eds"},"content":{"rendered":"\n\n<p align=\"justify\">\u00a0<\/p>\n<p align=\"justify\"><span style=\"font-family: Arial,sans-serif; color: #000000;\"><span style=\"font-size: x-large;\"><i><b>* Programa radial Somos Inces # 101<\/b><\/i><\/span><\/span><!--more--><\/p>\n<p align=\"justify\">\u00a0<\/p>\n<p align=\"justify\"><span style=\"font-family: Arial, sans-serif;\"><span style=\"font-size: x-large;\"><b>DIMAS P\u00c1EZ<\/b><\/span><\/span><\/p>\n<p align=\"justify\"><span style=\"font-family: Arial, sans-serif;\"><span style=\"font-size: x-large;\">El programa Somos Inces, transmitido por Radio Miraflores y conducido por Luis Angel Mart\u00ednez, tuvo como invitados a Erick Vera, jefe del centro de formaci\u00f3n socialista (CFS) Industrial del Este y a Juli\u00e1n Cordero, maestra t\u00e9cnico productivo (MTP) en el \u00e1rea industrial (Metalmac\u00e1nica).<\/span><\/span><\/p>\n<p align=\"justify\"><span style=\"font-family: Arial, sans-serif;\"><span style=\"font-size: x-large;\">Tambi\u00e9n se hizo contacto telef\u00f3nico con Eudi Otaiza, jefe del CFS Metalmec\u00e1nico del 23 de Enero y el gerente del Inces en el estado La Guaira, Hern\u00e1n Garboza.<\/span><\/span><\/p>\n<p><iframe loading=\"lazy\" title=\"Somos Inces\" width=\"640\" height=\"360\" src=\"https:\/\/www.youtube.com\/embed\/SnXNZzUVhl4?feature=oembed\" frameborder=\"0\" allow=\"accelerometer; autoplay; clipboard-write; encrypted-media; gyroscope; picture-in-picture; web-share\" referrerpolicy=\"strict-origin-when-cross-origin\" allowfullscreen><\/iframe><\/p>\n<p align=\"justify\"><a href=\"https:\/\/youtu.be\/SnXNZzUVhl4\">https:\/\/youtu.be\/SnXNZzUVhl4<\/a><\/p>\n<p align=\"justify\"><span style=\"font-family: Arial, sans-serif;\"><span style=\"font-size: x-large;\">Erick Vera explic\u00f3 que CFS Industrial del Este cuenta con cuatro grandes talleres: Metalurgia, Metalmec\u00e1nico, Carpinter\u00eda y Panader\u00eda, \u201ctambi\u00e9n contamos con cursos de Turismo, clases de bachillerato productivo, Ingl\u00e9s, agr\u00edcolas, Chamba Juvenil, entre otros. <\/span><\/span><\/p>\n<p align=\"justify\">\u00a0<\/p>\n<p align=\"justify\">\u201c<span style=\"font-family: Arial, sans-serif;\"><span style=\"font-size: x-large;\">Impulsamos lo que es la reparaci\u00f3n de mesas-sillas en la escuelas que se encuentran en nuestro punto y c\u00edrculo del CFS. Mientras se forman Los participantes van realizando las pr\u00e1cticas\u201d, explic\u00f3 Vera a la vez que inform\u00f3 que en la parte de metalmec\u00e1nica-tornero hay una futura alianza con la empresa Corpoelec, ya que se estar\u00e1n fabricando piezas para los transformadores el\u00e9ctricos.<\/span><\/span><\/p>\n<p align=\"justify\"><img loading=\"lazy\" decoding=\"async\" class=\"aligncenter wp-image-25136 size-full\" src=\"http:\/\/www.inces.gob.ve\/wp-content\/uploads\/2019\/02\/3somos-inces.jpeg\" alt=\"\" width=\"850\" height=\"638\" srcset=\"https:\/\/inces.gob.ve\/wp-content\/uploads\/2019\/02\/3somos-inces.jpeg 850w, https:\/\/inces.gob.ve\/wp-content\/uploads\/2019\/02\/3somos-inces-300x225.jpeg 300w, https:\/\/inces.gob.ve\/wp-content\/uploads\/2019\/02\/3somos-inces-768x576.jpeg 768w, https:\/\/inces.gob.ve\/wp-content\/uploads\/2019\/02\/3somos-inces-136x102.jpeg 136w\" sizes=\"auto, (max-width: 850px) 100vw, 850px\" \/><\/p>\n<p align=\"justify\"><span style=\"font-family: Arial, sans-serif;\"><span style=\"font-size: x-large;\">Por su parte, el MTP Juli\u00e1n Cordero explico que en el \u00e1rea de torner\u00eda \u201cestamos innovando y dando apoyo a la juventud. Desde este centro incentivamos la parte productiva. Hemos fabricados prototipos de piezas, como por ejemplo las que llevan los transformadores de la empresa Corpoelec\u201d.<\/span><\/span><\/p>\n<p align=\"justify\">\u00a0<\/p>\n<p align=\"justify\"><span style=\"font-family: Arial, sans-serif;\"><span style=\"font-size: x-large;\">En contacto telef\u00f3nico con Eudi Otaiza este coment\u00f3 que la ministra de Agricultura Urbana, Mayerlin Arias, en compa\u00f1\u00eda del presidente del Inces, Wuikelman Angel, estuvieron recorriendo los espacios del CFS 23 de Enero, \u201cdonde observaron todo el trabajo que hemos realizado en materia de agricultura urbana y en desarrollo end\u00f3geno, a trav\u00e9s de los proyectos autosustentable que lleva la comunidad en materia agr\u00edcola y todo los tipos de formaci\u00f3n que se dictan en el Inces\u201d.<\/span><\/span><\/p>\n<p align=\"justify\">\u00a0<\/p>\n<p align=\"justify\"><span style=\"font-family: Arial, sans-serif;\"><span style=\"font-size: x-large;\">Infom\u00f3 el jefe de centro que se ha cosechado tomate, piment\u00f3n, calabac\u00edn, cilantro y lechosa, rubros que han sido vendidos a la comunidad a un precio justo. \u201cLa ministra de Agricultura Urbana nos solicit\u00f3 que seamos pioneros en la construcci\u00f3n de 200 cartas de ejecuci\u00f3n que van a estar expuestos en los urbanismo mas conocidos de Caracas\u201d; finaliz\u00f3 Otaiza<\/span><\/span><\/p>\n<p align=\"justify\">\u00a0<\/p>\n<p align=\"justify\"><span style=\"font-family: Arial, sans-serif;\"><span style=\"font-size: x-large;\">Asimismo, Hern\u00e1n Garboza inform\u00f3: \u201cLas actividades que se desarrollan en el Inces La Guaira est\u00e1n dirigidas a la producci\u00f3n. Hacemos un llamado a la poblaci\u00f3n para que se integre a la actividad productiva permanente, a las granjas integrales\u201d.<\/span><\/span><\/p>\n<p align=\"justify\"><img loading=\"lazy\" decoding=\"async\" class=\"aligncenter wp-image-21776 size-full\" src=\"http:\/\/www.inces.gob.ve\/wp-content\/uploads\/2018\/11\/6desde-Somos-Inces.jpg\" alt=\"\" width=\"800\" height=\"600\" srcset=\"https:\/\/inces.gob.ve\/wp-content\/uploads\/2018\/11\/6desde-Somos-Inces.jpg 800w, https:\/\/inces.gob.ve\/wp-content\/uploads\/2018\/11\/6desde-Somos-Inces-300x225.jpg 300w, https:\/\/inces.gob.ve\/wp-content\/uploads\/2018\/11\/6desde-Somos-Inces-768x576.jpg 768w, https:\/\/inces.gob.ve\/wp-content\/uploads\/2018\/11\/6desde-Somos-Inces-136x102.jpg 136w\" sizes=\"auto, (max-width: 800px) 100vw, 800px\" \/><\/p>\n<p align=\"justify\"><span style=\"font-family: Arial, sans-serif;\"><span style=\"font-size: x-large;\">Respecto a las granjas explic\u00f3 que se ha logrado incorporar a cuatro entidades de trabajo que est\u00e1n dispuestas a formar a los aprendices en otras \u00e1reas diferentes a las tradicionales, \u201cmuchachos de la parroquia Carayaca que van a empezar a formarse como productores agr\u00edcolas, con la Universidad Nacional Experimental de la Gran Caracas (Unexca). Tenemos una alianza muy interesante porque all\u00ed hay una propuesta con veinte aprendices que al culminar el curso con el Inces puedan hacer un a\u00f1o adicional, para graduarse como T\u00e9cnico Superior Universitario (TSU) en el \u00e1rea de producci\u00f3n agr\u00edcola\u201d.<\/span><\/span><\/p>\n<p align=\"justify\">\u00a0<\/p>\n<p align=\"justify\">\u00a0<\/p>","protected":false},"excerpt":{"rendered":"<p>\u00a0 * Programa radial Somos Inces # 101<\/p>\n","protected":false},"author":15,"featured_media":25138,"comment_status":"closed","ping_status":"closed","sticky":false,"template":"","format":"standard","meta":{"footnotes":""},"categories":[2],"tags":[],"class_list":["post-29960","post","type-post","status-publish","format-standard","has-post-thumbnail","hentry","category-blog"],"_links":{"self":[{"href":"https:\/\/inces.gob.ve\/index.php\/wp-json\/wp\/v2\/posts\/29960","targetHints":{"allow":["GET"]}}],"collection":[{"href":"https:\/\/inces.gob.ve\/index.php\/wp-json\/wp\/v2\/posts"}],"about":[{"href":"https:\/\/inces.gob.ve\/index.php\/wp-json\/wp\/v2\/types\/post"}],"author":[{"embeddable":true,"href":"https:\/\/inces.gob.ve\/index.php\/wp-json\/wp\/v2\/users\/15"}],"replies":[{"embeddable":true,"href":"https:\/\/inces.gob.ve\/index.php\/wp-json\/wp\/v2\/comments?post=29960"}],"version-history":[{"count":2,"href":"https:\/\/inces.gob.ve\/index.php\/wp-json\/wp\/v2\/posts\/29960\/revisions"}],"predecessor-version":[{"id":29963,"href":"https:\/\/inces.gob.ve\/index.php\/wp-json\/wp\/v2\/posts\/29960\/revisions\/29963"}],"wp:featuredmedia":[{"embeddable":true,"href":"https:\/\/inces.gob.ve\/index.php\/wp-json\/wp\/v2\/media\/25138"}],"wp:attachment":[{"href":"https:\/\/inces.gob.ve\/index.php\/wp-json\/wp\/v2\/media?parent=29960"}],"wp:term":[{"taxonomy":"category","embeddable":true,"href":"https:\/\/inces.gob.ve\/index.php\/wp-json\/wp\/v2\/categories?post=29960"},{"taxonomy":"post_tag","embeddable":true,"href":"https:\/\/inces.gob.ve\/index.php\/wp-json\/wp\/v2\/tags?post=29960"}],"curies":[{"name":"wp","href":"https:\/\/api.w.org\/{rel}","templated":true}]}}