{"id":29974,"date":"2019-08-02T11:24:38","date_gmt":"2019-08-02T17:24:38","guid":{"rendered":"http:\/\/www.inces.gob.ve\/?p=29974"},"modified":"2020-05-28T20:27:48","modified_gmt":"2020-05-29T00:27:48","slug":"inces-participa-con-otras-instituciones-del-estado-en-plan-vacacional-agosto-escuelas-abiertas","status":"publish","type":"post","link":"https:\/\/inces.gob.ve\/index.php\/2019\/08\/02\/inces-participa-con-otras-instituciones-del-estado-en-plan-vacacional-agosto-escuelas-abiertas\/","title":{"rendered":"Inces participa con otras instituciones del Estado en plan vacacional Agosto Escuelas Abiertas"},"content":{"rendered":"<p align=\"justify\">** El lanzamiento, en m\u00e1s de 15 mil instituciones educativas, lo hizo el Ejecutivo Nacional, a trav\u00e9s de la Vicepresidencia Sectorial para el \u00c1rea Social y Territorial<!--more--><\/p>\n<p align=\"justify\"><strong>RODIN BUSTILLOS<\/strong><\/p>\n<p align=\"justify\">El Instituto Nacional de Capacitaci\u00f3n y Educaci\u00f3n Socialista (Inces), en conjunto con otras instituciones del Estado como OBE, MBE, FE VEN, Chamba Juvenil, Frente Preventivo, Movimiento de Recreadores, Milicia Bolivariana, Consejos Comunales, Comunas, la Misi\u00f3n \u00c1rbol y CNNA estar\u00e1n desplegados por todo el territorio nacional para visitar m\u00e1s de 15 mil instituciones educativas en el plan Agosto Escuelas Abiertas.<\/p>\n<p align=\"justify\">\n<p align=\"justify\">As\u00ed lo inform\u00f3 el vicepresidente sectorial para el \u00c1rea Social y Territorial, Arist\u00f3bulo Ist\u00fariz, quien en conjunto con el presidente del Inces Wuikelman Angel, en compa\u00f1\u00eda de la gerente regional del Distrito Capital, Naty V\u00e1squez, entre otros funcionarios del Estado iniciaron el lanzamiento de este programa en la Unidad Educativa Nacional \u201cMiguel Antonio Caro\u201d, ubicada en el parque del Oeste \u201cAl\u00ed Primera\u201d, en Catia.<\/p>\n<p align=\"justify\"><img loading=\"lazy\" decoding=\"async\" class=\"aligncenter wp-image-29971 size-full\" src=\"http:\/\/www.inces.gob.ve\/wp-content\/uploads\/2019\/08\/WhatsApp-Image-2019-08-02-at-11.27.51-AM.jpeg\" alt=\"\" width=\"240\" height=\"135\" \/><\/p>\n<p align=\"justify\">Durante este despliegue maestros, cocineras de la patria, supervisores, trabajadores obreros, movimiento bolivariano y personal del Inces mostraron las bondades del papel que jugar\u00e1 cada instituci\u00f3n durante el mes de agosto, donde los ni\u00f1os, ni\u00f1as y j\u00f3venes contar\u00e1n con el Programa de Alimentaci\u00f3n (PAE), la Organizaci\u00f3n de Bienestar Estudiantil, quienes atender\u00e1n cualquier necesidad que sea necesaria para la juventud venezolana.<\/p>\n<p align=\"justify\"><img loading=\"lazy\" decoding=\"async\" class=\"aligncenter wp-image-29970 size-large\" src=\"http:\/\/www.inces.gob.ve\/wp-content\/uploads\/2019\/08\/WhatsApp-Image-2019-08-02-at-11.30.39-AM-1024x768.jpeg\" alt=\"\" width=\"640\" height=\"480\" srcset=\"https:\/\/inces.gob.ve\/wp-content\/uploads\/2019\/08\/WhatsApp-Image-2019-08-02-at-11.30.39-AM-1024x768.jpeg 1024w, https:\/\/inces.gob.ve\/wp-content\/uploads\/2019\/08\/WhatsApp-Image-2019-08-02-at-11.30.39-AM-300x225.jpeg 300w, https:\/\/inces.gob.ve\/wp-content\/uploads\/2019\/08\/WhatsApp-Image-2019-08-02-at-11.30.39-AM-768x576.jpeg 768w, https:\/\/inces.gob.ve\/wp-content\/uploads\/2019\/08\/WhatsApp-Image-2019-08-02-at-11.30.39-AM-136x102.jpeg 136w, https:\/\/inces.gob.ve\/wp-content\/uploads\/2019\/08\/WhatsApp-Image-2019-08-02-at-11.30.39-AM.jpeg 1080w\" sizes=\"auto, (max-width: 640px) 100vw, 640px\" \/><\/p>\n<p align=\"justify\">El Inces, en conjunto con otras instituciones del Estado, pondr\u00e1 en pr\u00e1ctica lo que se ha venido ejecutando en las escuelas educativas de fortalecer las unidades educativas productivas estudiantiles para ense\u00f1ar a los ni\u00f1os, ni\u00f1as adolescente y j\u00f3venes a producir, el \u201c aprender haciendo\u201d, el construir y reparar mesas, sillas, entre otras necesidades para el apoyo en las escuelas y as\u00ed poner en pr\u00e1ctica el concepto del maestro Sim\u00f3n Rodr\u00edguez, donde el Inces, viene ejecutado esta pol\u00edtica productiva para el pa\u00eds, esto en el marco de los 60 a\u00f1os Formando a Venezuela.<\/p>\n","protected":false},"excerpt":{"rendered":"<p>** El lanzamiento, en m\u00e1s de 15 mil instituciones educativas, lo hizo el Ejecutivo Nacional, a trav\u00e9s de la Vicepresidencia Sectorial para el \u00c1rea Social y Territorial<\/p>\n","protected":false},"author":4,"featured_media":29972,"comment_status":"closed","ping_status":"open","sticky":false,"template":"","format":"standard","meta":{"footnotes":""},"categories":[2],"tags":[],"class_list":["post-29974","post","type-post","status-publish","format-standard","has-post-thumbnail","hentry","category-blog"],"_links":{"self":[{"href":"https:\/\/inces.gob.ve\/index.php\/wp-json\/wp\/v2\/posts\/29974","targetHints":{"allow":["GET"]}}],"collection":[{"href":"https:\/\/inces.gob.ve\/index.php\/wp-json\/wp\/v2\/posts"}],"about":[{"href":"https:\/\/inces.gob.ve\/index.php\/wp-json\/wp\/v2\/types\/post"}],"author":[{"embeddable":true,"href":"https:\/\/inces.gob.ve\/index.php\/wp-json\/wp\/v2\/users\/4"}],"replies":[{"embeddable":true,"href":"https:\/\/inces.gob.ve\/index.php\/wp-json\/wp\/v2\/comments?post=29974"}],"version-history":[{"count":1,"href":"https:\/\/inces.gob.ve\/index.php\/wp-json\/wp\/v2\/posts\/29974\/revisions"}],"predecessor-version":[{"id":29975,"href":"https:\/\/inces.gob.ve\/index.php\/wp-json\/wp\/v2\/posts\/29974\/revisions\/29975"}],"wp:featuredmedia":[{"embeddable":true,"href":"https:\/\/inces.gob.ve\/index.php\/wp-json\/wp\/v2\/media\/29972"}],"wp:attachment":[{"href":"https:\/\/inces.gob.ve\/index.php\/wp-json\/wp\/v2\/media?parent=29974"}],"wp:term":[{"taxonomy":"category","embeddable":true,"href":"https:\/\/inces.gob.ve\/index.php\/wp-json\/wp\/v2\/categories?post=29974"},{"taxonomy":"post_tag","embeddable":true,"href":"https:\/\/inces.gob.ve\/index.php\/wp-json\/wp\/v2\/tags?post=29974"}],"curies":[{"name":"wp","href":"https:\/\/api.w.org\/{rel}","templated":true}]}}