{"id":30009,"date":"2019-08-05T12:00:15","date_gmt":"2019-08-05T18:00:15","guid":{"rendered":"http:\/\/www.inces.gob.ve\/?p=30009"},"modified":"2020-05-28T20:27:47","modified_gmt":"2020-05-29T00:27:47","slug":"carabobo-inces-desarrolla-plan-de-formacion-y-produccion-de-semillas-campesinas-en-el-barniz","status":"publish","type":"post","link":"https:\/\/inces.gob.ve\/index.php\/2019\/08\/05\/carabobo-inces-desarrolla-plan-de-formacion-y-produccion-de-semillas-campesinas-en-el-barniz\/","title":{"rendered":"Carabobo |  Inces desarrolla Plan de Formaci\u00f3n y Producci\u00f3n de Semillas Campesinas en El Barniz"},"content":{"rendered":"<p align=\"justify\"><span style=\"color: #000000;\"><span style=\"font-family: Arial, sans-serif;\"><span style=\"font-size: x-large;\"><i><b>**En la actividad participan 28 campesinos y campesinas que integran la Comuna Los Caminos de Bol\u00edvar de la parroquia Independencia <\/b><\/i><\/span><\/span><\/span><\/p>\n<p align=\"justify\"><span style=\"font-family: Arial,sans-serif; background-color: #ffffff;\"><span style=\"font-size: x-large; background-color: #ffffff;\"><i><b><span style=\"color: #000000;\"><br \/>\n<\/span> <\/b><\/i><\/span><\/span><\/p>\n<p align=\"justify\"><span style=\"background-color: #000000;\"><!--more--><\/span><\/p>\n<p align=\"justify\"><span style=\"color: #000000;\"><span style=\"font-family: Arial, sans-serif;\"><span style=\"font-size: x-large;\"><b>ATILIA CORTEZ<\/b><\/span><\/span><\/span><\/p>\n<p align=\"justify\">\n<p align=\"justify\"><span style=\"color: #000000;\"><span style=\"font-family: Arial, sans-serif;\"><span style=\"font-size: x-large;\">El Inces Carabobo desarrolla, a trav\u00e9s del Programa de Formaci\u00f3n Agr\u00edcola, el <span lang=\"pt-BR\">P<\/span>lan de Formaci\u00f3n y Producci\u00f3n de Semillas, donde participan 28 campesinos del sector El Barniz, bajo la coordinaci\u00f3n de R\u00f3mulo Alvarado en el eje territorial del centro de formaci\u00f3n socialista Luis Beltr\u00e1n Prieto Figueroa de Valencia.<\/span><\/span><\/span><\/p>\n<p align=\"justify\"><span style=\"color: #000000;\"><span style=\"font-family: Arial, sans-serif;\"><span style=\"font-size: x-large;\">Es de destacar que la comunidad de El Barniz est\u00e1 integrada a La Comuna Los Caminos de Bol\u00edvar de la parroquia Independencia, municipio Libertador del estado Carabobo, y la misma cuenta con cultivos establecidos de: frijol, quinchoncho, ma\u00edz cariaco blanco y amarillo, ma\u00edz chuco y blanco proseca.<\/span><\/span><\/span><\/p>\n<p align=\"justify\"><span style=\"color: #000000; background-color: #ffffff;\"><span style=\"font-family: Arial,sans-serif;\"><span style=\"font-size: x-large; background-color: #ffffff;\"><img loading=\"lazy\" decoding=\"async\" class=\"aligncenter wp-image-30010 size-full\" src=\"http:\/\/www.inces.gob.ve\/wp-content\/uploads\/2019\/08\/Inces-Formaci\u00f3n-Producci\u00f3n-de-Semillas5-.jpg\" alt=\"\" width=\"800\" height=\"480\" srcset=\"https:\/\/inces.gob.ve\/wp-content\/uploads\/2019\/08\/Inces-Formaci\u00f3n-Producci\u00f3n-de-Semillas5-.jpg 800w, https:\/\/inces.gob.ve\/wp-content\/uploads\/2019\/08\/Inces-Formaci\u00f3n-Producci\u00f3n-de-Semillas5--300x180.jpg 300w, https:\/\/inces.gob.ve\/wp-content\/uploads\/2019\/08\/Inces-Formaci\u00f3n-Producci\u00f3n-de-Semillas5--768x461.jpg 768w\" sizes=\"auto, (max-width: 800px) 100vw, 800px\" \/><\/span><\/span><\/span><\/p>\n<p align=\"justify\"><span style=\"color: #000000;\"><span style=\"font-family: Arial, sans-serif;\"><span style=\"font-size: x-large;\">Dentro de su del Plan Educativo ejecutado en el referido sector contempla la Formaci\u00f3n sobre Manejo Integrado de Plagas, Malezas y Enfermedades en los Cultivos Agr\u00edcolas y de Ma\u00edz.<\/span><\/span><\/span><\/p>\n<p align=\"justify\"><span style=\"color: #000000; background-color: #ffffff;\"><span style=\"font-family: Arial,sans-serif;\"><span style=\"font-size: x-large; background-color: #ffffff;\"><img loading=\"lazy\" decoding=\"async\" class=\"aligncenter wp-image-30011 size-full\" src=\"http:\/\/www.inces.gob.ve\/wp-content\/uploads\/2019\/08\/Inces-Formaci\u00f3n-Producci\u00f3n-de-Semillas4-.jpg\" alt=\"\" width=\"800\" height=\"886\" srcset=\"https:\/\/inces.gob.ve\/wp-content\/uploads\/2019\/08\/Inces-Formaci\u00f3n-Producci\u00f3n-de-Semillas4-.jpg 800w, https:\/\/inces.gob.ve\/wp-content\/uploads\/2019\/08\/Inces-Formaci\u00f3n-Producci\u00f3n-de-Semillas4--271x300.jpg 271w, https:\/\/inces.gob.ve\/wp-content\/uploads\/2019\/08\/Inces-Formaci\u00f3n-Producci\u00f3n-de-Semillas4--768x851.jpg 768w\" sizes=\"auto, (max-width: 800px) 100vw, 800px\" \/><\/span><\/span><\/span><\/p>\n<p align=\"justify\"><span style=\"color: #000000;\"><span style=\"font-family: Arial, sans-serif;\"><span style=\"font-size: x-large;\">Finalmente se pudo conocer que estos 28 participantes forman parte del Programa <\/span><\/span><\/span><\/p>\n<p align=\"justify\"><span style=\"color: #000000;\">\u201c <span style=\"font-family: Arial, sans-serif;\"><span style=\"font-size: x-large;\">Todos Manos a la Siembra\u201d y su formaci\u00f3n ha sido te\u00f3rica-pr\u00e1ctica. <\/span><\/span><\/span><\/p>\n<p align=\"justify\"><img loading=\"lazy\" decoding=\"async\" class=\"aligncenter wp-image-30013 size-full\" src=\"http:\/\/www.inces.gob.ve\/wp-content\/uploads\/2019\/08\/Inces-Formaci\u00f3n-Producci\u00f3n-de-Semillas1-.jpg\" alt=\"\" width=\"800\" height=\"752\" srcset=\"https:\/\/inces.gob.ve\/wp-content\/uploads\/2019\/08\/Inces-Formaci\u00f3n-Producci\u00f3n-de-Semillas1-.jpg 800w, https:\/\/inces.gob.ve\/wp-content\/uploads\/2019\/08\/Inces-Formaci\u00f3n-Producci\u00f3n-de-Semillas1--300x282.jpg 300w, https:\/\/inces.gob.ve\/wp-content\/uploads\/2019\/08\/Inces-Formaci\u00f3n-Producci\u00f3n-de-Semillas1--768x722.jpg 768w\" sizes=\"auto, (max-width: 800px) 100vw, 800px\" \/><\/p>\n","protected":false},"excerpt":{"rendered":"<p>**En la actividad participan 28 campesinos y campesinas que integran la Comuna Los Caminos de Bol\u00edvar de la parroquia Independencia<\/p>\n","protected":false},"author":15,"featured_media":30012,"comment_status":"closed","ping_status":"closed","sticky":false,"template":"","format":"standard","meta":{"footnotes":""},"categories":[2],"tags":[],"class_list":["post-30009","post","type-post","status-publish","format-standard","has-post-thumbnail","hentry","category-blog"],"_links":{"self":[{"href":"https:\/\/inces.gob.ve\/index.php\/wp-json\/wp\/v2\/posts\/30009","targetHints":{"allow":["GET"]}}],"collection":[{"href":"https:\/\/inces.gob.ve\/index.php\/wp-json\/wp\/v2\/posts"}],"about":[{"href":"https:\/\/inces.gob.ve\/index.php\/wp-json\/wp\/v2\/types\/post"}],"author":[{"embeddable":true,"href":"https:\/\/inces.gob.ve\/index.php\/wp-json\/wp\/v2\/users\/15"}],"replies":[{"embeddable":true,"href":"https:\/\/inces.gob.ve\/index.php\/wp-json\/wp\/v2\/comments?post=30009"}],"version-history":[{"count":5,"href":"https:\/\/inces.gob.ve\/index.php\/wp-json\/wp\/v2\/posts\/30009\/revisions"}],"predecessor-version":[{"id":30048,"href":"https:\/\/inces.gob.ve\/index.php\/wp-json\/wp\/v2\/posts\/30009\/revisions\/30048"}],"wp:featuredmedia":[{"embeddable":true,"href":"https:\/\/inces.gob.ve\/index.php\/wp-json\/wp\/v2\/media\/30012"}],"wp:attachment":[{"href":"https:\/\/inces.gob.ve\/index.php\/wp-json\/wp\/v2\/media?parent=30009"}],"wp:term":[{"taxonomy":"category","embeddable":true,"href":"https:\/\/inces.gob.ve\/index.php\/wp-json\/wp\/v2\/categories?post=30009"},{"taxonomy":"post_tag","embeddable":true,"href":"https:\/\/inces.gob.ve\/index.php\/wp-json\/wp\/v2\/tags?post=30009"}],"curies":[{"name":"wp","href":"https:\/\/api.w.org\/{rel}","templated":true}]}}