{"id":30084,"date":"2019-08-07T08:19:09","date_gmt":"2019-08-07T14:19:09","guid":{"rendered":"http:\/\/www.inces.gob.ve\/?p=30084"},"modified":"2020-05-28T20:27:47","modified_gmt":"2020-05-29T00:27:47","slug":"la-guaira-mujeres-empoderadas-celebran-certificacion-de-sus-saberes-con-feria-productiva","status":"publish","type":"post","link":"https:\/\/inces.gob.ve\/index.php\/2019\/08\/07\/la-guaira-mujeres-empoderadas-celebran-certificacion-de-sus-saberes-con-feria-productiva\/","title":{"rendered":"LA GUAIRA | Mujeres empoderadas celebran certificaci\u00f3n de sus saberes con feria productiva"},"content":{"rendered":"<p align=\"justify\"><span style=\"font-family: Arial, sans-serif;\"><span style=\"font-size: x-large;\"><i><b>** De la mano con el Ministerio del Poder Popular para la Mujer e Igualdad de G\u00e9nero el Inces contin\u00faa certificando a f\u00e9minas que asumen sus emprendimientos en la regi\u00f3n<\/b><\/i><\/span><\/span><!--more--><\/p>\n<p align=\"justify\">\n<p align=\"justify\"><span style=\"font-family: Arial, sans-serif;\"><span style=\"font-size: x-large;\"><b>ZUVALQUI DUARTE<\/b><\/span><\/span><\/p>\n<p align=\"justify\"><span style=\"font-family: Arial, sans-serif;\"><span style=\"font-size: x-large;\">En la urbanizaci\u00f3n Guaracarumbo de la parroquia Urimare, nuevamente se otorgaron certificaciones en distintos saberes productivos, actividad en la que directamente se involucra Minmujer como parte de la alianza que en materia formativa se adelanta con esta instituci\u00f3n.<\/span><\/span><\/p>\n<p align=\"justify\">\n<p align=\"justify\"><span style=\"font-family: Arial, sans-serif;\"><span style=\"font-size: x-large;\">Reposter\u00eda, artesan\u00edas y textil forma parte de los saberes certificados y parte de las muestras expuestas en la feria productiva, consolidando unidades productivas que brinda sus aportes a la econom\u00eda comunal.<\/span><\/span><\/p>\n<p align=\"justify\"><span style=\"font-family: Arial, sans-serif;\"><span style=\"font-size: x-large;\"><img loading=\"lazy\" decoding=\"async\" class=\"aligncenter wp-image-30086 size-full\" src=\"http:\/\/www.inces.gob.ve\/wp-content\/uploads\/2019\/08\/Inces-certificaci\u00f3n-saberes-1-.jpg\" alt=\"\" width=\"800\" height=\"354\" srcset=\"https:\/\/inces.gob.ve\/wp-content\/uploads\/2019\/08\/Inces-certificaci\u00f3n-saberes-1-.jpg 800w, https:\/\/inces.gob.ve\/wp-content\/uploads\/2019\/08\/Inces-certificaci\u00f3n-saberes-1--300x133.jpg 300w, https:\/\/inces.gob.ve\/wp-content\/uploads\/2019\/08\/Inces-certificaci\u00f3n-saberes-1--768x340.jpg 768w\" sizes=\"auto, (max-width: 800px) 100vw, 800px\" \/><\/span><\/span><\/p>\n<p align=\"justify\">\n<p align=\"justify\"><span style=\"font-family: Arial, sans-serif;\"><span style=\"font-size: x-large;\">Es importante mencionar que el Inces guaire\u00f1o se encuentra desplegado en las 11 parroquias de la regi\u00f3n, con el fin de impulsar en instituciones, comunidades y entidades de trabajo la formaci\u00f3n productiva.<\/span><\/span><\/p>\n<p align=\"justify\">\n<p align=\"justify\">\n","protected":false},"excerpt":{"rendered":"<p>** De la mano con el Ministerio del Poder Popular para la Mujer e Igualdad de G\u00e9nero el Inces contin\u00faa certificando a f\u00e9minas que asumen sus emprendimientos en la regi\u00f3n<\/p>\n","protected":false},"author":15,"featured_media":30090,"comment_status":"closed","ping_status":"closed","sticky":false,"template":"","format":"standard","meta":{"footnotes":""},"categories":[2],"tags":[],"class_list":["post-30084","post","type-post","status-publish","format-standard","has-post-thumbnail","hentry","category-blog"],"_links":{"self":[{"href":"https:\/\/inces.gob.ve\/index.php\/wp-json\/wp\/v2\/posts\/30084","targetHints":{"allow":["GET"]}}],"collection":[{"href":"https:\/\/inces.gob.ve\/index.php\/wp-json\/wp\/v2\/posts"}],"about":[{"href":"https:\/\/inces.gob.ve\/index.php\/wp-json\/wp\/v2\/types\/post"}],"author":[{"embeddable":true,"href":"https:\/\/inces.gob.ve\/index.php\/wp-json\/wp\/v2\/users\/15"}],"replies":[{"embeddable":true,"href":"https:\/\/inces.gob.ve\/index.php\/wp-json\/wp\/v2\/comments?post=30084"}],"version-history":[{"count":3,"href":"https:\/\/inces.gob.ve\/index.php\/wp-json\/wp\/v2\/posts\/30084\/revisions"}],"predecessor-version":[{"id":30089,"href":"https:\/\/inces.gob.ve\/index.php\/wp-json\/wp\/v2\/posts\/30084\/revisions\/30089"}],"wp:featuredmedia":[{"embeddable":true,"href":"https:\/\/inces.gob.ve\/index.php\/wp-json\/wp\/v2\/media\/30090"}],"wp:attachment":[{"href":"https:\/\/inces.gob.ve\/index.php\/wp-json\/wp\/v2\/media?parent=30084"}],"wp:term":[{"taxonomy":"category","embeddable":true,"href":"https:\/\/inces.gob.ve\/index.php\/wp-json\/wp\/v2\/categories?post=30084"},{"taxonomy":"post_tag","embeddable":true,"href":"https:\/\/inces.gob.ve\/index.php\/wp-json\/wp\/v2\/tags?post=30084"}],"curies":[{"name":"wp","href":"https:\/\/api.w.org\/{rel}","templated":true}]}}