{"id":30117,"date":"2019-08-08T08:28:13","date_gmt":"2019-08-08T14:28:13","guid":{"rendered":"http:\/\/www.inces.gob.ve\/?p=30117"},"modified":"2020-05-28T20:27:47","modified_gmt":"2020-05-29T00:27:47","slug":"35-participantes-de-peluqueria-y-barberia-egreso-el-inces-tachira","status":"publish","type":"post","link":"https:\/\/inces.gob.ve\/index.php\/2019\/08\/08\/35-participantes-de-peluqueria-y-barberia-egreso-el-inces-tachira\/","title":{"rendered":"T\u00e1chira | 35 participantes de Peluquer\u00eda y Barber\u00eda  egresaron del Inces"},"content":{"rendered":"<p class=\"western\" align=\"justify\" lang=\"es-ES\"><span style=\"font-family: Arial, sans-serif;\"><span style=\"font-size: x-large;\"><b>** Reconociendo los procesos formativos <\/b><\/span><\/span><!--more--><\/p>\n<p class=\"western\" align=\"justify\"><span style=\"font-family: Arial, sans-serif;\"><span style=\"font-size: x-large;\"><span lang=\"es-ES\"><b>Prensa <\/b><\/span><span lang=\"es-ES\"><b>| <\/b><\/span><span lang=\"es-ES\"><b>IncesT\u00e1chira<\/b><\/span><\/span><\/span><\/p>\n<p class=\"western\" align=\"justify\"><span style=\"font-family: Arial, sans-serif;\"><span style=\"font-size: x-large;\"><span lang=\"es-ES\">Con la participaci\u00f3n del Estado Mayor y el Gabinete Social del Protectorado del Estado T\u00e1chira, se llev\u00f3 a cabo la entrega de certificados a 35 participantes de la formaci\u00f3n B\u00e1sica de Peluquer\u00eda y Barber\u00eda del <\/span><span lang=\"es-ES\">C<\/span><span lang=\"es-ES\">entro de <\/span><span lang=\"es-ES\">F<\/span><span lang=\"es-ES\">ormaci\u00f3n <\/span><span lang=\"es-ES\">S<\/span><span lang=\"es-ES\">ocialista (CFS) Emiro Duque S<\/span><span lang=\"es-ES\">\u00e1<\/span><span lang=\"es-ES\">nchez.<\/span><\/span><\/span><\/p>\n<p class=\"western\" align=\"justify\"><span style=\"font-family: Arial, sans-serif;\"><span style=\"font-size: x-large;\"><span lang=\"es-ES\">Desde las instalaciones del club El MAT, el <\/span><span lang=\"es-ES\">g<\/span><span lang=\"es-ES\">erente <\/span><span lang=\"es-ES\">r<\/span><span lang=\"es-ES\">egional del Inces T\u00e1chira, Geovanni Gonz\u00e1lez, realiz<\/span><span lang=\"es-ES\">\u00f3 el<\/span><span lang=\"es-ES\"> acto de entrega de certificados a 35 j\u00f3venes del curso, con la participaci\u00f3n de la diputada <\/span><span lang=\"es-ES\">ante el<\/span><span lang=\"es-ES\"> Consejo Legislativo y directora del <\/span><span lang=\"es-ES\">E<\/span><span lang=\"es-ES\">stado Mayor Zoraida Parra, acompa\u00f1ada de su equipo de trabajo, como madrina de los participantes egresados.<\/span><\/span><\/span><\/p>\n<p class=\"western\" align=\"justify\"><span style=\"font-family: Arial, sans-serif;\"><span style=\"font-size: x-large;\"><span lang=\"es-ES\"><img loading=\"lazy\" decoding=\"async\" class=\"aligncenter wp-image-30119 size-full\" src=\"http:\/\/www.inces.gob.ve\/wp-content\/uploads\/2019\/08\/Inces-Peluquer\u00eda-y-Barber\u00eda3-.jpeg\" alt=\"\" width=\"850\" height=\"694\" srcset=\"https:\/\/inces.gob.ve\/wp-content\/uploads\/2019\/08\/Inces-Peluquer\u00eda-y-Barber\u00eda3-.jpeg 850w, https:\/\/inces.gob.ve\/wp-content\/uploads\/2019\/08\/Inces-Peluquer\u00eda-y-Barber\u00eda3--300x245.jpeg 300w, https:\/\/inces.gob.ve\/wp-content\/uploads\/2019\/08\/Inces-Peluquer\u00eda-y-Barber\u00eda3--768x627.jpeg 768w\" sizes=\"auto, (max-width: 850px) 100vw, 850px\" \/><\/span><\/span><\/span><\/p>\n<p class=\"western\" align=\"justify\"><span style=\"font-family: Arial, sans-serif;\"><span style=\"font-size: x-large;\"><span lang=\"es-ES\">Gonz\u00e1lez, director del centro educativo, manifest\u00f3 sus felicitaciones a los participantes por su desempe\u00f1o durante el proceso formativo y por su ardua labor en las diferentes jornadas que <\/span><span lang=\"es-ES\">se <\/span><span lang=\"es-ES\">realizaron. \u201cEsto es un esfuerzo que <\/span><span lang=\"es-ES\">organiza<\/span><span lang=\"es-ES\"> el Gobierno Bolivariano, el presidente del Inces, Wuikelman Angel, para que estas formaciones y ustedes muchachos sean el resultado de unos meses arduos de conocimientos, compartiendo con nuestro MTP Luis Varela sus saberes y demostrando la excelente calidad humana y la formaci\u00f3n integral que tuvieron al atender desinteresadamente a muchas comunidades e instituciones\u201d.<\/span><\/span><\/span><\/p>\n<p class=\"western\" align=\"justify\"><span style=\"font-family: Arial, sans-serif;\"><span style=\"font-size: x-large;\"><span lang=\"es-ES\">Por su parte, la diputada Zoraida Parra recalc\u00f3 la importancia que tiene el Inces para formar y capacitar a los venezolanos, siendo la universidad del pueblo. \u201c Reconocemos el trabajo del Inces, un programa <\/span><span lang=\"es-ES\">avalado<\/span><span lang=\"es-ES\"> por el comandante Ch\u00e1vez, fortalecido por la revoluci\u00f3n y que d\u00eda tras d\u00eda, incorpora <\/span><span lang=\"es-ES\">a<\/span><span lang=\"es-ES\"> m\u00e1s j\u00f3venes cambiando la vida de todos los participantes y demostrando que en estos momentos de crisis, existen muchas opciones para desenvolverse y seguir adelante\u201d.<\/span><\/span><\/span><\/p>\n<p class=\"western\" align=\"justify\"><span style=\"font-family: Arial, sans-serif;\"><span style=\"font-size: x-large;\"><span lang=\"es-ES\"><img loading=\"lazy\" decoding=\"async\" class=\"aligncenter wp-image-30121 size-full\" src=\"http:\/\/www.inces.gob.ve\/wp-content\/uploads\/2019\/08\/Inces-Peluquer\u00eda-y-Barber\u00eda1-.jpeg\" alt=\"\" width=\"850\" height=\"561\" srcset=\"https:\/\/inces.gob.ve\/wp-content\/uploads\/2019\/08\/Inces-Peluquer\u00eda-y-Barber\u00eda1-.jpeg 850w, https:\/\/inces.gob.ve\/wp-content\/uploads\/2019\/08\/Inces-Peluquer\u00eda-y-Barber\u00eda1--300x198.jpeg 300w, https:\/\/inces.gob.ve\/wp-content\/uploads\/2019\/08\/Inces-Peluquer\u00eda-y-Barber\u00eda1--768x507.jpeg 768w\" sizes=\"auto, (max-width: 850px) 100vw, 850px\" \/><\/span><\/span><\/span><\/p>\n<p class=\"western\" align=\"justify\"><span style=\"font-family: Arial, sans-serif;\"><span style=\"font-size: x-large;\"><span lang=\"es-ES\">De Igual manera, Miguel Rangel, egresado de la formaci\u00f3n, agradec<\/span><span lang=\"es-ES\">i\u00f3 al instituto<\/span><span lang=\"es-ES\"> \u201cque nos brindo la oportunidad de acobijarnos para la formaci\u00f3n que tenemos hoy en d\u00eda; al profesor Luis Varela por compartirnos sus conocimientos y a todos aquellos que estuvieron apoy\u00e1ndonos d\u00eda a d\u00eda en cada jornada\u201d.<\/span><\/span><\/span><\/p>\n<p class=\"western\" align=\"justify\"><span style=\"font-family: Arial, sans-serif;\"><span style=\"font-size: x-large;\"><span lang=\"es-ES\"><img loading=\"lazy\" decoding=\"async\" class=\"aligncenter wp-image-30118 size-full\" src=\"http:\/\/www.inces.gob.ve\/wp-content\/uploads\/2019\/08\/Inces-Peluquer\u00eda-y-Barber\u00eda4-.jpeg\" alt=\"\" width=\"850\" height=\"638\" srcset=\"https:\/\/inces.gob.ve\/wp-content\/uploads\/2019\/08\/Inces-Peluquer\u00eda-y-Barber\u00eda4-.jpeg 850w, https:\/\/inces.gob.ve\/wp-content\/uploads\/2019\/08\/Inces-Peluquer\u00eda-y-Barber\u00eda4--300x225.jpeg 300w, https:\/\/inces.gob.ve\/wp-content\/uploads\/2019\/08\/Inces-Peluquer\u00eda-y-Barber\u00eda4--768x576.jpeg 768w, https:\/\/inces.gob.ve\/wp-content\/uploads\/2019\/08\/Inces-Peluquer\u00eda-y-Barber\u00eda4--136x102.jpeg 136w\" sizes=\"auto, (max-width: 850px) 100vw, 850px\" \/><\/span><\/span><\/span><\/p>\n<p class=\"western\" align=\"justify\"><span style=\"font-family: Arial, sans-serif;\"><span style=\"font-size: x-large;\"><span lang=\"es-ES\">Para finalizar, el gerente h<\/span><span lang=\"es-ES\">izo<\/span><span lang=\"es-ES\"> un llamado a multiplicar saberes y conocimientos, porque es lo que <\/span><span lang=\"es-ES\">se <\/span><span lang=\"es-ES\">necesita y exige hoy la patria. <\/span><\/span><\/span><\/p>\n","protected":false},"excerpt":{"rendered":"<p>** Reconociendo los procesos formativos<\/p>\n","protected":false},"author":15,"featured_media":30120,"comment_status":"closed","ping_status":"closed","sticky":false,"template":"","format":"standard","meta":{"footnotes":""},"categories":[2],"tags":[],"class_list":["post-30117","post","type-post","status-publish","format-standard","has-post-thumbnail","hentry","category-blog"],"_links":{"self":[{"href":"https:\/\/inces.gob.ve\/index.php\/wp-json\/wp\/v2\/posts\/30117","targetHints":{"allow":["GET"]}}],"collection":[{"href":"https:\/\/inces.gob.ve\/index.php\/wp-json\/wp\/v2\/posts"}],"about":[{"href":"https:\/\/inces.gob.ve\/index.php\/wp-json\/wp\/v2\/types\/post"}],"author":[{"embeddable":true,"href":"https:\/\/inces.gob.ve\/index.php\/wp-json\/wp\/v2\/users\/15"}],"replies":[{"embeddable":true,"href":"https:\/\/inces.gob.ve\/index.php\/wp-json\/wp\/v2\/comments?post=30117"}],"version-history":[{"count":2,"href":"https:\/\/inces.gob.ve\/index.php\/wp-json\/wp\/v2\/posts\/30117\/revisions"}],"predecessor-version":[{"id":30134,"href":"https:\/\/inces.gob.ve\/index.php\/wp-json\/wp\/v2\/posts\/30117\/revisions\/30134"}],"wp:featuredmedia":[{"embeddable":true,"href":"https:\/\/inces.gob.ve\/index.php\/wp-json\/wp\/v2\/media\/30120"}],"wp:attachment":[{"href":"https:\/\/inces.gob.ve\/index.php\/wp-json\/wp\/v2\/media?parent=30117"}],"wp:term":[{"taxonomy":"category","embeddable":true,"href":"https:\/\/inces.gob.ve\/index.php\/wp-json\/wp\/v2\/categories?post=30117"},{"taxonomy":"post_tag","embeddable":true,"href":"https:\/\/inces.gob.ve\/index.php\/wp-json\/wp\/v2\/tags?post=30117"}],"curies":[{"name":"wp","href":"https:\/\/api.w.org\/{rel}","templated":true}]}}