{"id":30128,"date":"2019-08-08T08:55:52","date_gmt":"2019-08-08T14:55:52","guid":{"rendered":"http:\/\/www.inces.gob.ve\/?p=30128"},"modified":"2020-05-28T20:27:47","modified_gmt":"2020-05-29T00:27:47","slug":"guarico-da-la-bienvenida-a-13-aprendices-en-mecanica-de-mantenimiento","status":"publish","type":"post","link":"https:\/\/inces.gob.ve\/index.php\/2019\/08\/08\/guarico-da-la-bienvenida-a-13-aprendices-en-mecanica-de-mantenimiento\/","title":{"rendered":"GU\u00c1RICO | Inces da la bienvenida a 13 Aprendices en Mec\u00e1nica de Mantenimiento"},"content":{"rendered":"<p class=\"western\" align=\"justify\"><span style=\"font-family: Arial, sans-serif;\"><span style=\"font-size: x-large;\"><b><em>** Con actividades recreativas, deportivas y culturales se dio la bienvenida a los Aprendices Inces que inician su formaci\u00f3n en el campo de la Mec\u00e1nica para luego incorporarse al mercado laboral<\/em> <\/b><\/span><\/span><!--more--><\/p>\n<p align=\"justify\"><span style=\"font-family: Arial, sans-serif;\"><span style=\"font-size: x-large;\"><br \/>\n<b>MAR\u00cdA SANTIAGO | Gu\u00e1rico<\/b><\/span><\/span><\/p>\n<p align=\"justify\"><span style=\"font-family: Arial, sans-serif;\"><span style=\"font-size: x-large;\"><br \/>\nLos 13 j\u00f3venes que iniciaron su formaci\u00f3n el pasado 5 de agosto en el Programa Nacional de Aprendizaje (PNA) fueron recibidos por el equipo directivo del Inces Gu\u00e1rico, liderado por la gerente regional; Mar\u00eda Arisela Medina, en una actividad que sirvi\u00f3 para guiar a los aprendices en el camino que han decidido emprender a trav\u00e9s del Inces. Esto siguiendo el legado del fundador del instituto; Luis Beltr\u00e1n Prieto Figueroa; quien confi\u00f3 en la educaci\u00f3n para el trabajo como pieza fundamental para el impulso de Venezuela en todos los sentidos, convicci\u00f3n que contin\u00faa impulsando el presidente actual del instituto, Wuikelman Angel. <\/span><\/span><\/p>\n<p align=\"justify\"><span style=\"font-family: Arial, sans-serif;\"><span style=\"font-size: x-large;\">En la jornada, donde las autoridades de la Gerencia Regional Inces Gu\u00e1rico estuvieron presente, se dio la oportunidad a los profesores que acompa\u00f1ar\u00edan a estos aprendices en el a\u00f1o de formaci\u00f3n, para presentar su visi\u00f3n pedag\u00f3gica y pr\u00e1ctica en el campo de la mec\u00e1nica de mantenimiento que es su especialidad. As\u00ed mismo, hicieron hincapi\u00e9 en la importancia de la revoluci\u00f3n bolivariana en este momento de contingencia, aclarando que la intervenci\u00f3n de entes externos a la patria no detendr\u00e1 su proceso formativo.<\/span><\/span><\/p>\n<p align=\"justify\"><span style=\"font-family: Arial, sans-serif;\"><span style=\"font-size: x-large;\"><img loading=\"lazy\" decoding=\"async\" class=\"aligncenter wp-image-30131 size-full\" src=\"http:\/\/www.inces.gob.ve\/wp-content\/uploads\/2019\/08\/Inces-Aprendices-Mec\u00e1nica-de-Mantenimiento2-.jpeg\" alt=\"\" width=\"850\" height=\"638\" srcset=\"https:\/\/inces.gob.ve\/wp-content\/uploads\/2019\/08\/Inces-Aprendices-Mec\u00e1nica-de-Mantenimiento2-.jpeg 850w, https:\/\/inces.gob.ve\/wp-content\/uploads\/2019\/08\/Inces-Aprendices-Mec\u00e1nica-de-Mantenimiento2--300x225.jpeg 300w, https:\/\/inces.gob.ve\/wp-content\/uploads\/2019\/08\/Inces-Aprendices-Mec\u00e1nica-de-Mantenimiento2--768x576.jpeg 768w, https:\/\/inces.gob.ve\/wp-content\/uploads\/2019\/08\/Inces-Aprendices-Mec\u00e1nica-de-Mantenimiento2--136x102.jpeg 136w\" sizes=\"auto, (max-width: 850px) 100vw, 850px\" \/><\/span><\/span><\/p>\n<p align=\"justify\"><span style=\"font-family: Arial, sans-serif;\"><span style=\"font-size: x-large;\">En este sentido, la coordinadora del PNA Inces Gu\u00e1rico; Yullianny Villanueva, se\u00f1al\u00f3 que realizar este tipo de actividades es vital para que los aprendices se sientan parte de la instituci\u00f3n y participen activamente en todos los \u00e1mbitos, siendo su presencia en todo momento necesaria pues; \u201clos chamos son la cara y el coraz\u00f3n de nuestra gesti\u00f3n y debemos darles todas las herramientas para el desarrollo de su integraci\u00f3n al campo laboral\u201d, asegur\u00f3. <img loading=\"lazy\" decoding=\"async\" class=\"aligncenter wp-image-30130 size-full\" src=\"http:\/\/www.inces.gob.ve\/wp-content\/uploads\/2019\/08\/Inces-Aprendices-Mec\u00e1nica-de-Mantenimiento3-.jpeg\" alt=\"\" width=\"850\" height=\"522\" srcset=\"https:\/\/inces.gob.ve\/wp-content\/uploads\/2019\/08\/Inces-Aprendices-Mec\u00e1nica-de-Mantenimiento3-.jpeg 850w, https:\/\/inces.gob.ve\/wp-content\/uploads\/2019\/08\/Inces-Aprendices-Mec\u00e1nica-de-Mantenimiento3--300x184.jpeg 300w, https:\/\/inces.gob.ve\/wp-content\/uploads\/2019\/08\/Inces-Aprendices-Mec\u00e1nica-de-Mantenimiento3--768x472.jpeg 768w\" sizes=\"auto, (max-width: 850px) 100vw, 850px\" \/><\/span><\/span><\/p>\n<p align=\"justify\"><span style=\"font-family: Arial, sans-serif;\"><span style=\"font-size: x-large;\">Por otra parte, Ennmary \u00c1lvarez; aprendiz Inces, afirm\u00f3 sentirse emocionada por comenzar con esta nueva experiencia que le ofrece el instituto para formarse y ser un apoyo econ\u00f3mico para su familia. \u00c1lvarez afirm\u00f3; \u201cel Inces me ofreci\u00f3 esta oportunidad y planeo continuar por mi familia y por mi pa\u00eds, Venezuela. \u201d.<\/span><\/span><\/p>\n<p align=\"justify\"><span style=\"font-family: Arial, sans-serif;\"><span style=\"font-size: x-large;\"><img loading=\"lazy\" decoding=\"async\" class=\"aligncenter wp-image-30131 size-full\" src=\"http:\/\/www.inces.gob.ve\/wp-content\/uploads\/2019\/08\/Inces-Aprendices-Mec\u00e1nica-de-Mantenimiento2-.jpeg\" alt=\"\" width=\"850\" height=\"638\" srcset=\"https:\/\/inces.gob.ve\/wp-content\/uploads\/2019\/08\/Inces-Aprendices-Mec\u00e1nica-de-Mantenimiento2-.jpeg 850w, https:\/\/inces.gob.ve\/wp-content\/uploads\/2019\/08\/Inces-Aprendices-Mec\u00e1nica-de-Mantenimiento2--300x225.jpeg 300w, https:\/\/inces.gob.ve\/wp-content\/uploads\/2019\/08\/Inces-Aprendices-Mec\u00e1nica-de-Mantenimiento2--768x576.jpeg 768w, https:\/\/inces.gob.ve\/wp-content\/uploads\/2019\/08\/Inces-Aprendices-Mec\u00e1nica-de-Mantenimiento2--136x102.jpeg 136w\" sizes=\"auto, (max-width: 850px) 100vw, 850px\" \/><\/span><\/span><\/p>\n<p align=\"justify\"><span style=\"font-family: Arial, sans-serif;\"><span style=\"font-size: x-large;\">Arisela Medina, gerente regional resalt\u00f3 que el Instituto Nacional de Capacitaci\u00f3n y Educaci\u00f3n Socialista se complace en atender a la juventud venezolana y de formarlos para la vida y para \u201cfortalecer nuestra econom\u00eda hoy amenazada y bloqueada por el gobierno gringo, usando este conocimiento para convertirse en emprendedores y contribuir al desarrollo del pa\u00eds con criterios y valores socialistas de solidaridad, honestidad, justicia y equidad, lucha que ha asumido el presidente Nicol\u00e1s Maduro, en este momento en el que el bloqueo econ\u00f3mico en contra del pa\u00eds representa una amenaza para todos los ciudadanos. No daremos nuestro brazo a torcer por la defensa de la patria\u201c.<\/span><\/span><\/p>\n","protected":false},"excerpt":{"rendered":"<p>** Con actividades recreativas, deportivas y culturales se dio la bienvenida a los Aprendices Inces que inician su formaci\u00f3n en el campo de la Mec\u00e1nica para luego incorporarse al mercado laboral<\/p>\n","protected":false},"author":15,"featured_media":30129,"comment_status":"closed","ping_status":"closed","sticky":false,"template":"","format":"standard","meta":{"footnotes":""},"categories":[2],"tags":[],"class_list":["post-30128","post","type-post","status-publish","format-standard","has-post-thumbnail","hentry","category-blog"],"_links":{"self":[{"href":"https:\/\/inces.gob.ve\/index.php\/wp-json\/wp\/v2\/posts\/30128","targetHints":{"allow":["GET"]}}],"collection":[{"href":"https:\/\/inces.gob.ve\/index.php\/wp-json\/wp\/v2\/posts"}],"about":[{"href":"https:\/\/inces.gob.ve\/index.php\/wp-json\/wp\/v2\/types\/post"}],"author":[{"embeddable":true,"href":"https:\/\/inces.gob.ve\/index.php\/wp-json\/wp\/v2\/users\/15"}],"replies":[{"embeddable":true,"href":"https:\/\/inces.gob.ve\/index.php\/wp-json\/wp\/v2\/comments?post=30128"}],"version-history":[{"count":2,"href":"https:\/\/inces.gob.ve\/index.php\/wp-json\/wp\/v2\/posts\/30128\/revisions"}],"predecessor-version":[{"id":30135,"href":"https:\/\/inces.gob.ve\/index.php\/wp-json\/wp\/v2\/posts\/30128\/revisions\/30135"}],"wp:featuredmedia":[{"embeddable":true,"href":"https:\/\/inces.gob.ve\/index.php\/wp-json\/wp\/v2\/media\/30129"}],"wp:attachment":[{"href":"https:\/\/inces.gob.ve\/index.php\/wp-json\/wp\/v2\/media?parent=30128"}],"wp:term":[{"taxonomy":"category","embeddable":true,"href":"https:\/\/inces.gob.ve\/index.php\/wp-json\/wp\/v2\/categories?post=30128"},{"taxonomy":"post_tag","embeddable":true,"href":"https:\/\/inces.gob.ve\/index.php\/wp-json\/wp\/v2\/tags?post=30128"}],"curies":[{"name":"wp","href":"https:\/\/api.w.org\/{rel}","templated":true}]}}