{"id":30156,"date":"2019-08-09T14:00:36","date_gmt":"2019-08-09T20:00:36","guid":{"rendered":"http:\/\/www.inces.gob.ve\/?p=30156"},"modified":"2020-05-28T20:27:46","modified_gmt":"2020-05-29T00:27:46","slug":"bolivar-estudiantes-de-la-unidad-educativa-finalizaron-proyectos-productivos","status":"publish","type":"post","link":"https:\/\/inces.gob.ve\/index.php\/2019\/08\/09\/bolivar-estudiantes-de-la-unidad-educativa-finalizaron-proyectos-productivos\/","title":{"rendered":"BOL\u00cdVAR | Estudiantes de la unidad educativa finalizaron proyectos productivos"},"content":{"rendered":"<p align=\"justify\"><span style=\"font-family: Arial, sans-serif;\"><span style=\"font-size: x-large;\"><i><b>** Sus logros despertaron la motivaci\u00f3n de los presentes<\/b><\/i><\/span><\/span><\/p>\n<p align=\"justify\"><!--more--><\/p>\n<p align=\"justify\"><span style=\"font-family: Arial, sans-serif;\"><span style=\"font-size: x-large;\"><b>JOS\u00c9 SU\u00c1REZ <\/b><\/span><\/span><\/p>\n<p align=\"justify\"><span style=\"font-family: Arial, sans-serif;\"><span style=\"font-size: x-large;\">Este s\u00e1bado se realiz\u00f3 el primer cierre de proyectos con perfil productivo en el centro de formaci\u00f3n socialista CFS \u201cManuel Carlos Piar\u201d en Puerto Ordaz.<\/span><\/span><\/p>\n<p align=\"justify\">\n<p align=\"justify\"><span style=\"font-family: Arial, sans-serif;\"><span style=\"font-size: x-large;\">Dando continuidad al inicio de las actividades del 60 aniversario del Inces, un total de 80 estudiantes de educaci\u00f3n media general de j\u00f3venes, adultas y adultos, dieron a conocer a la colectividad guayanesa la exposici\u00f3n de sus proyectos, tales como pa\u00f1ales ecol\u00f3gico, confecci\u00f3n de camisas, ropa para bebe, as\u00ed como tambi\u00e9n salsa de tomate, condimentos, entre otros.<\/span><\/span><\/p>\n<p align=\"justify\"><span style=\"font-family: Arial, sans-serif;\"><span style=\"font-size: x-large;\"><img loading=\"lazy\" decoding=\"async\" class=\"aligncenter wp-image-30158 size-full\" src=\"http:\/\/www.inces.gob.ve\/wp-content\/uploads\/2019\/08\/Inces-proyectos-productivos3-.jpg\" alt=\"\" width=\"850\" height=\"638\" srcset=\"https:\/\/inces.gob.ve\/wp-content\/uploads\/2019\/08\/Inces-proyectos-productivos3-.jpg 850w, https:\/\/inces.gob.ve\/wp-content\/uploads\/2019\/08\/Inces-proyectos-productivos3--300x225.jpg 300w, https:\/\/inces.gob.ve\/wp-content\/uploads\/2019\/08\/Inces-proyectos-productivos3--768x576.jpg 768w, https:\/\/inces.gob.ve\/wp-content\/uploads\/2019\/08\/Inces-proyectos-productivos3--136x102.jpg 136w\" sizes=\"auto, (max-width: 850px) 100vw, 850px\" \/><\/span><\/span><\/p>\n<p align=\"justify\"><span style=\"font-family: Arial, sans-serif;\"><span style=\"font-size: x-large;\">Cabe destacar que esta producci\u00f3n de los j\u00f3venes se hizo a trav\u00e9s de la conformaci\u00f3n de 7 Brigadas Productivas en la \u00e1reas de Carpinter\u00eda, Computaci\u00f3n, Textil, Alimentaci\u00f3n, Electr\u00f3nica, que de manera permanente se mantienen activos, efectuando jornadas de atenci\u00f3n a las v\u00edctimas de la guerra econ\u00f3mica.<\/span><\/span><\/p>\n<p align=\"justify\"><img loading=\"lazy\" decoding=\"async\" class=\"aligncenter wp-image-30157 size-full\" src=\"http:\/\/www.inces.gob.ve\/wp-content\/uploads\/2019\/08\/Inces-proyectos-productivos5-.jpg\" alt=\"\" width=\"850\" height=\"638\" srcset=\"https:\/\/inces.gob.ve\/wp-content\/uploads\/2019\/08\/Inces-proyectos-productivos5-.jpg 850w, https:\/\/inces.gob.ve\/wp-content\/uploads\/2019\/08\/Inces-proyectos-productivos5--300x225.jpg 300w, https:\/\/inces.gob.ve\/wp-content\/uploads\/2019\/08\/Inces-proyectos-productivos5--768x576.jpg 768w, https:\/\/inces.gob.ve\/wp-content\/uploads\/2019\/08\/Inces-proyectos-productivos5--136x102.jpg 136w\" sizes=\"auto, (max-width: 850px) 100vw, 850px\" \/><\/p>\n<p align=\"justify\"><span style=\"font-family: Arial, sans-serif;\"><span style=\"font-size: x-large;\">Por su parte, la directora de la Unidad Educativa del Inces Bol\u00edvar, Rosaisma Carri\u00f3n, resalt\u00f3 el desempe\u00f1o que desarrollan los participantes en su proceso acad\u00e9mico dentro de las aulas de clases.<\/span><\/span><\/p>\n<p align=\"justify\">\n<p align=\"justify\"><span style=\"font-family: Arial, sans-serif;\"><span style=\"font-size: x-large;\">Invit\u00f3 a las comunidades del punto y c\u00edrculo a la nueva oleada de inscripciones del bachillerato productivo, durante este mes de agosto, que se estar\u00e1 realizando en todos los centros de formaci\u00f3n socialista.<\/span><\/span><\/p>\n<p align=\"justify\">\n<p align=\"justify\"><span style=\"font-family: Arial, sans-serif;\"><span style=\"font-size: x-large;\"><b>Chamba Juvenil<\/b><\/span><\/span><\/p>\n<p align=\"justify\"><span style=\"font-family: Arial, sans-serif;\"><span style=\"font-size: x-large;\">Carri\u00f3n puntualiz\u00f3 que los futuro j\u00f3venes aspirantes del Plan Chamba Juvenil est\u00e1n comprometidos con la producci\u00f3n dentro de los centros de formaci\u00f3n, contribuyendo as\u00ed al fortalecimiento del proceso revolucionario. \u201cActualmente existen una juventud con conciencia colectiva de innovar y adem\u00e1s conoce el apoyo que le brinda el gobierno nacional en su educaci\u00f3n integral\u201d, puntualiz\u00f3 la gerente.<\/span><\/span><\/p>\n<p align=\"justify\">\n","protected":false},"excerpt":{"rendered":"<p>** Sus logros despertaron la motivaci\u00f3n de los presentes<\/p>\n","protected":false},"author":15,"featured_media":30159,"comment_status":"closed","ping_status":"closed","sticky":false,"template":"","format":"standard","meta":{"footnotes":""},"categories":[2],"tags":[],"class_list":["post-30156","post","type-post","status-publish","format-standard","has-post-thumbnail","hentry","category-blog"],"_links":{"self":[{"href":"https:\/\/inces.gob.ve\/index.php\/wp-json\/wp\/v2\/posts\/30156","targetHints":{"allow":["GET"]}}],"collection":[{"href":"https:\/\/inces.gob.ve\/index.php\/wp-json\/wp\/v2\/posts"}],"about":[{"href":"https:\/\/inces.gob.ve\/index.php\/wp-json\/wp\/v2\/types\/post"}],"author":[{"embeddable":true,"href":"https:\/\/inces.gob.ve\/index.php\/wp-json\/wp\/v2\/users\/15"}],"replies":[{"embeddable":true,"href":"https:\/\/inces.gob.ve\/index.php\/wp-json\/wp\/v2\/comments?post=30156"}],"version-history":[{"count":1,"href":"https:\/\/inces.gob.ve\/index.php\/wp-json\/wp\/v2\/posts\/30156\/revisions"}],"predecessor-version":[{"id":30160,"href":"https:\/\/inces.gob.ve\/index.php\/wp-json\/wp\/v2\/posts\/30156\/revisions\/30160"}],"wp:featuredmedia":[{"embeddable":true,"href":"https:\/\/inces.gob.ve\/index.php\/wp-json\/wp\/v2\/media\/30159"}],"wp:attachment":[{"href":"https:\/\/inces.gob.ve\/index.php\/wp-json\/wp\/v2\/media?parent=30156"}],"wp:term":[{"taxonomy":"category","embeddable":true,"href":"https:\/\/inces.gob.ve\/index.php\/wp-json\/wp\/v2\/categories?post=30156"},{"taxonomy":"post_tag","embeddable":true,"href":"https:\/\/inces.gob.ve\/index.php\/wp-json\/wp\/v2\/tags?post=30156"}],"curies":[{"name":"wp","href":"https:\/\/api.w.org\/{rel}","templated":true}]}}