{"id":30223,"date":"2019-08-12T08:19:44","date_gmt":"2019-08-12T14:19:44","guid":{"rendered":"http:\/\/www.inces.gob.ve\/?p=30223"},"modified":"2020-05-28T20:27:46","modified_gmt":"2020-05-29T00:27:46","slug":"inces-realizo-jornada-de-acreditacion-de-saberes-experimentales-en-comunidad-de-santa-ana-2","status":"publish","type":"post","link":"https:\/\/inces.gob.ve\/index.php\/2019\/08\/12\/inces-realizo-jornada-de-acreditacion-de-saberes-experimentales-en-comunidad-de-santa-ana-2\/","title":{"rendered":"Inces realiz\u00f3 jornada de acreditaci\u00f3n de saberes  experimentales en comunidad de Santa Ana"},"content":{"rendered":"<p align=\"justify\"><span style=\"font-family: Arial, sans-serif;\"><span style=\"font-size: x-large;\"><i><b>**<\/b><\/i> <i><b>Fueron evaluados oficios como<\/b><\/i> <i><b>panader\u00eda y pasteler\u00eda, cocina b\u00e1sica, textil, artesan\u00edas, refrigeraci\u00f3n, electricidad entre otros <\/b><\/i><\/span><\/span><\/p>\n<p align=\"justify\"><!--more--><\/p>\n<p align=\"justify\"><span style=\"font-family: Arial, sans-serif;\"><span style=\"font-size: x-large;\"><b>(Prensa Inces Nueva Esparta\/Francis Moreno<\/b> <b>CNP 24.968) <\/b>El Instituto Nacional de Capacitaci\u00f3n y Educaci\u00f3n Socialista Inces de la regi\u00f3n insular, realiz\u00f3 una jornada para reconocer saberes y conocimientos emp\u00edricos en diferentes \u00e1reas productivas de la comunidad de Santa Ana, municipio G\u00f3mez.<\/span><\/span><\/p>\n<p align=\"justify\"><span style=\"font-family: Arial, sans-serif;\"><span style=\"font-size: x-large;\">La actividad se llev\u00f3 a cabo en la Unidad Educativa Liceo Bolivariano Ricardo M\u00e1rquez Moreno de dicha jurisdicci\u00f3n, a trav\u00e9s del Programa Industria y en articulaci\u00f3n con Tecnolog\u00eda Educativa Inces y directiva del plantel. <\/span><\/span><\/p>\n<p align=\"justify\"><span style=\"font-family: Arial, sans-serif;\"><span style=\"font-size: x-large;\"><img loading=\"lazy\" decoding=\"async\" class=\"aligncenter wp-image-30218 size-full\" src=\"http:\/\/www.inces.gob.ve\/wp-content\/uploads\/2019\/08\/Inces-acreditaci\u00f3n-de-saberes-1-.jpg\" alt=\"\" width=\"840\" height=\"630\" srcset=\"https:\/\/inces.gob.ve\/wp-content\/uploads\/2019\/08\/Inces-acreditaci\u00f3n-de-saberes-1-.jpg 840w, https:\/\/inces.gob.ve\/wp-content\/uploads\/2019\/08\/Inces-acreditaci\u00f3n-de-saberes-1--300x225.jpg 300w, https:\/\/inces.gob.ve\/wp-content\/uploads\/2019\/08\/Inces-acreditaci\u00f3n-de-saberes-1--768x576.jpg 768w, https:\/\/inces.gob.ve\/wp-content\/uploads\/2019\/08\/Inces-acreditaci\u00f3n-de-saberes-1--136x102.jpg 136w\" sizes=\"auto, (max-width: 840px) 100vw, 840px\" \/><\/span><\/span><\/p>\n<p align=\"justify\"><span style=\"font-family: Arial, sans-serif;\"><span style=\"font-size: x-large;\">Dicha acci\u00f3n implementada por el instituto socialista, logr\u00f3 la captaci\u00f3n de 68 personas a las que se les confirmaron 168 conocimientos ancestrales en diferentes campos laborales, los cuales fueron adquiridos por ellos durante el tiempo sin necesidad de haber ejercido alg\u00fan tipo de estudios para ello. <\/span><\/span><\/p>\n<p align=\"justify\"><span style=\"font-family: Arial, sans-serif;\"><span style=\"font-size: x-large;\"><img loading=\"lazy\" decoding=\"async\" class=\"aligncenter wp-image-30217 size-full\" src=\"http:\/\/www.inces.gob.ve\/wp-content\/uploads\/2019\/08\/Inces-acreditaci\u00f3n-de-saberes-2-.jpg\" alt=\"\" width=\"850\" height=\"638\" srcset=\"https:\/\/inces.gob.ve\/wp-content\/uploads\/2019\/08\/Inces-acreditaci\u00f3n-de-saberes-2-.jpg 850w, https:\/\/inces.gob.ve\/wp-content\/uploads\/2019\/08\/Inces-acreditaci\u00f3n-de-saberes-2--300x225.jpg 300w, https:\/\/inces.gob.ve\/wp-content\/uploads\/2019\/08\/Inces-acreditaci\u00f3n-de-saberes-2--768x576.jpg 768w, https:\/\/inces.gob.ve\/wp-content\/uploads\/2019\/08\/Inces-acreditaci\u00f3n-de-saberes-2--136x102.jpg 136w\" sizes=\"auto, (max-width: 850px) 100vw, 850px\" \/><\/span><\/span><\/p>\n<p align=\"justify\"><span style=\"font-family: Arial, sans-serif;\"><span style=\"font-size: x-large;\">Los oficios emp\u00edricos fueron acreditados por un equipo de profesionales capacitados del Inces en \u00e1reas de panader\u00eda y pasteler\u00eda, cocina b\u00e1sica, textil, artesan\u00edas, refrigeraci\u00f3n, electricidad, carpinter\u00eda, dulcer\u00eda criolla, entre otros. <\/span><\/span><\/p>\n<p align=\"justify\"><span style=\"font-family: Arial, sans-serif;\"><span style=\"font-size: x-large;\"><img loading=\"lazy\" decoding=\"async\" class=\"alignnone wp-image-30216 size-full\" src=\"http:\/\/www.inces.gob.ve\/wp-content\/uploads\/2019\/08\/Inces-acreditaci\u00f3n-de-saberes-3-.jpg\" alt=\"\" width=\"850\" height=\"638\" srcset=\"https:\/\/inces.gob.ve\/wp-content\/uploads\/2019\/08\/Inces-acreditaci\u00f3n-de-saberes-3-.jpg 850w, https:\/\/inces.gob.ve\/wp-content\/uploads\/2019\/08\/Inces-acreditaci\u00f3n-de-saberes-3--300x225.jpg 300w, https:\/\/inces.gob.ve\/wp-content\/uploads\/2019\/08\/Inces-acreditaci\u00f3n-de-saberes-3--768x576.jpg 768w, https:\/\/inces.gob.ve\/wp-content\/uploads\/2019\/08\/Inces-acreditaci\u00f3n-de-saberes-3--136x102.jpg 136w\" sizes=\"auto, (max-width: 850px) 100vw, 850px\" \/><\/span><\/span><\/p>\n<p align=\"justify\"><span style=\"font-family: Arial, sans-serif;\"><span style=\"font-size: x-large;\">Asimismo, fue propicia la ocasi\u00f3n para que el Programa Industria a trav\u00e9s de la \u201cBrigada Productiva\u201d que se implementa en la instituci\u00f3n, realizara la reparaci\u00f3n de un cantidad importante de mesas \u2013 sillas del antes mencionado centro educativo, para que los estudiantes puedan estar c\u00f3modos a la hora de recibir su docencia. <\/span><\/span><\/p>\n<p align=\"justify\"><span style=\"font-family: Arial, sans-serif;\"><span style=\"font-size: x-large;\"><i><b>Fotos. Frank M\u00e9ndez<\/b><\/i><\/span><\/span><\/p>\n","protected":false},"excerpt":{"rendered":"<p>** Fueron evaluados oficios como panader\u00eda y pasteler\u00eda, cocina b\u00e1sica, textil, artesan\u00edas, refrigeraci\u00f3n, electricidad entre otros<\/p>\n","protected":false},"author":15,"featured_media":30215,"comment_status":"closed","ping_status":"closed","sticky":false,"template":"","format":"standard","meta":{"footnotes":""},"categories":[2],"tags":[],"class_list":["post-30223","post","type-post","status-publish","format-standard","has-post-thumbnail","hentry","category-blog"],"_links":{"self":[{"href":"https:\/\/inces.gob.ve\/index.php\/wp-json\/wp\/v2\/posts\/30223","targetHints":{"allow":["GET"]}}],"collection":[{"href":"https:\/\/inces.gob.ve\/index.php\/wp-json\/wp\/v2\/posts"}],"about":[{"href":"https:\/\/inces.gob.ve\/index.php\/wp-json\/wp\/v2\/types\/post"}],"author":[{"embeddable":true,"href":"https:\/\/inces.gob.ve\/index.php\/wp-json\/wp\/v2\/users\/15"}],"replies":[{"embeddable":true,"href":"https:\/\/inces.gob.ve\/index.php\/wp-json\/wp\/v2\/comments?post=30223"}],"version-history":[{"count":1,"href":"https:\/\/inces.gob.ve\/index.php\/wp-json\/wp\/v2\/posts\/30223\/revisions"}],"predecessor-version":[{"id":30224,"href":"https:\/\/inces.gob.ve\/index.php\/wp-json\/wp\/v2\/posts\/30223\/revisions\/30224"}],"wp:featuredmedia":[{"embeddable":true,"href":"https:\/\/inces.gob.ve\/index.php\/wp-json\/wp\/v2\/media\/30215"}],"wp:attachment":[{"href":"https:\/\/inces.gob.ve\/index.php\/wp-json\/wp\/v2\/media?parent=30223"}],"wp:term":[{"taxonomy":"category","embeddable":true,"href":"https:\/\/inces.gob.ve\/index.php\/wp-json\/wp\/v2\/categories?post=30223"},{"taxonomy":"post_tag","embeddable":true,"href":"https:\/\/inces.gob.ve\/index.php\/wp-json\/wp\/v2\/tags?post=30223"}],"curies":[{"name":"wp","href":"https:\/\/api.w.org\/{rel}","templated":true}]}}