{"id":30259,"date":"2019-08-12T12:46:29","date_gmt":"2019-08-12T18:46:29","guid":{"rendered":"http:\/\/www.inces.gob.ve\/?p=30259"},"modified":"2020-05-28T20:34:40","modified_gmt":"2020-05-29T00:34:40","slug":"trabajadores-inces-firman-contra-agresiones-de-trump","status":"publish","type":"post","link":"https:\/\/inces.gob.ve\/index.php\/2019\/08\/12\/trabajadores-inces-firman-contra-agresiones-de-trump\/","title":{"rendered":"Trabajadores Inces firman contra agresiones de Trump"},"content":{"rendered":"<p align=\"justify\"><strong><span style=\"font-family: Arial, sans-serif;\"><span style=\"font-size: x-large;\">* La guerrilla Inces se apost\u00f3 en la planta baja del edificio sede, espacio donde hombres y mujeres de la patria estamparon su rubrica para decir #No+Trump<\/span><\/span><\/strong><!--more--><\/p>\n<p align=\"justify\"><a name=\"more-15012\"><\/a><\/p>\n<p align=\"justify\"><strong><span style=\"font-family: Arial, sans-serif;\"><span style=\"font-size: x-large;\">LONGINA TOVAR<\/span><\/span><\/strong><\/p>\n<p align=\"justify\"><span style=\"font-family: Arial, sans-serif;\"><span style=\"font-size: x-large;\">M\u00e1s de 150 trabajadores Inces, en tan solo tres horas, firmaron la cartilla de protesta mundial para recharzar las medidas tomadas por el presidente de los Estados Unidos, Donald Trump, en contra del pueblo venezolano.<\/span><\/span><\/p>\n<p align=\"justify\"><span style=\"font-family: Arial, sans-serif;\"><span style=\"font-size: x-large;\">Una vez recogidas las firmas que respaldan de manera colateral la gesti\u00f3n de Nicol\u00e1s Maduro Moros, las mismas ser\u00e1n entregadas a la Organizaci\u00f3n de las Naciones Unidas (ONU) para dejar por sentado que Venezuela no acepta la agresi\u00f3n del gobierno estadounidense.<\/span><\/span><\/p>\n<p align=\"justify\"><img loading=\"lazy\" decoding=\"async\" class=\"aligncenter wp-image-30261 size-full\" src=\"http:\/\/www.inces.gob.ve\/wp-content\/uploads\/2019\/08\/Inces-firman-contra-agresiones-de-Trump-4-.jpg\" alt=\"\" width=\"850\" height=\"638\" srcset=\"https:\/\/inces.gob.ve\/wp-content\/uploads\/2019\/08\/Inces-firman-contra-agresiones-de-Trump-4-.jpg 850w, https:\/\/inces.gob.ve\/wp-content\/uploads\/2019\/08\/Inces-firman-contra-agresiones-de-Trump-4--300x225.jpg 300w, https:\/\/inces.gob.ve\/wp-content\/uploads\/2019\/08\/Inces-firman-contra-agresiones-de-Trump-4--768x576.jpg 768w, https:\/\/inces.gob.ve\/wp-content\/uploads\/2019\/08\/Inces-firman-contra-agresiones-de-Trump-4--136x102.jpg 136w\" sizes=\"auto, (max-width: 850px) 100vw, 850px\" \/><\/p>\n<p align=\"justify\"><span style=\"font-family: Arial, sans-serif;\"><span style=\"font-size: x-large;\">Respecto al significado de la r\u00fabrica, Jhonny Acosta manifest\u00f3: \u201cLa firma es una actitud contraimperialista, es un acci\u00f3n contra el bloqueo criminal que los Estados Unidos est\u00e1 imponiendo a Venezuela. Detr\u00e1s de ese bloqueo no hay otra intenci\u00f3n que apoderarse de las riquezas naturales del pa\u00eds: oro, bauxita, hierro, agua, petroleo. Somos la tercera reserva de agua probada del mundo. En cuanto al petroleo, a USA le quedan siete a\u00f1os de reserva, a Colombia, apenas cinco, a nosotros, en cambio, 300 a\u00f1os de reserva petrolera y ellos est\u00e1n clar\u00edsimos en eso. Estampar la firma all\u00ed es decir no al bloque criminal del gobierno imperial de los Estados Unidos contra Venezuela.<\/span><\/span><\/p>\n<p align=\"justify\"><span style=\"font-family: Arial, sans-serif;\"><span style=\"font-size: x-large;\"><img loading=\"lazy\" decoding=\"async\" class=\"aligncenter wp-image-30262 size-full\" src=\"http:\/\/www.inces.gob.ve\/wp-content\/uploads\/2019\/08\/Inces-firman-contra-agresiones-de-Trump-2-.jpg\" alt=\"\" width=\"850\" height=\"638\" srcset=\"https:\/\/inces.gob.ve\/wp-content\/uploads\/2019\/08\/Inces-firman-contra-agresiones-de-Trump-2-.jpg 850w, https:\/\/inces.gob.ve\/wp-content\/uploads\/2019\/08\/Inces-firman-contra-agresiones-de-Trump-2--300x225.jpg 300w, https:\/\/inces.gob.ve\/wp-content\/uploads\/2019\/08\/Inces-firman-contra-agresiones-de-Trump-2--768x576.jpg 768w, https:\/\/inces.gob.ve\/wp-content\/uploads\/2019\/08\/Inces-firman-contra-agresiones-de-Trump-2--136x102.jpg 136w\" sizes=\"auto, (max-width: 850px) 100vw, 850px\" \/><\/span><\/span><\/p>\n<p align=\"justify\"><span style=\"font-family: Arial, sans-serif;\"><span style=\"font-size: x-large;\">Por su parte, de la Gerencia General de Cultura, Deporte, recreaci\u00f3n y Participaci\u00f3n Comunal, Jhonny Jim\u00e9nez, expuso: \u201cYo firm\u00e9 por los pueblos de Latinoam\u00e9rica. No subestimen a los pueblos latinoamericanos. V\u00e9ase lo que pas\u00f3 ayer en Argentina: una paliza que le dieron a Macri. Nosotros, la gente que quiere a su pa\u00eds, no tenemos por qu\u00e9 aceptar la actitud de Donald Trump en contra de Venezuela. Lleg\u00f3 la hora de los pueblos, de amar a la patria. Como dijo Ch\u00e1vez \u201cnos han gonernado m\u00e1s por la ignorancia que por la fuerza\u201d. La patria venezolana va con todos lo hierros. No pudieron con Cuba, que la tienen a 90 millas, menos van a poder con un pueblo tan soberano y rebelde como la Rep\u00fablica Bolivariana de Venezuela\u201d, enfatiz\u00f3<\/span><\/span><\/p>\n","protected":false},"excerpt":{"rendered":"<p>* La guerrilla Inces se apost\u00f3 en la planta baja del edificio sede, espacio donde hombres y mujeres de la patria estamparon su rubrica para decir #No+Trump<\/p>\n","protected":false},"author":15,"featured_media":30263,"comment_status":"closed","ping_status":"closed","sticky":false,"template":"","format":"standard","meta":{"footnotes":""},"categories":[2],"tags":[],"class_list":["post-30259","post","type-post","status-publish","format-standard","has-post-thumbnail","hentry","category-blog"],"_links":{"self":[{"href":"https:\/\/inces.gob.ve\/index.php\/wp-json\/wp\/v2\/posts\/30259","targetHints":{"allow":["GET"]}}],"collection":[{"href":"https:\/\/inces.gob.ve\/index.php\/wp-json\/wp\/v2\/posts"}],"about":[{"href":"https:\/\/inces.gob.ve\/index.php\/wp-json\/wp\/v2\/types\/post"}],"author":[{"embeddable":true,"href":"https:\/\/inces.gob.ve\/index.php\/wp-json\/wp\/v2\/users\/15"}],"replies":[{"embeddable":true,"href":"https:\/\/inces.gob.ve\/index.php\/wp-json\/wp\/v2\/comments?post=30259"}],"version-history":[{"count":1,"href":"https:\/\/inces.gob.ve\/index.php\/wp-json\/wp\/v2\/posts\/30259\/revisions"}],"predecessor-version":[{"id":30264,"href":"https:\/\/inces.gob.ve\/index.php\/wp-json\/wp\/v2\/posts\/30259\/revisions\/30264"}],"wp:featuredmedia":[{"embeddable":true,"href":"https:\/\/inces.gob.ve\/index.php\/wp-json\/wp\/v2\/media\/30263"}],"wp:attachment":[{"href":"https:\/\/inces.gob.ve\/index.php\/wp-json\/wp\/v2\/media?parent=30259"}],"wp:term":[{"taxonomy":"category","embeddable":true,"href":"https:\/\/inces.gob.ve\/index.php\/wp-json\/wp\/v2\/categories?post=30259"},{"taxonomy":"post_tag","embeddable":true,"href":"https:\/\/inces.gob.ve\/index.php\/wp-json\/wp\/v2\/tags?post=30259"}],"curies":[{"name":"wp","href":"https:\/\/api.w.org\/{rel}","templated":true}]}}