{"id":30297,"date":"2019-08-13T13:45:21","date_gmt":"2019-08-13T19:45:21","guid":{"rendered":"http:\/\/www.inces.gob.ve\/?p=30297"},"modified":"2020-05-28T20:27:46","modified_gmt":"2020-05-29T00:27:46","slug":"nueva-esparta-inces-realiza-actividades-para-celebrar-60-anos-formando-al-pueblo","status":"publish","type":"post","link":"https:\/\/inces.gob.ve\/index.php\/2019\/08\/13\/nueva-esparta-inces-realiza-actividades-para-celebrar-60-anos-formando-al-pueblo\/","title":{"rendered":"Nueva Esparta | Inces realiza actividades para celebrar 60 a\u00f1os formando al pueblo"},"content":{"rendered":"<p align=\"justify\"><span style=\"font-family: Arial, sans-serif;\"><span style=\"font-size: x-large;\"><i><b>** El Inces Nueva Esparta tiene todo preparado para festejar la creaci\u00f3n de una instituci\u00f3n que se ha encargado de formar y brindar conocimientos al pueblo venezolano <\/b><\/i><\/span><\/span><\/p>\n<p align=\"justify\"><!--more--><\/p>\n<p align=\"justify\"><span style=\"font-family: Arial, sans-serif;\"><span style=\"font-size: x-large;\"><b>FRANCIS MORENO <\/b><\/span><\/span><\/p>\n<p align=\"justify\"><span style=\"font-family: Arial, sans-serif;\"><span style=\"font-size: x-large;\">El Inces cumplir\u00e1 este pr\u00f3ximo 22 de agosto 60 a\u00f1os formando la mano productiva de los venezolanos; para celebrarlo desde la gerencia regional se han organizado una serie de actividades que incluir\u00e1n diversos actos culturales, deportivos y recreacionales. <\/span><\/span><\/p>\n<p align=\"justify\"><span style=\"font-family: Arial, sans-serif;\"><span style=\"font-size: x-large;\">Dentro de las acciones que enmarcan el evento se tiene previsto realizar en los distintos centros de formaci\u00f3n socialista, ubicados en Juan Griego, El Espinal y Porlamar, diversas actuaciones que permiten la inclusi\u00f3n de la comunidad<\/span><\/span><\/p>\n<p align=\"justify\"><span style=\"font-family: Arial, sans-serif;\"><span style=\"font-size: x-large;\">Entre ellas se tiene previsto llevar a cabo el mi\u00e9rcoles 14 la elecci\u00f3n de la madrina Inces en el anfiteatro de la alcald\u00eda de Mari\u00f1o, y el mismo d\u00eda, un foro de Sexo Diversidad; el viernes 16 se realizar\u00e1 la Feria Gastron\u00f3mica en la plaza Bol\u00edvar de Porlamar. Para el 13 los j\u00f3venes del Programa Nacional de Aprendizaje y la Gran Misi\u00f3n Chamba Juvenil estar\u00e1n en los sem\u00e1foros conmemorando con alusivas consignas al maestro fundador Luis Beltr\u00e1n Prieto Figueroa. <\/span><\/span><\/p>\n<p align=\"justify\"><span style=\"font-family: Arial, sans-serif;\"><span style=\"font-size: x-large;\">En ese mismo orden de ideas, se realizar\u00e1 una ruta hist\u00f3rica patrimonial el d\u00eda 19 de agosto donde participan trabajadores y comunidad, as\u00ed como el desarrollo de actividades con bandas show, danzas y m\u00fasica tradicional margarite\u00f1a en el centro de formaci\u00f3n socialista (CFS)El Espinal.<\/span><\/span><\/p>\n<p align=\"justify\"><span style=\"font-family: Arial, sans-serif;\"><span style=\"font-size: x-large;\"><img loading=\"lazy\" decoding=\"async\" class=\"aligncenter wp-image-30298 size-full\" src=\"http:\/\/www.inces.gob.ve\/wp-content\/uploads\/2019\/08\/Inces-celebra-60-a\u00f1os-formando-pueblo-1.jpg\" alt=\"\" width=\"850\" height=\"638\" srcset=\"https:\/\/inces.gob.ve\/wp-content\/uploads\/2019\/08\/Inces-celebra-60-a\u00f1os-formando-pueblo-1.jpg 850w, https:\/\/inces.gob.ve\/wp-content\/uploads\/2019\/08\/Inces-celebra-60-a\u00f1os-formando-pueblo-1-300x225.jpg 300w, https:\/\/inces.gob.ve\/wp-content\/uploads\/2019\/08\/Inces-celebra-60-a\u00f1os-formando-pueblo-1-768x576.jpg 768w, https:\/\/inces.gob.ve\/wp-content\/uploads\/2019\/08\/Inces-celebra-60-a\u00f1os-formando-pueblo-1-136x102.jpg 136w\" sizes=\"auto, (max-width: 850px) 100vw, 850px\" \/><\/span><\/span><\/p>\n<p align=\"justify\"><span style=\"font-family: Arial, sans-serif;\"><span style=\"font-size: x-large;\">Seguidamente, el 20, en el CFS Guaraguao y La Playa, tendr\u00e1n una presentaci\u00f3n de la banda show G\/J Santiago Mari\u00f1o, danza Los Robles y exposici\u00f3n Gastrobar; y el CFS Juan Griego para el 21 disfrutar\u00e1 de una exposici\u00f3n textil, actividad cultural, ginkana, jornada de arborizaci\u00f3n, corte de cabello y desarrollo de juegos deportivos.<\/span><\/span><\/p>\n<p align=\"justify\"><span style=\"font-family: Arial, sans-serif;\"><span style=\"font-size: x-large;\">Asimismo, el 22, fecha en la que se celebra el aniversario, se har\u00e1 entrega de botones y reconocimientos al personal Inces con mayor antig\u00fcedad, al tiempo que se compartir\u00e1 con los empleados de la instituci\u00f3n la torta de cumplea\u00f1os. <\/span><\/span><\/p>\n<p align=\"justify\"><span style=\"font-family: Arial, sans-serif;\"><span style=\"font-size: x-large;\">Durante los siguientes d\u00edas y hasta el 31 de agosto se efectuar\u00e1n juegos deportivos como f\u00fatbol sala, kikimbol, bolas criollas, y otras actividades recreacionales entre las cuales se destaca la obra de teatro Justicia y Libertad, y tambi\u00e9n reciclaje y el reh\u00faso, caciquito, mini chef y peque\u00f1as creaciones textiles. <\/span><\/span><\/p>\n<p align=\"justify\">\n","protected":false},"excerpt":{"rendered":"<p>** El Inces Nueva Esparta tiene todo preparado para festejar la creaci\u00f3n de una instituci\u00f3n que se ha encargado de formar y brindar conocimientos al pueblo venezolano<\/p>\n","protected":false},"author":15,"featured_media":30299,"comment_status":"closed","ping_status":"closed","sticky":false,"template":"","format":"standard","meta":{"footnotes":""},"categories":[2],"tags":[],"class_list":["post-30297","post","type-post","status-publish","format-standard","has-post-thumbnail","hentry","category-blog"],"_links":{"self":[{"href":"https:\/\/inces.gob.ve\/index.php\/wp-json\/wp\/v2\/posts\/30297","targetHints":{"allow":["GET"]}}],"collection":[{"href":"https:\/\/inces.gob.ve\/index.php\/wp-json\/wp\/v2\/posts"}],"about":[{"href":"https:\/\/inces.gob.ve\/index.php\/wp-json\/wp\/v2\/types\/post"}],"author":[{"embeddable":true,"href":"https:\/\/inces.gob.ve\/index.php\/wp-json\/wp\/v2\/users\/15"}],"replies":[{"embeddable":true,"href":"https:\/\/inces.gob.ve\/index.php\/wp-json\/wp\/v2\/comments?post=30297"}],"version-history":[{"count":1,"href":"https:\/\/inces.gob.ve\/index.php\/wp-json\/wp\/v2\/posts\/30297\/revisions"}],"predecessor-version":[{"id":30300,"href":"https:\/\/inces.gob.ve\/index.php\/wp-json\/wp\/v2\/posts\/30297\/revisions\/30300"}],"wp:featuredmedia":[{"embeddable":true,"href":"https:\/\/inces.gob.ve\/index.php\/wp-json\/wp\/v2\/media\/30299"}],"wp:attachment":[{"href":"https:\/\/inces.gob.ve\/index.php\/wp-json\/wp\/v2\/media?parent=30297"}],"wp:term":[{"taxonomy":"category","embeddable":true,"href":"https:\/\/inces.gob.ve\/index.php\/wp-json\/wp\/v2\/categories?post=30297"},{"taxonomy":"post_tag","embeddable":true,"href":"https:\/\/inces.gob.ve\/index.php\/wp-json\/wp\/v2\/tags?post=30297"}],"curies":[{"name":"wp","href":"https:\/\/api.w.org\/{rel}","templated":true}]}}