{"id":30337,"date":"2019-08-14T12:04:25","date_gmt":"2019-08-14T18:04:25","guid":{"rendered":"http:\/\/www.inces.gob.ve\/?p=30337"},"modified":"2020-05-28T20:34:47","modified_gmt":"2020-05-29T00:34:47","slug":"zulia-13-chambistas-firmaron-contrato-con-el-banco-de-venezuela","status":"publish","type":"post","link":"https:\/\/inces.gob.ve\/index.php\/2019\/08\/14\/zulia-13-chambistas-firmaron-contrato-con-el-banco-de-venezuela\/","title":{"rendered":"ZULIA | 13 chambistas firmaron contrato con el Banco de Venezuela"},"content":{"rendered":"<p class=\"western\" align=\"justify\"><span style=\"font-family: Arial, sans-serif;\"><span style=\"font-size: x-large;\"><i><b>** Estos j\u00f3venes se formaron en el centro de formaci\u00f3n socialista (CFS) Bella Vista en el oficio Oficinista Integral Financiero<\/b><\/i><\/span><\/span><\/p>\n<p class=\"western\" align=\"justify\"><!--more--><\/p>\n<p class=\"western\" align=\"justify\"><span style=\"font-family: Arial, sans-serif;\"><span style=\"font-size: x-large;\"><b>YUDITH CASTRO<\/b><\/span><\/span><\/p>\n<p class=\"western\" align=\"justify\"><span style=\"font-family: Arial, sans-serif;\"><span style=\"font-size: x-large;\">Un total de 13 aprendices de la Gran Misi\u00f3n Chamba Juvenil firmaron contrato con el Banco de Venezuela para iniciar la fase pr\u00e1ctica en las distintas sucursales con las que cuenta la instituci\u00f3n financiera en Maracaibo. <\/span><\/span><\/p>\n<p class=\"western\" align=\"justify\">\n<p class=\"western\" align=\"justify\"><span style=\"font-family: Arial, sans-serif;\"><span style=\"font-size: x-large;\">Estos j\u00f3venes se formaron en el centro de formaci\u00f3n socialista (CFS) Bella Vista en el oficio Oficinista Integral Financiero. El acto se efectu\u00f3 en una de las oficinas del Inces. Estuvieron acompa\u00f1ados por la gerente de la instituci\u00f3n, Isamar M\u00e1rquez, el jefe de la Divisi\u00f3n de Formaci\u00f3n Profesional y el coordinador de la Gran Misi\u00f3n Chamba Juvenil de la instituci\u00f3n, Jos\u00e9 Su\u00e1rez. <\/span><\/span><\/p>\n<p class=\"western\" align=\"justify\"><img loading=\"lazy\" decoding=\"async\" class=\"alignnone size-medium wp-image-30339\" src=\"http:\/\/www.inces.gob.ve\/wp-content\/uploads\/2019\/08\/Inces-chambistas-firmaron-contrato1--300x180.jpg\" alt=\"\" width=\"300\" height=\"180\" srcset=\"https:\/\/inces.gob.ve\/wp-content\/uploads\/2019\/08\/Inces-chambistas-firmaron-contrato1--300x180.jpg 300w, https:\/\/inces.gob.ve\/wp-content\/uploads\/2019\/08\/Inces-chambistas-firmaron-contrato1-.jpg 750w\" sizes=\"auto, (max-width: 300px) 100vw, 300px\" \/><\/p>\n<p class=\"western\" align=\"justify\"><span style=\"font-family: Arial, sans-serif;\"><span style=\"font-size: x-large;\">Indic\u00f3 Su\u00e1rez que cada vez m\u00e1s son los j\u00f3venes que se registran en la Gran Misi\u00f3n Chamaba Juvenil para optar a un empleo digno. \u201cDesde el Inces en articulaci\u00f3n con el Ministerio del Poder Popular para la Juventud estamos haciendo todo lo posible para darle respuestas a los j\u00f3venes que han decidido formarse para el trabajo y que quieren poner sus conocimientos al servicio del pa\u00eds.\u201d<\/span><\/span><\/p>\n<p class=\"western\" align=\"justify\">\n<p class=\"western\" align=\"justify\"><span style=\"font-family: Arial, sans-serif;\"><span style=\"font-size: x-large;\">Record\u00f3 Su\u00e1rez que a trav\u00e9s de este programa los j\u00f3venes se forman en cursos de acuerdo a sus intereses y de las entidades de trabajo que los contrat\u00f3, desde el inicio de formaci\u00f3n disfrutan de todos los beneficios laborales; perciben el 75% del sueldo m\u00ednimo y en la fase pr\u00e1ctica el 100% del sueldo.<\/span><\/span><\/p>\n<p class=\"western\" align=\"justify\">\n<p class=\"western\" align=\"justify\"><span style=\"font-family: Arial, sans-serif;\"><span style=\"font-size: x-large;\">Los j\u00f3venes interesados en participar en este programa deben registrase en la p\u00e1gina web del Ministerio del Poder Popular para la Juventud, ser menor de 18 a\u00f1os, consignar resumen curricular y certificaci\u00f3n de notas de estudios de secundaria, entre otros, puntualiz\u00f3 Su\u00e1rez. <\/span><\/span><\/p>\n","protected":false},"excerpt":{"rendered":"<p>** Estos j\u00f3venes se formaron en el centro de formaci\u00f3n socialista (CFS) Bella Vista en el oficio Oficinista Integral Financiero<\/p>\n","protected":false},"author":15,"featured_media":30338,"comment_status":"closed","ping_status":"closed","sticky":false,"template":"","format":"standard","meta":{"footnotes":""},"categories":[2],"tags":[],"class_list":["post-30337","post","type-post","status-publish","format-standard","has-post-thumbnail","hentry","category-blog"],"_links":{"self":[{"href":"https:\/\/inces.gob.ve\/index.php\/wp-json\/wp\/v2\/posts\/30337","targetHints":{"allow":["GET"]}}],"collection":[{"href":"https:\/\/inces.gob.ve\/index.php\/wp-json\/wp\/v2\/posts"}],"about":[{"href":"https:\/\/inces.gob.ve\/index.php\/wp-json\/wp\/v2\/types\/post"}],"author":[{"embeddable":true,"href":"https:\/\/inces.gob.ve\/index.php\/wp-json\/wp\/v2\/users\/15"}],"replies":[{"embeddable":true,"href":"https:\/\/inces.gob.ve\/index.php\/wp-json\/wp\/v2\/comments?post=30337"}],"version-history":[{"count":1,"href":"https:\/\/inces.gob.ve\/index.php\/wp-json\/wp\/v2\/posts\/30337\/revisions"}],"predecessor-version":[{"id":30340,"href":"https:\/\/inces.gob.ve\/index.php\/wp-json\/wp\/v2\/posts\/30337\/revisions\/30340"}],"wp:featuredmedia":[{"embeddable":true,"href":"https:\/\/inces.gob.ve\/index.php\/wp-json\/wp\/v2\/media\/30338"}],"wp:attachment":[{"href":"https:\/\/inces.gob.ve\/index.php\/wp-json\/wp\/v2\/media?parent=30337"}],"wp:term":[{"taxonomy":"category","embeddable":true,"href":"https:\/\/inces.gob.ve\/index.php\/wp-json\/wp\/v2\/categories?post=30337"},{"taxonomy":"post_tag","embeddable":true,"href":"https:\/\/inces.gob.ve\/index.php\/wp-json\/wp\/v2\/tags?post=30337"}],"curies":[{"name":"wp","href":"https:\/\/api.w.org\/{rel}","templated":true}]}}