{"id":30347,"date":"2019-08-14T13:28:10","date_gmt":"2019-08-14T19:28:10","guid":{"rendered":"http:\/\/www.inces.gob.ve\/?p=30347"},"modified":"2020-05-28T20:27:45","modified_gmt":"2020-05-29T00:27:45","slug":"clausuro-la-muestra-didactica-inces-2019-con-la-demostracion-de-que-la-meta-es-producir","status":"publish","type":"post","link":"https:\/\/inces.gob.ve\/index.php\/2019\/08\/14\/clausuro-la-muestra-didactica-inces-2019-con-la-demostracion-de-que-la-meta-es-producir\/","title":{"rendered":"Clausur\u00f3 la Muestra Did\u00e1ctica Inces 2019 con la demostraci\u00f3n de que la meta es producir"},"content":{"rendered":"<p align=\"justify\"><span style=\"font-family: Arial, sans-serif;\"><span style=\"font-size: x-large;\"><b>** Innovaciones, soluciones sencillas, formaci\u00f3n pertinente, resoluci\u00f3n de problemas, creatividad y voluntad ante al adversidad se pasearon a sus anchas durante las dos jornadas de la Muestra en demostraci\u00f3n de que &#8211; aprender haciendo &#8211; es el camino y el Inces lo sabe<\/b><\/span><\/span><!--more--><\/p>\n<p align=\"justify\"><span style=\"font-family: Arial, sans-serif;\"><span style=\"font-size: x-large;\"><b>Ivaldo Rodr\u00edguez | Prensa Inces sede<\/b><\/span><\/span><\/p>\n<p align=\"justify\"><span style=\"font-family: Arial, sans-serif;\"><span style=\"font-size: x-large;\">Un d\u00eda festivo, de j\u00fabilo y celebraci\u00f3n esta continuaci\u00f3n de la <b>Muestra Did\u00e1ctica Inces 2019<\/b>. <b>La originalidad y creatividad se desparramaron en el Inces con las demostraciones p\u00fablicas de muy diversas producciones y formaciones.<\/b> Crear y producir son las pruebas m\u00e1s evidentes de que el conocimiento se ha apoderado de nosotros. Hoy m\u00e1s que nunca, la cumplea\u00f1era instituci\u00f3n demostr\u00f3 que en sus talleres, aulas, laboratorios, as\u00ed como en las comunidades, entidades de trabajo, instalaciones militares e institutos de Formaci\u00f3n Delegada, la directriz es aprender haciendo.<\/span><\/span><\/p>\n<p align=\"justify\"><span style=\"font-family: Arial, sans-serif;\"><span style=\"font-size: x-large;\"><img loading=\"lazy\" decoding=\"async\" class=\"aligncenter wp-image-30363 size-full\" src=\"http:\/\/www.inces.gob.ve\/wp-content\/uploads\/2019\/08\/Inces-60-aniversario-10.jpeg\" alt=\"\" width=\"850\" height=\"478\" srcset=\"https:\/\/inces.gob.ve\/wp-content\/uploads\/2019\/08\/Inces-60-aniversario-10.jpeg 850w, https:\/\/inces.gob.ve\/wp-content\/uploads\/2019\/08\/Inces-60-aniversario-10-300x169.jpeg 300w, https:\/\/inces.gob.ve\/wp-content\/uploads\/2019\/08\/Inces-60-aniversario-10-768x432.jpeg 768w\" sizes=\"auto, (max-width: 850px) 100vw, 850px\" \/><\/span><\/span><\/p>\n<p align=\"justify\"><span style=\"font-family: Arial, sans-serif;\"><span style=\"font-size: x-large;\">Al inicio de la jornada, en unas estructuras dispuestas para observar p\u00fablicamente demostraciones de diverso tenor, se abri\u00f3 fuego con una clase abierta con el concurso de participantes de la formaci\u00f3n de Ceremonial, Protocolo y Etiqueta del CFS \u201cJorge Rodr\u00edguez\u201d.<\/span><\/span><\/p>\n<p align=\"justify\"><span style=\"font-family: Arial, sans-serif;\"><span style=\"font-size: x-large;\"><img loading=\"lazy\" decoding=\"async\" class=\"aligncenter wp-image-30353 size-full\" src=\"http:\/\/www.inces.gob.ve\/wp-content\/uploads\/2019\/08\/Inces-Muestra-Did\u00e1ctica1-.jpeg\" alt=\"\" width=\"850\" height=\"478\" srcset=\"https:\/\/inces.gob.ve\/wp-content\/uploads\/2019\/08\/Inces-Muestra-Did\u00e1ctica1-.jpeg 850w, https:\/\/inces.gob.ve\/wp-content\/uploads\/2019\/08\/Inces-Muestra-Did\u00e1ctica1--300x169.jpeg 300w, https:\/\/inces.gob.ve\/wp-content\/uploads\/2019\/08\/Inces-Muestra-Did\u00e1ctica1--768x432.jpeg 768w\" sizes=\"auto, (max-width: 850px) 100vw, 850px\" \/><\/span><\/span><\/p>\n<p align=\"justify\"><span style=\"font-family: Arial, sans-serif;\"><span style=\"font-size: x-large;\">El MTP del Motor Turismo, Jes\u00fas Mart\u00ednez Rousseau expuso que se trat\u00f3 de una demostraci\u00f3n de la formaci\u00f3n antes mencionada, pero con el agregado de saberes en Servicio de Comedor y Bar B\u00e1sico \u201cpara darle integralidad\u201d. Todo en 36 horas.<\/span><\/span><\/p>\n<p align=\"justify\"><span style=\"font-family: Arial, sans-serif;\"><span style=\"font-size: x-large;\"><img loading=\"lazy\" decoding=\"async\" class=\"aligncenter wp-image-30356 size-full\" src=\"http:\/\/www.inces.gob.ve\/wp-content\/uploads\/2019\/08\/Inces-Muestra-Did\u00e1ctica-8-.jpeg\" alt=\"\" width=\"850\" height=\"478\" srcset=\"https:\/\/inces.gob.ve\/wp-content\/uploads\/2019\/08\/Inces-Muestra-Did\u00e1ctica-8-.jpeg 850w, https:\/\/inces.gob.ve\/wp-content\/uploads\/2019\/08\/Inces-Muestra-Did\u00e1ctica-8--300x169.jpeg 300w, https:\/\/inces.gob.ve\/wp-content\/uploads\/2019\/08\/Inces-Muestra-Did\u00e1ctica-8--768x432.jpeg 768w\" sizes=\"auto, (max-width: 850px) 100vw, 850px\" \/><\/span><\/span><\/p>\n<p align=\"justify\"><span style=\"font-family: Arial, sans-serif;\"><span style=\"font-size: x-large;\">La din\u00e1mica observada fue la manera de instalar un montaje cl\u00e1sico en un restaurant: <\/span><\/span><\/p>\n<p align=\"justify\"><span style=\"font-family: Arial, sans-serif;\"><span style=\"font-size: x-large;\">&#8211; Ubicaci\u00f3n y manera de introducir a la mesa copas de agua, vino y champa\u00f1a<\/span><\/span><\/p>\n<p align=\"justify\"><span style=\"font-family: Arial, sans-serif;\"><span style=\"font-size: x-large;\">&#8211; Cubiertos cl\u00e1sicos y de postre<\/span><\/span><\/p>\n<p align=\"justify\"><span style=\"font-family: Arial, sans-serif;\"><span style=\"font-size: x-large;\"><img loading=\"lazy\" decoding=\"async\" class=\"aligncenter wp-image-30352 size-full\" src=\"http:\/\/www.inces.gob.ve\/wp-content\/uploads\/2019\/08\/Inces-Muestra-Did\u00e1ctica2-.jpeg\" alt=\"\" width=\"750\" height=\"937\" srcset=\"https:\/\/inces.gob.ve\/wp-content\/uploads\/2019\/08\/Inces-Muestra-Did\u00e1ctica2-.jpeg 750w, https:\/\/inces.gob.ve\/wp-content\/uploads\/2019\/08\/Inces-Muestra-Did\u00e1ctica2--240x300.jpeg 240w\" sizes=\"auto, (max-width: 750px) 100vw, 750px\" \/><\/span><\/span><\/p>\n<p align=\"justify\"><span style=\"font-family: Arial, sans-serif;\"><span style=\"font-size: x-large;\">&#8211; Platos, mantel y sobre mantel. Todo con la t\u00e9cnica m\u00e1s apropiada.<\/span><\/span><\/p>\n<p align=\"justify\"><span style=\"font-family: Arial, sans-serif;\"><span style=\"font-size: x-large;\">Acto seguido, se presenci\u00f3 una demostraci\u00f3n de algunos preparativos hacia un <b>parto humanizado exitoso<\/b>, escenificaci\u00f3n que fue dirigida por la MTP Maritza Torres, procedente de MinMujer. \u201cLa idea central es que la mam\u00e1 disfrute de una gestaci\u00f3n deseada, segura y feliz. \u201cLo que hoy practicamos fue parte del <b>protocolo del C\u00edrculo de Apoyo Gestacional\u201d.<\/b><\/span><\/span><\/p>\n<p align=\"justify\"><span style=\"font-family: Arial, sans-serif;\"><span style=\"font-size: x-large;\"><b><img loading=\"lazy\" decoding=\"async\" class=\"aligncenter wp-image-30351 size-full\" src=\"http:\/\/www.inces.gob.ve\/wp-content\/uploads\/2019\/08\/Inces-Muestra-Did\u00e1ctica4-.jpeg\" alt=\"\" width=\"750\" height=\"875\" srcset=\"https:\/\/inces.gob.ve\/wp-content\/uploads\/2019\/08\/Inces-Muestra-Did\u00e1ctica4-.jpeg 750w, https:\/\/inces.gob.ve\/wp-content\/uploads\/2019\/08\/Inces-Muestra-Did\u00e1ctica4--257x300.jpeg 257w\" sizes=\"auto, (max-width: 750px) 100vw, 750px\" \/><\/b><\/span><\/span><\/p>\n<p align=\"justify\"><strong><span style=\"font-family: Arial, sans-serif;\"><span style=\"font-size: x-large;\">Se convers\u00f3 sobre todos los procesos de la gestaci\u00f3n, as\u00ed como tambi\u00e9n sobre el nacimiento, amamantamiento y las herramientas de crianza que puedan permitir la pr\u00e1ctica de la Lactancia Materna<\/span><\/span><\/strong><span style=\"font-family: Arial, sans-serif;\"><span style=\"font-size: x-large;\">, entre otras experiencias inherentes a la maternidad. Del mismo modo, se realizaron terapias de relajaci\u00f3n para las madres participantes y algunas sesiones de yoga prenatal que apuntan a que los padres <\/span><\/span><strong><span style=\"font-family: Arial, sans-serif;\"><span style=\"font-size: x-large;\">se preparen para el nacimiento del beb\u00e9<\/span><\/span><\/strong> <span style=\"font-family: Arial, sans-serif;\"><span style=\"font-size: x-large;\">con <\/span><\/span><span style=\"font-family: Arial, sans-serif;\"><span style=\"font-size: x-large;\">una gestaci\u00f3n y maternidad consciente<\/span><\/span><span style=\"font-family: Arial, sans-serif;\"><span style=\"font-size: x-large;\">s<\/span><\/span><span style=\"font-family: Arial, sans-serif;\"><span style=\"font-size: x-large;\">.<\/span><\/span><\/p>\n<p align=\"justify\"><span style=\"font-family: Arial, sans-serif;\"><span style=\"font-size: x-large;\"><img loading=\"lazy\" decoding=\"async\" class=\"aligncenter wp-image-30361 size-full\" src=\"http:\/\/www.inces.gob.ve\/wp-content\/uploads\/2019\/08\/Inces-Muestra-Did\u00e1ctica9-.jpeg\" alt=\"\" width=\"850\" height=\"478\" srcset=\"https:\/\/inces.gob.ve\/wp-content\/uploads\/2019\/08\/Inces-Muestra-Did\u00e1ctica9-.jpeg 850w, https:\/\/inces.gob.ve\/wp-content\/uploads\/2019\/08\/Inces-Muestra-Did\u00e1ctica9--300x169.jpeg 300w, https:\/\/inces.gob.ve\/wp-content\/uploads\/2019\/08\/Inces-Muestra-Did\u00e1ctica9--768x432.jpeg 768w\" sizes=\"auto, (max-width: 850px) 100vw, 850px\" \/><\/span><\/span><\/p>\n<p align=\"justify\"><span style=\"font-family: Arial, sans-serif;\"><span style=\"font-size: x-large;\">Se observ\u00f3 relajaci\u00f3n voluntaria, tonificaci\u00f3n muscular, flexibilidad, uso del fular (implemento de tela para sostener al beb\u00e9), en fin, una terapia para fortalecer los nexos afectivos con el neonato.<\/span><\/span><\/p>\n<p align=\"justify\"><span style=\"font-family: Arial, sans-serif;\"><span style=\"font-size: x-large;\">Otra destacada demostraci\u00f3n la constituy\u00f3 el desfile en pasarela de participantes y facilitadores de la regional Miranda, luciendo creaciones propias en diversos dise\u00f1os y telas. Ropa para ocasiones especiales, escolar y de trabajo.<\/span><\/span><\/p>\n<p align=\"justify\"><span style=\"font-family: Arial, sans-serif;\"><span style=\"font-size: x-large;\">En definitiva, <b>la plazoleta \u201cEzequiel Zamora se convirti\u00f3 en un gran escenario que dio albergue a los Controladores Biol\u00f3gicos y Cr\u00eda de Codornices del Motor Agr\u00edcola; las Plantas Medicinales del Programa Salud; la Reparaci\u00f3n de Modems por parte del Motor Telecomunicaciones, la Incubadora para huevos de aves del programa Industrial; la fabricaci\u00f3n y reparaci\u00f3n (con siete plantas dispersas en el pa\u00eds) de cilindros para gas del programa Hidrocarburos; la Herrer\u00eda y Carpinter\u00eda procedente del CFS Industrial del Este (Palo Verde) con sus m\u00faltiples piezas utilitarias y <\/b><b>su estremecedor ata\u00fad (tan \u00fatil como humano) y la <\/b><b>arsenal<\/b><b> de creaciones artesanales del programa de Tareas Dirigidas.<\/b><\/span><\/span><\/p>\n<p align=\"justify\"><span style=\"font-family: Arial, sans-serif;\"><span style=\"font-size: x-large;\">Para cerrar, el Motor Turismo hizo otra exhibici\u00f3n p\u00fablica, con la presencia del presidente del instituto, de la <b>manera \u00f3ptima de hacer un servicio de cama, toallas, <\/b><b>fundas<\/b><b> y otros enseres <\/b><b>habitacionales, <\/b><b>en un hotel de calidad <\/b><b>y buen servicio.<\/b><\/span><\/span><\/p>\n<p align=\"justify\"><span style=\"font-family: Arial, sans-serif;\"><span style=\"font-size: x-large;\"><b><img loading=\"lazy\" decoding=\"async\" class=\"aligncenter wp-image-30350 size-full\" src=\"http:\/\/www.inces.gob.ve\/wp-content\/uploads\/2019\/08\/Inces-Muestra-Did\u00e1ctica5-.jpeg\" alt=\"\" width=\"750\" height=\"876\" srcset=\"https:\/\/inces.gob.ve\/wp-content\/uploads\/2019\/08\/Inces-Muestra-Did\u00e1ctica5-.jpeg 750w, https:\/\/inces.gob.ve\/wp-content\/uploads\/2019\/08\/Inces-Muestra-Did\u00e1ctica5--257x300.jpeg 257w\" sizes=\"auto, (max-width: 750px) 100vw, 750px\" \/><\/b><\/span><\/span><\/p>\n<p align=\"justify\"><span style=\"font-family: Arial, sans-serif;\"><span style=\"font-size: x-large;\">En s\u00edntesis, con \u00e9stas y otras experiencias formativas expuestas, se vivi\u00f3 toda una jornada demostrativa de la capacidad del Inces para llevar a la pr\u00e1ctica conocimientos y saberes a una poblaci\u00f3n venezolana \u00e1vida de producir y de insertarse con \u00e9xito en el mercado laboral. Hoy m\u00e1s que nunca la consigna se impone: aprender haciendo.<\/span><\/span><\/p>\n","protected":false},"excerpt":{"rendered":"<p>** Innovaciones, soluciones sencillas, formaci\u00f3n pertinente, resoluci\u00f3n de problemas, creatividad y voluntad ante al adversidad se pasearon a sus anchas durante las dos jornadas de la Muestra en demostraci\u00f3n de que &#8211; aprender haciendo &#8211; es el camino y el Inces lo sabe<\/p>\n","protected":false},"author":15,"featured_media":30349,"comment_status":"closed","ping_status":"closed","sticky":false,"template":"","format":"standard","meta":{"footnotes":""},"categories":[2],"tags":[],"class_list":["post-30347","post","type-post","status-publish","format-standard","has-post-thumbnail","hentry","category-blog"],"_links":{"self":[{"href":"https:\/\/inces.gob.ve\/index.php\/wp-json\/wp\/v2\/posts\/30347","targetHints":{"allow":["GET"]}}],"collection":[{"href":"https:\/\/inces.gob.ve\/index.php\/wp-json\/wp\/v2\/posts"}],"about":[{"href":"https:\/\/inces.gob.ve\/index.php\/wp-json\/wp\/v2\/types\/post"}],"author":[{"embeddable":true,"href":"https:\/\/inces.gob.ve\/index.php\/wp-json\/wp\/v2\/users\/15"}],"replies":[{"embeddable":true,"href":"https:\/\/inces.gob.ve\/index.php\/wp-json\/wp\/v2\/comments?post=30347"}],"version-history":[{"count":2,"href":"https:\/\/inces.gob.ve\/index.php\/wp-json\/wp\/v2\/posts\/30347\/revisions"}],"predecessor-version":[{"id":30364,"href":"https:\/\/inces.gob.ve\/index.php\/wp-json\/wp\/v2\/posts\/30347\/revisions\/30364"}],"wp:featuredmedia":[{"embeddable":true,"href":"https:\/\/inces.gob.ve\/index.php\/wp-json\/wp\/v2\/media\/30349"}],"wp:attachment":[{"href":"https:\/\/inces.gob.ve\/index.php\/wp-json\/wp\/v2\/media?parent=30347"}],"wp:term":[{"taxonomy":"category","embeddable":true,"href":"https:\/\/inces.gob.ve\/index.php\/wp-json\/wp\/v2\/categories?post=30347"},{"taxonomy":"post_tag","embeddable":true,"href":"https:\/\/inces.gob.ve\/index.php\/wp-json\/wp\/v2\/tags?post=30347"}],"curies":[{"name":"wp","href":"https:\/\/api.w.org\/{rel}","templated":true}]}}