{"id":30377,"date":"2019-08-15T11:28:23","date_gmt":"2019-08-15T17:28:23","guid":{"rendered":"http:\/\/www.inces.gob.ve\/?p=30377"},"modified":"2020-05-28T20:27:45","modified_gmt":"2020-05-29T00:27:45","slug":"inces-la-guaira-participa-en-la-juramentacion-de-los-equipos-parroquiales","status":"publish","type":"post","link":"https:\/\/inces.gob.ve\/index.php\/2019\/08\/15\/inces-la-guaira-participa-en-la-juramentacion-de-los-equipos-parroquiales\/","title":{"rendered":"Inces La Guaira participa en la juramentaci\u00f3n de los equipos parroquiales"},"content":{"rendered":"<p align=\"justify\"><span style=\"font-family: Arial, sans-serif;\"><span style=\"font-size: x-large;\"><i><b>** El evento en el cual participaron autoridades nacionales y regionales tuvo lugar en el Coliseo de Arena Hugo Ch\u00e1vez, en la populosa parroquia Caraballeda, al frente de la instituci\u00f3n formativa regional<\/b><\/i><\/span><\/span><!--more--><\/p>\n<p align=\"justify\">\n<p align=\"justify\"><span style=\"font-family: Arial, sans-serif;\"><span style=\"font-size: x-large;\"><b>ZUVALQUI DUARTE<\/b><\/span><\/span><\/p>\n<p align=\"justify\"><span style=\"font-family: Arial, sans-serif;\"><span style=\"font-size: x-large;\">Los equipos regionales son parte de la organizaci\u00f3n popular para asumir diversas tareas en el \u00e1mbito social, pol\u00edtico y cultural en las distintas regiones del pa\u00eds.<\/span><\/span><\/p>\n<p align=\"justify\"><span style=\"font-family: Arial, sans-serif;\"><span style=\"font-size: x-large;\"><img loading=\"lazy\" decoding=\"async\" class=\"aligncenter wp-image-30381 size-full\" src=\"http:\/\/www.inces.gob.ve\/wp-content\/uploads\/2019\/08\/Inces-juramentaci\u00f3n-los-equipos-parroquiales2-.jpg\" alt=\"\" width=\"850\" height=\"478\" srcset=\"https:\/\/inces.gob.ve\/wp-content\/uploads\/2019\/08\/Inces-juramentaci\u00f3n-los-equipos-parroquiales2-.jpg 850w, https:\/\/inces.gob.ve\/wp-content\/uploads\/2019\/08\/Inces-juramentaci\u00f3n-los-equipos-parroquiales2--300x169.jpg 300w, https:\/\/inces.gob.ve\/wp-content\/uploads\/2019\/08\/Inces-juramentaci\u00f3n-los-equipos-parroquiales2--768x432.jpg 768w\" sizes=\"auto, (max-width: 850px) 100vw, 850px\" \/><\/span><\/span><\/p>\n<p align=\"justify\"><span style=\"font-family: Arial, sans-serif;\"><span style=\"font-size: x-large;\">Hern\u00e1n Garboza, gerente regional del Inces guaire\u00f1o, form\u00f3 parte de ese equipo de hombres y mujeres comprometidos con sus comunidades y que recorrer\u00e1n casa a casa para conocer las debilidades y fortalezas de cada sector del estado La Guaira. \u201cEs nuestro deber estar en todas las actividades que sumen soluci\u00f3n y organizaci\u00f3n al Poder Popular; asumo este juramento con toda la responsabilidad que amerita trabajar por consolidar el proyecto revolucionario\u201d, expres\u00f3 Garboza.<\/span><\/span><\/p>\n<p align=\"justify\"><span style=\"font-family: Arial, sans-serif;\"><span style=\"font-size: x-large;\"><img loading=\"lazy\" decoding=\"async\" class=\"aligncenter wp-image-30379 size-full\" src=\"http:\/\/www.inces.gob.ve\/wp-content\/uploads\/2019\/08\/Inces-juramentaci\u00f3n-los-equipos-parroquiales4-.jpg\" alt=\"\" width=\"850\" height=\"478\" srcset=\"https:\/\/inces.gob.ve\/wp-content\/uploads\/2019\/08\/Inces-juramentaci\u00f3n-los-equipos-parroquiales4-.jpg 850w, https:\/\/inces.gob.ve\/wp-content\/uploads\/2019\/08\/Inces-juramentaci\u00f3n-los-equipos-parroquiales4--300x169.jpg 300w, https:\/\/inces.gob.ve\/wp-content\/uploads\/2019\/08\/Inces-juramentaci\u00f3n-los-equipos-parroquiales4--768x432.jpg 768w\" sizes=\"auto, (max-width: 850px) 100vw, 850px\" \/><\/span><\/span><\/p>\n<p align=\"justify\"><span style=\"font-family: Arial, sans-serif;\"><span style=\"font-size: x-large;\">El acto de juramentaci\u00f3n cont\u00f3 con la presencia de Nicol\u00e1s Maduro Guerra, H\u00e9ctor Rodr\u00edguez, Gladis Requena, Dar\u00edo Vivas, Robetxa Poleo, el alcalde Jos\u00e9 Alejandro Ter\u00e1n, Jorge Garc\u00eda Carneiro gobernador de la entidad y el capit\u00e1n Diosdado cabello quien jurament\u00f3 a los equipos regionales <\/span><\/span><\/p>\n<p align=\"justify\"><span style=\"font-family: Arial, sans-serif;\"><span style=\"font-size: x-large;\"><img loading=\"lazy\" decoding=\"async\" class=\"aligncenter wp-image-30380 size-full\" src=\"http:\/\/www.inces.gob.ve\/wp-content\/uploads\/2019\/08\/Inces-juramentaci\u00f3n-los-equipos-parroquiales3-.jpg\" alt=\"\" width=\"850\" height=\"478\" srcset=\"https:\/\/inces.gob.ve\/wp-content\/uploads\/2019\/08\/Inces-juramentaci\u00f3n-los-equipos-parroquiales3-.jpg 850w, https:\/\/inces.gob.ve\/wp-content\/uploads\/2019\/08\/Inces-juramentaci\u00f3n-los-equipos-parroquiales3--300x169.jpg 300w, https:\/\/inces.gob.ve\/wp-content\/uploads\/2019\/08\/Inces-juramentaci\u00f3n-los-equipos-parroquiales3--768x432.jpg 768w\" sizes=\"auto, (max-width: 850px) 100vw, 850px\" \/><\/span><\/span><\/p>\n<p align=\"justify\"><span style=\"font-family: Arial, sans-serif;\"><span style=\"font-size: x-large;\">El momento fue propicio para recaudar las firmas que se consignaran en la Organizaci\u00f3n de Naciones Unidas repudiando las acciones vand\u00e1licas emprendidas por el gobierno norteamericano y el bloqueo criminal que atenta contra la soberan\u00eda del pueblo venezolano.<\/span><\/span><\/p>\n<p align=\"justify\"><img loading=\"lazy\" decoding=\"async\" class=\"aligncenter wp-image-30382 size-full\" src=\"http:\/\/www.inces.gob.ve\/wp-content\/uploads\/2019\/08\/Inces-juramentaci\u00f3n-los-equipos-parroquiales1-.jpg\" alt=\"\" width=\"850\" height=\"478\" srcset=\"https:\/\/inces.gob.ve\/wp-content\/uploads\/2019\/08\/Inces-juramentaci\u00f3n-los-equipos-parroquiales1-.jpg 850w, https:\/\/inces.gob.ve\/wp-content\/uploads\/2019\/08\/Inces-juramentaci\u00f3n-los-equipos-parroquiales1--300x169.jpg 300w, https:\/\/inces.gob.ve\/wp-content\/uploads\/2019\/08\/Inces-juramentaci\u00f3n-los-equipos-parroquiales1--768x432.jpg 768w\" sizes=\"auto, (max-width: 850px) 100vw, 850px\" \/><\/p>\n","protected":false},"excerpt":{"rendered":"<p>** El evento en el cual participaron autoridades nacionales y regionales tuvo lugar en el Coliseo de Arena Hugo Ch\u00e1vez, en la populosa parroquia Caraballeda, al frente de la instituci\u00f3n formativa regional<\/p>\n","protected":false},"author":15,"featured_media":30378,"comment_status":"closed","ping_status":"closed","sticky":false,"template":"","format":"standard","meta":{"footnotes":""},"categories":[2],"tags":[],"class_list":["post-30377","post","type-post","status-publish","format-standard","has-post-thumbnail","hentry","category-blog"],"_links":{"self":[{"href":"https:\/\/inces.gob.ve\/index.php\/wp-json\/wp\/v2\/posts\/30377","targetHints":{"allow":["GET"]}}],"collection":[{"href":"https:\/\/inces.gob.ve\/index.php\/wp-json\/wp\/v2\/posts"}],"about":[{"href":"https:\/\/inces.gob.ve\/index.php\/wp-json\/wp\/v2\/types\/post"}],"author":[{"embeddable":true,"href":"https:\/\/inces.gob.ve\/index.php\/wp-json\/wp\/v2\/users\/15"}],"replies":[{"embeddable":true,"href":"https:\/\/inces.gob.ve\/index.php\/wp-json\/wp\/v2\/comments?post=30377"}],"version-history":[{"count":1,"href":"https:\/\/inces.gob.ve\/index.php\/wp-json\/wp\/v2\/posts\/30377\/revisions"}],"predecessor-version":[{"id":30383,"href":"https:\/\/inces.gob.ve\/index.php\/wp-json\/wp\/v2\/posts\/30377\/revisions\/30383"}],"wp:featuredmedia":[{"embeddable":true,"href":"https:\/\/inces.gob.ve\/index.php\/wp-json\/wp\/v2\/media\/30378"}],"wp:attachment":[{"href":"https:\/\/inces.gob.ve\/index.php\/wp-json\/wp\/v2\/media?parent=30377"}],"wp:term":[{"taxonomy":"category","embeddable":true,"href":"https:\/\/inces.gob.ve\/index.php\/wp-json\/wp\/v2\/categories?post=30377"},{"taxonomy":"post_tag","embeddable":true,"href":"https:\/\/inces.gob.ve\/index.php\/wp-json\/wp\/v2\/tags?post=30377"}],"curies":[{"name":"wp","href":"https:\/\/api.w.org\/{rel}","templated":true}]}}