{"id":30384,"date":"2019-08-15T09:20:40","date_gmt":"2019-08-15T15:20:40","guid":{"rendered":"http:\/\/www.inces.gob.ve\/?p=30384"},"modified":"2020-05-28T20:27:45","modified_gmt":"2020-05-29T00:27:45","slug":"inaugurados-juegos-deportivos-copa-60-aniversario-inces","status":"publish","type":"post","link":"https:\/\/inces.gob.ve\/index.php\/2019\/08\/15\/inaugurados-juegos-deportivos-copa-60-aniversario-inces\/","title":{"rendered":"Inaugurados juegos deportivos \u201cCopa 60 Aniversario Inces\u201d"},"content":{"rendered":"<p align=\"justify\"><span style=\"font-family: Arial, sans-serif;\"><span style=\"font-size: x-large;\"><i><b>** Una bicicletada, el desfile de las diferentes disciplinas y la elecci\u00f3n de las madrina fueron parte de la programaci\u00f3n<\/b><\/i><\/span><\/span><!--more--><\/p>\n<p align=\"justify\"><a name=\"more-15122\"><\/a><\/p>\n<p align=\"justify\"><span style=\"font-family: Arial, sans-serif;\"><span style=\"font-size: x-large;\"><b>DIMAS P\u00c1EZ <\/b><\/span><\/span><\/p>\n<p align=\"justify\"><span style=\"font-family: Arial, sans-serif;\"><span style=\"font-size: x-large;\">La plazoleta de la sede principal del Inces fue el escenario para la inauguraci\u00f3n de la <b>Copa 60 Aniversario, la cual contar\u00e1 con la participaci\u00f3n<\/b> <b>de 293 atletas . <\/b>La actividad, programada por la <b>Gerencia General de Cultura, Deporte, Recreaci\u00f3n y Participaci\u00f3n Comunal, <\/b>bajo la responsabilidad de Jos\u00e9 Luis Tovar, incluy\u00f3 en este acto una bicicletada que parti\u00f3 desde la Nueva Granada y lleg\u00f3 hasta los monolitos, en Los Pr\u00f3ceres, para luego regresar a la sede con la antorcha encendida.<\/span><\/span><\/p>\n<p align=\"justify\"><span style=\"font-family: Arial, sans-serif;\"><span style=\"font-size: x-large;\"><img loading=\"lazy\" decoding=\"async\" class=\"aligncenter wp-image-30388 size-full\" src=\"http:\/\/www.inces.gob.ve\/wp-content\/uploads\/2019\/08\/Inces-BICICLETADA2-.jpg\" alt=\"\" width=\"1024\" height=\"683\" srcset=\"https:\/\/inces.gob.ve\/wp-content\/uploads\/2019\/08\/Inces-BICICLETADA2-.jpg 1024w, https:\/\/inces.gob.ve\/wp-content\/uploads\/2019\/08\/Inces-BICICLETADA2--300x200.jpg 300w, https:\/\/inces.gob.ve\/wp-content\/uploads\/2019\/08\/Inces-BICICLETADA2--768x512.jpg 768w\" sizes=\"auto, (max-width: 1024px) 100vw, 1024px\" \/><\/span><\/span><\/p>\n<p align=\"justify\"><span style=\"font-family: Arial, sans-serif;\"><span style=\"font-size: x-large;\">El acto protocolar se inici\u00f3 en la plaza Ezequiel Zamora, con la entonaci\u00f3n de los himnos Nacional, Inces y el Deporte; para luego pasar al encendido del pebetero, a cargo de los atletas Manuel Cova y Xavier Ca\u00f1as. <\/span><\/span><\/p>\n<p align=\"justify\"><span style=\"font-family: Arial, sans-serif;\"><span style=\"font-size: x-large;\"><img loading=\"lazy\" decoding=\"async\" class=\"aligncenter wp-image-30385 size-full\" src=\"http:\/\/www.inces.gob.ve\/wp-content\/uploads\/2019\/08\/Inces-JUEGOS-DEPORTIVOS-3-.jpg\" alt=\"\" width=\"1024\" height=\"655\" srcset=\"https:\/\/inces.gob.ve\/wp-content\/uploads\/2019\/08\/Inces-JUEGOS-DEPORTIVOS-3-.jpg 1024w, https:\/\/inces.gob.ve\/wp-content\/uploads\/2019\/08\/Inces-JUEGOS-DEPORTIVOS-3--300x192.jpg 300w, https:\/\/inces.gob.ve\/wp-content\/uploads\/2019\/08\/Inces-JUEGOS-DEPORTIVOS-3--768x491.jpg 768w\" sizes=\"auto, (max-width: 1024px) 100vw, 1024px\" \/><\/span><\/span><\/p>\n<p align=\"justify\"><span style=\"font-family: Arial, sans-serif;\"><span style=\"font-size: x-large;\">Jos\u00e9 Luis Tovar, en compa\u00f1\u00eda del presidente del Inces, Wuikelman Angel Paredes; <span style=\"color: #000000;\">Erick Garc\u00eda, director general de Educaci\u00f3n F\u00edsica y Deporte, del Ministerio del Poder Popular para la Educaci\u00f3n (MPPE); la junta directiva del Inces, trabajadores y trabajadoras de la instituci\u00f3n e invitados especiales fueron testigos del desfile de los integrantes de los diferentes equipos deportivos con sus respectivas madrinas.<\/span><\/span><\/span><\/p>\n<p align=\"justify\"><span style=\"color: #000000;\">\u201c<span style=\"font-family: Arial, sans-serif;\"><span style=\"font-size: x-large;\">Aqu\u00ed tenemos a los atletas de las diferentes disciplinas deportivas:<br \/>\n<\/span><\/span><\/span><\/p>\n<p align=\"justify\"><span style=\"font-family: Arial, sans-serif;\"><span style=\"font-size: x-large;\">baloncesto 3X3, b\u00e9isbol 5, softbol, f\u00fatbol sala, voleibol mixto, blowing, ajedrez, bolas criollas, chapitas, domin\u00f3, truco, tenis de mesa, cada una representada por su madrina. Los juegos se desarrollar\u00e1n aqu\u00ed en la sede durante tres d\u00edas, mientras que el cierre se celebrar\u00e1 en el Club de Sub-Oficiales de La Rinconada\u201d, inform\u00f3 Tovar en sus palabras de apertura.<\/span><\/span><\/p>\n<p align=\"justify\">\n<p align=\"justify\"><span style=\"color: #000000;\"><span style=\"font-family: Arial, sans-serif;\">\u00a0<\/span><\/span><\/p>\n<p align=\"justify\"><span style=\"font-family: Arial, sans-serif;\"><span style=\"font-size: x-large;\"><span style=\"color: #000000;\">Entre tanto, el director del MPPE Erick Garc\u00eda dijo: \u201cEl Inces tiene una responsabilidad de patria: la formaci\u00f3n. No es f\u00e1cil arribar a 60 a\u00f1os de fundado, tiempo que tiene el Inces capacitando a los ciudadanos. Es importante destacar que en este aniversario se desarrollar\u00e1n actividades f\u00edsicas y deportivas de manera integral. Felicito a trabajadores y a los aprendices Inces por ese esp\u00edritu de competitividad, por animarse a participar en esta copa. Yo presto todo mi apoyo a este tipo de competencias, donde tambi\u00e9n nosotros vamos a participar; y en el nombre del ministro Arist\u00f3bulo Ist\u00fariz y en el mio propio les deseo muchos \u00e9xitos y felicitaciones\u201d.<\/span><\/span><\/span><\/p>\n<p align=\"justify\"><span style=\"font-family: Arial, sans-serif;\"><span style=\"font-size: x-large;\"><span style=\"color: #000000;\"><img loading=\"lazy\" decoding=\"async\" class=\"alignnone wp-image-30389 size-full\" src=\"http:\/\/www.inces.gob.ve\/wp-content\/uploads\/2019\/08\/Inces-AUGURACION-DE-LOS-JUEGOS-DEPORTIVOS-4-.jpg\" alt=\"\" width=\"1024\" height=\"683\" srcset=\"https:\/\/inces.gob.ve\/wp-content\/uploads\/2019\/08\/Inces-AUGURACION-DE-LOS-JUEGOS-DEPORTIVOS-4-.jpg 1024w, https:\/\/inces.gob.ve\/wp-content\/uploads\/2019\/08\/Inces-AUGURACION-DE-LOS-JUEGOS-DEPORTIVOS-4--300x200.jpg 300w, https:\/\/inces.gob.ve\/wp-content\/uploads\/2019\/08\/Inces-AUGURACION-DE-LOS-JUEGOS-DEPORTIVOS-4--768x512.jpg 768w\" sizes=\"auto, (max-width: 1024px) 100vw, 1024px\" \/><\/span><\/span><\/span><\/p>\n<p align=\"justify\"><span style=\"font-family: Arial, sans-serif;\"><span style=\"font-size: x-large;\"><span style=\"color: #000000;\">Wuikelman Angel, declar\u00f3: \u201c60 a\u00f1os del Inces como instituci\u00f3n. Felicito a sus trabajadores y trabajadoras, sin excepci\u00f3n, junto a los aprendices del Inces. A pesar de la situaci\u00f3n que nos ha tocado vivir nos corresponde seguir prestando nuestro servicio. Somos una gran instituci\u00f3n nacional. Es importante sembrarles consciencia sobre el momento en que vivimos y la enorme responsabilidad que tenemos sobre nuestros hombros\u201d.<\/span><\/span><\/span><\/p>\n<p align=\"justify\"><span style=\"font-family: Arial, sans-serif;\"><span style=\"font-size: x-large;\"><span style=\"color: #000000;\"><img loading=\"lazy\" decoding=\"async\" class=\"aligncenter wp-image-30386\" src=\"http:\/\/www.inces.gob.ve\/wp-content\/uploads\/2019\/08\/Inces-INAUGURACION-DE-LOS-JUEGOS-DEPORTIVOS-5--1024x683.jpg\" alt=\"\" width=\"803\" height=\"536\" srcset=\"https:\/\/inces.gob.ve\/wp-content\/uploads\/2019\/08\/Inces-INAUGURACION-DE-LOS-JUEGOS-DEPORTIVOS-5-.jpg 1024w, https:\/\/inces.gob.ve\/wp-content\/uploads\/2019\/08\/Inces-INAUGURACION-DE-LOS-JUEGOS-DEPORTIVOS-5--300x200.jpg 300w, https:\/\/inces.gob.ve\/wp-content\/uploads\/2019\/08\/Inces-INAUGURACION-DE-LOS-JUEGOS-DEPORTIVOS-5--768x512.jpg 768w\" sizes=\"auto, (max-width: 803px) 100vw, 803px\" \/><\/span><\/span><\/span><\/p>\n<p align=\"justify\"><span style=\"font-family: Arial, sans-serif;\"><span style=\"font-size: x-large;\"><span style=\"color: #000000;\">Continu\u00f3 en su intervenci\u00f3n \u201cQuiero dejarles las palabras del ministro Ist\u00fariz cuando nos felicita por estar en los lugares de formaci\u00f3n y de trabajo en todo el territorio nacional. El Inces est\u00e1 llamado a jugar un papel hist\u00f3rico en la actualidad y debemos asumirlo\u201d.<\/span><\/span><\/span><\/p>\n<p align=\"justify\"><span style=\"color: #000000;\"><span style=\"font-family: Arial, sans-serif;\"><span style=\"font-size: x-large;\">La madrina ganadora fue Daniela \u00c1lvarez, adscrita a la Gerencia General de Talento Humano. <\/span><\/span><\/span><\/p>\n<p align=\"justify\"><span style=\"color: #000000;\"><span style=\"font-family: Arial, sans-serif;\"><span style=\"font-size: x-large;\">El evento estuvo amenizado por la agrupaci\u00f3n de tambor Mi Barrio Cultural de la Vega.<\/span><\/span><\/span><\/p>\n","protected":false},"excerpt":{"rendered":"<p>** Una bicicletada, el desfile de las diferentes disciplinas y la elecci\u00f3n de las madrina fueron parte de la programaci\u00f3n<\/p>\n","protected":false},"author":15,"featured_media":30387,"comment_status":"closed","ping_status":"closed","sticky":false,"template":"","format":"standard","meta":{"footnotes":""},"categories":[2],"tags":[],"class_list":["post-30384","post","type-post","status-publish","format-standard","has-post-thumbnail","hentry","category-blog"],"_links":{"self":[{"href":"https:\/\/inces.gob.ve\/index.php\/wp-json\/wp\/v2\/posts\/30384","targetHints":{"allow":["GET"]}}],"collection":[{"href":"https:\/\/inces.gob.ve\/index.php\/wp-json\/wp\/v2\/posts"}],"about":[{"href":"https:\/\/inces.gob.ve\/index.php\/wp-json\/wp\/v2\/types\/post"}],"author":[{"embeddable":true,"href":"https:\/\/inces.gob.ve\/index.php\/wp-json\/wp\/v2\/users\/15"}],"replies":[{"embeddable":true,"href":"https:\/\/inces.gob.ve\/index.php\/wp-json\/wp\/v2\/comments?post=30384"}],"version-history":[{"count":1,"href":"https:\/\/inces.gob.ve\/index.php\/wp-json\/wp\/v2\/posts\/30384\/revisions"}],"predecessor-version":[{"id":30390,"href":"https:\/\/inces.gob.ve\/index.php\/wp-json\/wp\/v2\/posts\/30384\/revisions\/30390"}],"wp:featuredmedia":[{"embeddable":true,"href":"https:\/\/inces.gob.ve\/index.php\/wp-json\/wp\/v2\/media\/30387"}],"wp:attachment":[{"href":"https:\/\/inces.gob.ve\/index.php\/wp-json\/wp\/v2\/media?parent=30384"}],"wp:term":[{"taxonomy":"category","embeddable":true,"href":"https:\/\/inces.gob.ve\/index.php\/wp-json\/wp\/v2\/categories?post=30384"},{"taxonomy":"post_tag","embeddable":true,"href":"https:\/\/inces.gob.ve\/index.php\/wp-json\/wp\/v2\/tags?post=30384"}],"curies":[{"name":"wp","href":"https:\/\/api.w.org\/{rel}","templated":true}]}}