{"id":30391,"date":"2019-08-15T11:25:02","date_gmt":"2019-08-15T17:25:02","guid":{"rendered":"http:\/\/www.inces.gob.ve\/?p=30391"},"modified":"2020-05-28T20:27:45","modified_gmt":"2020-05-29T00:27:45","slug":"el-inces-se-encamina-hacia-la-formacion-de-las-comunidades-organizadas-en-el-marco-de-lo-60-anos","status":"publish","type":"post","link":"https:\/\/inces.gob.ve\/index.php\/2019\/08\/15\/el-inces-se-encamina-hacia-la-formacion-de-las-comunidades-organizadas-en-el-marco-de-lo-60-anos\/","title":{"rendered":"El Inces se encamina hacia  la formaci\u00f3n de las comunidades organizadas en el marco de los 60 a\u00f1os."},"content":{"rendered":"<p align=\"justify\"><span style=\"font-family: Arial, sans-serif;\"><span style=\"font-size: x-large;\"><b><i>**<\/i><i>Un 40% de la formaci\u00f3n del Inces est\u00e1 dirigida al Poder Popular, l<\/i><i>a Muestra Did\u00e1ctica Productiva 2019 es un logro de la instituci\u00f3n <\/i><i>donde refleja que el incremento de los programas de formaci\u00f3n<\/i><i> <\/i><i>se certifica y se acreditan los saberes<\/i><\/b><\/span><\/span><!--more--><\/p>\n<p align=\"justify\">\u00a0<\/p>\n<p align=\"justify\"><span style=\"font-family: Arial, sans-serif;\"><span style=\"font-size: x-large;\"><b>ROD\u00cdN BUSTILLOS<\/b><\/span><\/span><\/p>\n<p align=\"justify\"><span style=\"font-family: Arial, sans-serif;\"><span style=\"font-size: x-large;\">El presidente del Inces, Wuikeman Angel, una vez m\u00e1s y por segundo d\u00eda consecutivo estuvo presente en la Muestra Did\u00e1ctica y Productiva Inces 2019, muestra que lleva a cabo la Gerencia de Formaci\u00f3n Profesional, donde pone de manifiesto el concepto de lo que son los programas formativos y contemplados en la matriz program\u00e1tica que lleva la instituci\u00f3n con la cadena de valor Inces, que a trav\u00e9s de 31 stands se pudo apreciar el trabajo que vienen realizando los responsables de los distintos programas como sujeto protag\u00f3nico de la acci\u00f3n formativa del Inces, esto en el marco de la celebraci\u00f3n de los 60 a\u00f1os de la instituci\u00f3n.<\/span><\/span><\/p>\n<p>https:\/\/youtu.be\/nMYn14G5CYU<\/p>\n<p align=\"justify\"><span style=\"font-family: Arial, sans-serif;\"><span style=\"font-size: x-large;\">Angel se\u00f1al\u00f3 la importancia de mostrar a todo el p\u00fablico en general los resultados del proceso de formaci\u00f3n en el \u00e1rea textil, industrial agr\u00edcola, carpinter\u00eda, entre otros programas. \u201cSe est\u00e1n exhibiendo algunos prototipos que se han generado en la formaci\u00f3n en el \u00e1rea de la industria, como por ejemplo, el molino de grano y una trilladora, entre otros instrumentos que estamos mostrando en esta galer\u00eda, como la festividad de los 60 a\u00f1os que cumple la instituci\u00f3n\u201d, acot\u00f3.<\/span><\/span><\/p>\n<p align=\"justify\"><span style=\"font-family: Arial, sans-serif;\"><span style=\"font-size: x-large;\"><img loading=\"lazy\" decoding=\"async\" class=\"aligncenter wp-image-30392 size-full\" src=\"http:\/\/www.inces.gob.ve\/wp-content\/uploads\/2019\/08\/Inces-formaci\u00f3n-de-comunidades-organizadas-00-.jpg\" alt=\"\" width=\"850\" height=\"567\" srcset=\"https:\/\/inces.gob.ve\/wp-content\/uploads\/2019\/08\/Inces-formaci\u00f3n-de-comunidades-organizadas-00-.jpg 850w, https:\/\/inces.gob.ve\/wp-content\/uploads\/2019\/08\/Inces-formaci\u00f3n-de-comunidades-organizadas-00--300x200.jpg 300w, https:\/\/inces.gob.ve\/wp-content\/uploads\/2019\/08\/Inces-formaci\u00f3n-de-comunidades-organizadas-00--768x512.jpg 768w\" sizes=\"auto, (max-width: 850px) 100vw, 850px\" \/><\/span><\/span><\/p>\n<p align=\"justify\">\u00a0<\/p>\n<p align=\"justify\"><span style=\"font-family: Arial, sans-serif;\"><span style=\"font-size: x-large;\">Durante este recorrido tambi\u00e9n se mostraron actividades con los aprendices y los bachilleres productivos que a trav\u00e9s de un taller, un conversatorio, estas personas construyan su proyecto de vida, y puedan ver a trav\u00e9s de otras experiencias el logro de fortalecer las unidades productivas y convertirlas en una empresa de producci\u00f3n social que a trav\u00e9s del financiamiento de la banca p\u00fablica se pueda desarrollar una actividad productiva que genere riqueza para el pa\u00eds.<\/span><\/span><\/p>\n<p align=\"justify\"><span style=\"font-family: Arial, sans-serif;\"><span style=\"font-size: x-large;\"><img loading=\"lazy\" decoding=\"async\" class=\"aligncenter wp-image-30393 size-full\" src=\"http:\/\/www.inces.gob.ve\/wp-content\/uploads\/2019\/08\/Inces-formaci\u00f3n-de-comunidades-organizadas8-.jpg\" alt=\"\" width=\"850\" height=\"567\" srcset=\"https:\/\/inces.gob.ve\/wp-content\/uploads\/2019\/08\/Inces-formaci\u00f3n-de-comunidades-organizadas8-.jpg 850w, https:\/\/inces.gob.ve\/wp-content\/uploads\/2019\/08\/Inces-formaci\u00f3n-de-comunidades-organizadas8--300x200.jpg 300w, https:\/\/inces.gob.ve\/wp-content\/uploads\/2019\/08\/Inces-formaci\u00f3n-de-comunidades-organizadas8--768x512.jpg 768w\" sizes=\"auto, (max-width: 850px) 100vw, 850px\" \/><\/span><\/span><\/p>\n<p align=\"justify\"><span style=\"font-family: Arial, sans-serif;\"><span style=\"font-size: x-large;\">Por su parte, el gerente de Formaci\u00f3n Profesional Jes\u00fas Hern\u00e1ndez explic\u00f3 la importancia de seguir los lineamientos del presidente de la Rep\u00fablica Bolivariana de Venezuela, Nicol\u00e1s Maduro Moros; del vicepresidente Sectorial para el Desarrollo Social y Territorial Arist\u00f3bulo Ist\u00fariz y del presidente del Inces, Wuikelman Angel, donde el Inces, desde el a\u00f1o 2018 viene orient\u00e1ndose hacia las comunidades organizadas, desde el punto y c\u00edrculo desde los CFS \u201cnos enlazamos con las unidades educativas, las bases de misiones, grandes misiones, las comunas, consejos comunales, ambientes formativos directos en las comunidades, para que el pueblo organizado a su vez pueda desarrollar las experiencia productiva en base de las necesidades del pueblo venezolano\u201d, acot\u00f3 Hern\u00e1ndez.<\/span><\/span><\/p>\n<p align=\"justify\"><span style=\"font-family: Arial, sans-serif;\"><span style=\"font-size: x-large;\"><img loading=\"lazy\" decoding=\"async\" class=\"aligncenter wp-image-30397 size-full\" src=\"http:\/\/www.inces.gob.ve\/wp-content\/uploads\/2019\/08\/Inces-formaci\u00f3n-de-comunidades-organizadas1-.jpg\" alt=\"\" width=\"850\" height=\"567\" srcset=\"https:\/\/inces.gob.ve\/wp-content\/uploads\/2019\/08\/Inces-formaci\u00f3n-de-comunidades-organizadas1-.jpg 850w, https:\/\/inces.gob.ve\/wp-content\/uploads\/2019\/08\/Inces-formaci\u00f3n-de-comunidades-organizadas1--300x200.jpg 300w, https:\/\/inces.gob.ve\/wp-content\/uploads\/2019\/08\/Inces-formaci\u00f3n-de-comunidades-organizadas1--768x512.jpg 768w\" sizes=\"auto, (max-width: 850px) 100vw, 850px\" \/><\/span><\/span><\/p>\n<p align=\"justify\"><span style=\"font-family: Arial, sans-serif;\"><span style=\"font-size: x-large;\">Inform\u00f3 Hern\u00e1ndez que un 40% de la formaci\u00f3n del Inces est\u00e1 dirigida a las comunidades organizadas, a trav\u00e9s del punto y c\u00edrculo,; hay un 35 % con las entidades de trabajo y un 25% hacia los centros de formaci\u00f3n, el cual se ha venido fortaleciendo la mayor\u00eda de las formaciones y esto refleja el incremento del programa de formaci\u00f3n que tiene que ver con la certificaci\u00f3n y la acreditaci\u00f3n de saberes. \u201cLa experiencia emp\u00edrica de los participantes que viven en las comunidades han desarrollados oficios como la alba\u00f1iler\u00eda, la carpinter\u00eda, la herrer\u00eda y a trav\u00e9s del proceso de acreditaci\u00f3n y certificaci\u00f3n que garantiza el Inces, son captados para que se conviertan en maestros t\u00e9cnicos voluntarios y as\u00ed formar a otros miembros en las comunidades organizadas entre j\u00f3venes 15 a 35 a\u00f1os\u201d, finaliz\u00f3 Hern\u00e1ndez.<\/span><\/span><\/p>\n<p align=\"justify\"><span style=\"font-family: Arial, sans-serif;\"><span style=\"font-size: x-large;\"><img loading=\"lazy\" decoding=\"async\" class=\"aligncenter wp-image-30394 size-full\" src=\"http:\/\/www.inces.gob.ve\/wp-content\/uploads\/2019\/08\/Inces-formaci\u00f3n-de-comunidades-organizadas5-.jpg\" alt=\"\" width=\"850\" height=\"567\" srcset=\"https:\/\/inces.gob.ve\/wp-content\/uploads\/2019\/08\/Inces-formaci\u00f3n-de-comunidades-organizadas5-.jpg 850w, https:\/\/inces.gob.ve\/wp-content\/uploads\/2019\/08\/Inces-formaci\u00f3n-de-comunidades-organizadas5--300x200.jpg 300w, https:\/\/inces.gob.ve\/wp-content\/uploads\/2019\/08\/Inces-formaci\u00f3n-de-comunidades-organizadas5--768x512.jpg 768w\" sizes=\"auto, (max-width: 850px) 100vw, 850px\" \/><\/span><\/span><\/p>\n\n","protected":false},"excerpt":{"rendered":"<p>**Un 40% de la formaci\u00f3n del Inces est\u00e1 dirigida al Poder Popular, la Muestra Did\u00e1ctica Productiva 2019 es un logro de la instituci\u00f3n donde refleja que el incremento de los programas de formaci\u00f3n se certifica y se acreditan los saberes<\/p>\n","protected":false},"author":15,"featured_media":30396,"comment_status":"closed","ping_status":"closed","sticky":false,"template":"","format":"standard","meta":{"footnotes":""},"categories":[2],"tags":[],"class_list":["post-30391","post","type-post","status-publish","format-standard","has-post-thumbnail","hentry","category-blog"],"_links":{"self":[{"href":"https:\/\/inces.gob.ve\/index.php\/wp-json\/wp\/v2\/posts\/30391","targetHints":{"allow":["GET"]}}],"collection":[{"href":"https:\/\/inces.gob.ve\/index.php\/wp-json\/wp\/v2\/posts"}],"about":[{"href":"https:\/\/inces.gob.ve\/index.php\/wp-json\/wp\/v2\/types\/post"}],"author":[{"embeddable":true,"href":"https:\/\/inces.gob.ve\/index.php\/wp-json\/wp\/v2\/users\/15"}],"replies":[{"embeddable":true,"href":"https:\/\/inces.gob.ve\/index.php\/wp-json\/wp\/v2\/comments?post=30391"}],"version-history":[{"count":5,"href":"https:\/\/inces.gob.ve\/index.php\/wp-json\/wp\/v2\/posts\/30391\/revisions"}],"predecessor-version":[{"id":30431,"href":"https:\/\/inces.gob.ve\/index.php\/wp-json\/wp\/v2\/posts\/30391\/revisions\/30431"}],"wp:featuredmedia":[{"embeddable":true,"href":"https:\/\/inces.gob.ve\/index.php\/wp-json\/wp\/v2\/media\/30396"}],"wp:attachment":[{"href":"https:\/\/inces.gob.ve\/index.php\/wp-json\/wp\/v2\/media?parent=30391"}],"wp:term":[{"taxonomy":"category","embeddable":true,"href":"https:\/\/inces.gob.ve\/index.php\/wp-json\/wp\/v2\/categories?post=30391"},{"taxonomy":"post_tag","embeddable":true,"href":"https:\/\/inces.gob.ve\/index.php\/wp-json\/wp\/v2\/tags?post=30391"}],"curies":[{"name":"wp","href":"https:\/\/api.w.org\/{rel}","templated":true}]}}