{"id":30403,"date":"2019-08-16T08:06:22","date_gmt":"2019-08-16T14:06:22","guid":{"rendered":"http:\/\/www.inces.gob.ve\/?p=30403"},"modified":"2020-05-28T20:27:45","modified_gmt":"2020-05-29T00:27:45","slug":"aragua-en-el-marco-del-60-aniversario-se-realizo-la-muestra-didactica-inces-2019","status":"publish","type":"post","link":"https:\/\/inces.gob.ve\/index.php\/2019\/08\/16\/aragua-en-el-marco-del-60-aniversario-se-realizo-la-muestra-didactica-inces-2019\/","title":{"rendered":"ARAGUA | En el marco del 60 aniversario se realiz\u00f3 la Muestra Did\u00e1ctica Inces 2019"},"content":{"rendered":"<p align=\"justify\"><span style=\"font-family: Arial, sans-serif;\"><span style=\"font-size: x-large;\"><i><b>** El esfuerzo materializado de los diferentes centros de formaci\u00f3n colm\u00f3 los espacios de la instituci\u00f3n <\/b><\/i><\/span><\/span><!--more--><\/p>\n<p align=\"justify\">\n<p align=\"justify\"><span style=\"font-family: Arial, sans-serif;\"><span style=\"font-size: x-large;\"><b>NINOSKA PATRIZ <\/b><\/span><\/span><\/p>\n<p align=\"justify\"><span style=\"font-family: Arial, sans-serif;\"><span style=\"font-size: x-large;\">Gr\u00e1ficas Felipa Su\u00e1rez y Roger Mart\u00ednez <\/span><\/span><\/p>\n<p align=\"justify\"><span style=\"font-family: Arial, sans-serif;\"><span style=\"font-size: x-large;\">Los centros de formaci\u00f3n socialista (CFS) del Inces Aragua dieron a los asistentes una nutrida exposici\u00f3n de sus fortalezas en la Muestra Did\u00e1ctica Inces 2019. La jefe de Formaci\u00f3n Empresarial, Graciela Alviarez, recorri\u00f3 cada una de las muestras, felicitando al personal por su empe\u00f1o. <\/span><\/span><\/p>\n<p align=\"justify\">\n<p align=\"justify\"><span style=\"font-family: Arial, sans-serif;\"><span style=\"font-size: x-large;\">En la referida exposici\u00f3n los diferentes CFS que conforman la regi\u00f3n Aragua estuvieron presentes junto a sus jefes de centro, maestros y profesores t\u00e9cnicos productivos y voluntarios. As\u00ed mismo se contaron dentro del publico observador los participantes y aprendices, quienes compartieron sus aprendizajes y disfrutaron la ocasi\u00f3n como parte de la fiesta. <img loading=\"lazy\" decoding=\"async\" class=\"alignnone size-medium wp-image-30405\" src=\"http:\/\/www.inces.gob.ve\/wp-content\/uploads\/2019\/08\/Inces-Muestra-Did\u00e1ctica-4--300x180.jpg\" alt=\"\" width=\"300\" height=\"180\" srcset=\"https:\/\/inces.gob.ve\/wp-content\/uploads\/2019\/08\/Inces-Muestra-Did\u00e1ctica-4--300x180.jpg 300w, https:\/\/inces.gob.ve\/wp-content\/uploads\/2019\/08\/Inces-Muestra-Did\u00e1ctica-4--768x461.jpg 768w, https:\/\/inces.gob.ve\/wp-content\/uploads\/2019\/08\/Inces-Muestra-Did\u00e1ctica-4-.jpg 850w\" sizes=\"auto, (max-width: 300px) 100vw, 300px\" \/> <\/span><\/span><\/p>\n<p align=\"justify\">\n<p align=\"justify\"><span style=\"font-family: Arial, sans-serif;\"><span style=\"font-size: x-large;\"><b>Destac\u00f3 el Programa Penitenciario Luisa C\u00e1ceres de Arismendi <\/b><\/span><\/span><\/p>\n<p align=\"justify\"><span style=\"font-family: Arial, sans-serif;\"><span style=\"font-size: x-large;\">Este programa present\u00f3 con una muestra completa y colorida sus actividades en lo que va de a\u00f1o. Entre lo expuesto trajo una cocina cohete remozada para su f\u00e1cil traslado. La misma aparece como iniciativa de apoyo en la preparaci\u00f3n de alimentos. Se destaca que esta valiosa herramienta siempre est\u00e1 lista para usar en cualquier ocasi\u00f3n. La mencionada cocina no necesita gas ni electricidad, pues su mecanismo es a base de le\u00f1a. <img loading=\"lazy\" decoding=\"async\" class=\"alignnone size-medium wp-image-30406\" src=\"http:\/\/www.inces.gob.ve\/wp-content\/uploads\/2019\/08\/Inces-Muestra-Did\u00e1ctica-3--300x180.jpg\" alt=\"\" width=\"300\" height=\"180\" srcset=\"https:\/\/inces.gob.ve\/wp-content\/uploads\/2019\/08\/Inces-Muestra-Did\u00e1ctica-3--300x180.jpg 300w, https:\/\/inces.gob.ve\/wp-content\/uploads\/2019\/08\/Inces-Muestra-Did\u00e1ctica-3--768x461.jpg 768w, https:\/\/inces.gob.ve\/wp-content\/uploads\/2019\/08\/Inces-Muestra-Did\u00e1ctica-3-.jpg 850w\" sizes=\"auto, (max-width: 300px) 100vw, 300px\" \/><\/span><\/span><\/p>\n<p align=\"justify\"><span style=\"font-family: Arial, sans-serif;\"><span style=\"font-size: x-large;\">La cocina cohete port\u00e1til del Programa Penitenciario fue realizada en el curso de Herrer\u00eda y Soldadura. De acuerdo con las palabras de la jefe del Programa, Rosa Torres se pudo conocer que \u201cesta Cocina es parte de nuestro apoyo al Motor Industrial. Todo nuestra labor est\u00e1 orientada en funci\u00f3n de paliar la guerra econ\u00f3mica que a\u00fan nos bombardea\u201d. <\/span><\/span><\/p>\n<p align=\"justify\"><img loading=\"lazy\" decoding=\"async\" class=\"alignnone size-medium wp-image-30404\" src=\"http:\/\/www.inces.gob.ve\/wp-content\/uploads\/2019\/08\/Inces-Muestra-Did\u00e1ctica-6--300x180.jpg\" alt=\"\" width=\"300\" height=\"180\" srcset=\"https:\/\/inces.gob.ve\/wp-content\/uploads\/2019\/08\/Inces-Muestra-Did\u00e1ctica-6--300x180.jpg 300w, https:\/\/inces.gob.ve\/wp-content\/uploads\/2019\/08\/Inces-Muestra-Did\u00e1ctica-6--768x461.jpg 768w, https:\/\/inces.gob.ve\/wp-content\/uploads\/2019\/08\/Inces-Muestra-Did\u00e1ctica-6-.jpg 850w\" sizes=\"auto, (max-width: 300px) 100vw, 300px\" \/><\/p>\n<p align=\"justify\"><span style=\"font-family: Arial, sans-serif;\"><span style=\"font-size: x-large;\">Del mismo modo en otras materias se mostraron avances en producci\u00f3n como:<\/span><\/span><\/p>\n<p align=\"justify\"><span style=\"font-family: Arial, sans-serif;\"><span style=\"font-size: x-large;\">Agroecolog\u00eda: con hojas de t\u00e9 deshidratadas: antigripal, malojillo, valeriana, sangr\u00eda, pasote, moringa, albahaca, cibulet. <\/span><\/span><\/p>\n<p align=\"justify\"><span style=\"font-family: Arial, sans-serif;\"><span style=\"font-size: x-large;\">Confecci\u00f3n de Ropa: para ni\u00f1os y ni\u00f1as, bolsos, morrales, lencer\u00eda, colitas, pijamas y mu\u00f1equer\u00eda como parte de la muestra en manualidades (juguetes) y adornos para el hogar. <\/span><\/span><\/p>\n<p align=\"justify\"><span style=\"font-family: Arial, sans-serif;\"><span style=\"font-size: x-large;\">Panificaci\u00f3n Dom\u00e9stica: pasapalos, panes rellenos y dulcer\u00eda criolla.<\/span><\/span><\/p>\n<p align=\"justify\">\n<p align=\"justify\"><span style=\"font-family: Arial, sans-serif;\"><span style=\"font-size: x-large;\">En representaci\u00f3n del CFS Metalminero Maracay, estuvo presente la maestra t\u00e9cnica productiva (MTP) Miriam Garc\u00eda, coordinadora de Agroecolog\u00eda con su muestra de preparaci\u00f3n y conservaci\u00f3n del tomate (salsas, dulces y afines); as\u00ed como el MTP Ingeniero Wladimir Tovar, quien con 3 aprendices: Freddy \u00c1lvarez, Eliezer L\u00f3pez y Jos\u00e9 Ribas, expuso los ejercicios pr\u00e1cticos del curso Mec\u00e1nica de Mantenimiento Industrial. <\/span><\/span><\/p>\n<p align=\"justify\">\n<p align=\"justify\"><span style=\"font-family: Arial, sans-serif;\"><span style=\"font-size: x-large;\">Por su parte, la Escuela Pr\u00e1ctica de Agricultura (EPA) mostr\u00f3 una exposici\u00f3n de: abono, ma\u00edz, berenjena, ajo chino, ceboll\u00edn y muestrario de cursos en la Unidad Educativa Guasimal y Coropo #3 (Con Panificaci\u00f3n y Confecci\u00f3n de Uniformes escolares respectivamente). Cabe resaltar que anunciaron el pr\u00f3ximo inicio de curso de pr\u00f3tesis textiles en apoyo al Anticanceroso de Maracay. <\/span><\/span><\/p>\n<p align=\"justify\">\n<p align=\"justify\"><span style=\"font-family: Arial, sans-serif;\"><span style=\"font-size: x-large;\">La informaci\u00f3n fue brindada por la jefa de centro Erika Amaro, quien agreg\u00f3 que \u00abcontin\u00faa en proceso la producci\u00f3n de miel en los espacios de la EPA, as\u00ed como el abordaje de cursos en las comunidades\u00bb.<\/span><\/span><\/p>\n<p align=\"justify\">\n<p align=\"justify\"><span style=\"font-family: Arial, sans-serif;\"><span style=\"font-size: x-large;\">En el mismo orden de ideas el CFS Berm\u00fadez, trajo su Muestra de Agroecolog\u00eda: cibullet, albahaca, or\u00e9gano, aj\u00ed dulce, abono org\u00e1nico, hortalizas, controladores biol\u00f3gicos, lombricultura y semillas. De igual forma el CFS Construcci\u00f3n present\u00f3 una cocina cohete de gran tama\u00f1o como parte del ejercicios del curso de Soldadura B\u00e1sica. <\/span><\/span><\/p>\n<p align=\"justify\">\n<p align=\"justify\"><span style=\"font-family: Arial, sans-serif;\"><span style=\"font-size: x-large;\">Sin quedarse atr\u00e1s el CFS Textil, en representaci\u00f3n de su centro, llevo en esta ocasi\u00f3n una muestra de uniformes escolares, vestidos de ni\u00f1a y ropa \u00edntima. Tambi\u00e9n particip\u00f3 el CFS Comercial Maracay, sin restarle importancia, pues dieron una excelente exhibici\u00f3n del diestro manejo de las herramientas en este oficio de gran importancia, con sus 20 participantes del curso de 160 horas en peluquer\u00eda. <\/span><\/span><\/p>\n","protected":false},"excerpt":{"rendered":"<p>** El esfuerzo materializado de los diferentes centros de formaci\u00f3n colm\u00f3 los espacios de la instituci\u00f3n<\/p>\n","protected":false},"author":15,"featured_media":30407,"comment_status":"closed","ping_status":"closed","sticky":false,"template":"","format":"standard","meta":{"footnotes":""},"categories":[2],"tags":[],"class_list":["post-30403","post","type-post","status-publish","format-standard","has-post-thumbnail","hentry","category-blog"],"_links":{"self":[{"href":"https:\/\/inces.gob.ve\/index.php\/wp-json\/wp\/v2\/posts\/30403","targetHints":{"allow":["GET"]}}],"collection":[{"href":"https:\/\/inces.gob.ve\/index.php\/wp-json\/wp\/v2\/posts"}],"about":[{"href":"https:\/\/inces.gob.ve\/index.php\/wp-json\/wp\/v2\/types\/post"}],"author":[{"embeddable":true,"href":"https:\/\/inces.gob.ve\/index.php\/wp-json\/wp\/v2\/users\/15"}],"replies":[{"embeddable":true,"href":"https:\/\/inces.gob.ve\/index.php\/wp-json\/wp\/v2\/comments?post=30403"}],"version-history":[{"count":1,"href":"https:\/\/inces.gob.ve\/index.php\/wp-json\/wp\/v2\/posts\/30403\/revisions"}],"predecessor-version":[{"id":30408,"href":"https:\/\/inces.gob.ve\/index.php\/wp-json\/wp\/v2\/posts\/30403\/revisions\/30408"}],"wp:featuredmedia":[{"embeddable":true,"href":"https:\/\/inces.gob.ve\/index.php\/wp-json\/wp\/v2\/media\/30407"}],"wp:attachment":[{"href":"https:\/\/inces.gob.ve\/index.php\/wp-json\/wp\/v2\/media?parent=30403"}],"wp:term":[{"taxonomy":"category","embeddable":true,"href":"https:\/\/inces.gob.ve\/index.php\/wp-json\/wp\/v2\/categories?post=30403"},{"taxonomy":"post_tag","embeddable":true,"href":"https:\/\/inces.gob.ve\/index.php\/wp-json\/wp\/v2\/tags?post=30403"}],"curies":[{"name":"wp","href":"https:\/\/api.w.org\/{rel}","templated":true}]}}