{"id":30428,"date":"2019-08-16T11:04:42","date_gmt":"2019-08-16T17:04:42","guid":{"rendered":"http:\/\/www.inces.gob.ve\/?p=30428"},"modified":"2020-05-28T20:33:33","modified_gmt":"2020-05-29T00:33:33","slug":"amazonas-mujeres-productivas-se-caracterizan-y-certifican-sus-saberes","status":"publish","type":"post","link":"https:\/\/inces.gob.ve\/index.php\/2019\/08\/16\/amazonas-mujeres-productivas-se-caracterizan-y-certifican-sus-saberes\/","title":{"rendered":"AMAZONAS | Mujeres productivas se caracterizan y certifican sus saberes"},"content":{"rendered":"<p align=\"justify\"><em><strong><span style=\"font-family: arial,sans-serif;\">** Se instala el programa Mujer Productiva todos los jueves en Inces Amazonas<\/span><\/strong><\/em><!--more--><\/p>\n<p align=\"justify\"><span style=\"font-family: arial, sans-serif;\">Desde el pasado mi\u00e9rcoles 14 de agosto, se inicio la caracterizaci\u00f3n de mujeres emprendedoras en la sede de Inces regio Amazonas, donde las funcionarias Nayelis Nieves, analista de certificaci\u00f3n ocupacional y Flor Coronel, coordinadora de Juventud Productiva y Mujer Productiva Inces, asumieron la responsabilidad de llevar a cabo esta jornada donde se estar\u00e1n registrando las mujeres que son emprendedoras en las diferentes \u00e1reas, desde la elaboraci\u00f3n de ropa, elaboraci\u00f3n de tortas y pan, hasta el mantenimiento de aires acondicionados y refrigeraci\u00f3n; esto con el objetivo de brindar a las personas caracterizadas la oportunidad de compartir sus conocimientos.<\/span><\/p>\n<p align=\"justify\">\n<p align=\"justify\"><span style=\"font-family: arial, sans-serif;\">Flor Coronel, responsable de llevar el control de la certificaci\u00f3n de saberes, explic\u00f3 que esta caracterizaci\u00f3n se estar\u00e1 haciendo en la sede del Inces regi\u00f3n Amazonas para tomar en cuenta a todas aquellas mujeres productivas, y pide a las interesadas que se acerquen ya que se instalar\u00e1 todos los jueves el programa Soy Mujer, donde se estar\u00e1n realizando: expoventa, talleres, formaciones y, charlas con entidades bancarias.<\/span><\/p>\n<p align=\"justify\">\n<p align=\"justify\"><span style=\"font-family: arial, sans-serif;\">La caracterizaci\u00f3n contin\u00faa y a la fecha m\u00e1s de 20 mujeres, dedicadas a producir, se han caracterizado.<\/span><\/p>\n<p align=\"justify\">\n<p align=\"justify\">\n<p align=\"justify\">\n","protected":false},"excerpt":{"rendered":"<p>** Se instala el programa Mujer Productiva todos los jueves en Inces Amazonas<\/p>\n","protected":false},"author":4,"featured_media":30429,"comment_status":"closed","ping_status":"open","sticky":false,"template":"","format":"standard","meta":{"footnotes":""},"categories":[2],"tags":[],"class_list":["post-30428","post","type-post","status-publish","format-standard","has-post-thumbnail","hentry","category-blog"],"_links":{"self":[{"href":"https:\/\/inces.gob.ve\/index.php\/wp-json\/wp\/v2\/posts\/30428","targetHints":{"allow":["GET"]}}],"collection":[{"href":"https:\/\/inces.gob.ve\/index.php\/wp-json\/wp\/v2\/posts"}],"about":[{"href":"https:\/\/inces.gob.ve\/index.php\/wp-json\/wp\/v2\/types\/post"}],"author":[{"embeddable":true,"href":"https:\/\/inces.gob.ve\/index.php\/wp-json\/wp\/v2\/users\/4"}],"replies":[{"embeddable":true,"href":"https:\/\/inces.gob.ve\/index.php\/wp-json\/wp\/v2\/comments?post=30428"}],"version-history":[{"count":1,"href":"https:\/\/inces.gob.ve\/index.php\/wp-json\/wp\/v2\/posts\/30428\/revisions"}],"predecessor-version":[{"id":30430,"href":"https:\/\/inces.gob.ve\/index.php\/wp-json\/wp\/v2\/posts\/30428\/revisions\/30430"}],"wp:featuredmedia":[{"embeddable":true,"href":"https:\/\/inces.gob.ve\/index.php\/wp-json\/wp\/v2\/media\/30429"}],"wp:attachment":[{"href":"https:\/\/inces.gob.ve\/index.php\/wp-json\/wp\/v2\/media?parent=30428"}],"wp:term":[{"taxonomy":"category","embeddable":true,"href":"https:\/\/inces.gob.ve\/index.php\/wp-json\/wp\/v2\/categories?post=30428"},{"taxonomy":"post_tag","embeddable":true,"href":"https:\/\/inces.gob.ve\/index.php\/wp-json\/wp\/v2\/tags?post=30428"}],"curies":[{"name":"wp","href":"https:\/\/api.w.org\/{rel}","templated":true}]}}