{"id":30432,"date":"2019-08-16T11:18:53","date_gmt":"2019-08-16T17:18:53","guid":{"rendered":"http:\/\/www.inces.gob.ve\/?p=30432"},"modified":"2020-05-28T20:27:45","modified_gmt":"2020-05-29T00:27:45","slug":"la-guaira-brigada-productiva-del-cfs-huayra-sigue-sumando-triunfos","status":"publish","type":"post","link":"https:\/\/inces.gob.ve\/index.php\/2019\/08\/16\/la-guaira-brigada-productiva-del-cfs-huayra-sigue-sumando-triunfos\/","title":{"rendered":"LA GUAIRA | Brigada Productiva del CFS Huayra sigue sumando triunfos"},"content":{"rendered":"<p align=\"justify\"><span style=\"font-family: arial, sans-serif;\"><i><b>** El grupo de participantes liderado por el maestro t\u00e9cnico productivo (MTP) Ronald Orozco asumi\u00f3 la formaci\u00f3n pr\u00e1ctica y responsable dentro del Inces y en el punto y c\u00edrculo del centro de formaci\u00f3n socialista Huayra<\/b><\/i><\/span><!--more--><\/p>\n<p align=\"justify\"><span style=\"font-family: arial, sans-serif;\"><b>ZUVALQUI DUARTE<\/b><\/span><\/p>\n<p align=\"justify\"><span style=\"font-family: arial, sans-serif;\">La reparaci\u00f3n de uno de los camiones de transporte de gas licuado de PDVSA Gas Comunal fue otro de los logros que la Brigada Productiva Automotriz suma a sus triunfos y que le ha permitido realizar las pr\u00e1cticas tan necesarias en este tipo de actividades formativas. <\/span><\/p>\n<p align=\"justify\">\n<p align=\"justify\"><span style=\"font-family: arial, sans-serif;\">La reparaci\u00f3n del sistema de luces delantera con sustituci\u00f3n de bombillos se efectu\u00f3 en el taller y estacionamiento institucional de PDVSA Gas Comunal, ubicado en La Llanada, en apoyo al punto y c\u00edrculo de la instituci\u00f3n.<\/span><\/p>\n<p align=\"justify\"><img loading=\"lazy\" decoding=\"async\" class=\"aligncenter wp-image-30435 size-large\" src=\"http:\/\/www.inces.gob.ve\/wp-content\/uploads\/2019\/08\/IMG-20190812-WA0047-1024x768.jpg\" alt=\"\" width=\"640\" height=\"480\" srcset=\"https:\/\/inces.gob.ve\/wp-content\/uploads\/2019\/08\/IMG-20190812-WA0047-1024x768.jpg 1024w, https:\/\/inces.gob.ve\/wp-content\/uploads\/2019\/08\/IMG-20190812-WA0047-300x225.jpg 300w, https:\/\/inces.gob.ve\/wp-content\/uploads\/2019\/08\/IMG-20190812-WA0047-768x576.jpg 768w, https:\/\/inces.gob.ve\/wp-content\/uploads\/2019\/08\/IMG-20190812-WA0047-136x102.jpg 136w, https:\/\/inces.gob.ve\/wp-content\/uploads\/2019\/08\/IMG-20190812-WA0047.jpg 1032w\" sizes=\"auto, (max-width: 640px) 100vw, 640px\" \/><\/p>\n<p align=\"justify\"><span style=\"font-family: arial, sans-serif;\">Es importante mencionar que el personal t\u00e9cnico que actualmente se desarrolla en estos talleres es formado en el Inces de la regi\u00f3n y recibir\u00e1n apoyo de los actuales participantes como parte de la tareas propuestas desde las brigadas y que generan un saldo social a las comunidades guaire\u00f1as.<\/span><\/p>\n<p align=\"justify\"><img loading=\"lazy\" decoding=\"async\" class=\"aligncenter wp-image-30433 size-large\" src=\"http:\/\/www.inces.gob.ve\/wp-content\/uploads\/2019\/08\/IMG_20190812_105158-e1565975918881-1024x576.jpg\" alt=\"\" width=\"640\" height=\"360\" srcset=\"https:\/\/inces.gob.ve\/wp-content\/uploads\/2019\/08\/IMG_20190812_105158-e1565975918881-1024x576.jpg 1024w, https:\/\/inces.gob.ve\/wp-content\/uploads\/2019\/08\/IMG_20190812_105158-e1565975918881-300x169.jpg 300w, https:\/\/inces.gob.ve\/wp-content\/uploads\/2019\/08\/IMG_20190812_105158-e1565975918881-768x432.jpg 768w\" sizes=\"auto, (max-width: 640px) 100vw, 640px\" \/><\/p>\n<p align=\"justify\"><span style=\"font-family: arial, sans-serif;\">Igualmente destaca entre sus trabajos el mantenimiento preventivo y correctivo que realizan al veh\u00edculo que actualmente posee el Inces de la regi\u00f3n. <\/span><\/p>\n<p align=\"justify\">\n<p align=\"justify\">\n","protected":false},"excerpt":{"rendered":"<p>** El grupo de participantes liderado por el maestro t\u00e9cnico productivo (MTP) Ronald Orozco asumi\u00f3 la formaci\u00f3n pr\u00e1ctica y responsable dentro del Inces y en el punto y c\u00edrculo del centro de formaci\u00f3n socialista Huayra<\/p>\n","protected":false},"author":4,"featured_media":30434,"comment_status":"closed","ping_status":"open","sticky":false,"template":"","format":"standard","meta":{"footnotes":""},"categories":[2],"tags":[],"class_list":["post-30432","post","type-post","status-publish","format-standard","has-post-thumbnail","hentry","category-blog"],"_links":{"self":[{"href":"https:\/\/inces.gob.ve\/index.php\/wp-json\/wp\/v2\/posts\/30432","targetHints":{"allow":["GET"]}}],"collection":[{"href":"https:\/\/inces.gob.ve\/index.php\/wp-json\/wp\/v2\/posts"}],"about":[{"href":"https:\/\/inces.gob.ve\/index.php\/wp-json\/wp\/v2\/types\/post"}],"author":[{"embeddable":true,"href":"https:\/\/inces.gob.ve\/index.php\/wp-json\/wp\/v2\/users\/4"}],"replies":[{"embeddable":true,"href":"https:\/\/inces.gob.ve\/index.php\/wp-json\/wp\/v2\/comments?post=30432"}],"version-history":[{"count":1,"href":"https:\/\/inces.gob.ve\/index.php\/wp-json\/wp\/v2\/posts\/30432\/revisions"}],"predecessor-version":[{"id":30437,"href":"https:\/\/inces.gob.ve\/index.php\/wp-json\/wp\/v2\/posts\/30432\/revisions\/30437"}],"wp:featuredmedia":[{"embeddable":true,"href":"https:\/\/inces.gob.ve\/index.php\/wp-json\/wp\/v2\/media\/30434"}],"wp:attachment":[{"href":"https:\/\/inces.gob.ve\/index.php\/wp-json\/wp\/v2\/media?parent=30432"}],"wp:term":[{"taxonomy":"category","embeddable":true,"href":"https:\/\/inces.gob.ve\/index.php\/wp-json\/wp\/v2\/categories?post=30432"},{"taxonomy":"post_tag","embeddable":true,"href":"https:\/\/inces.gob.ve\/index.php\/wp-json\/wp\/v2\/tags?post=30432"}],"curies":[{"name":"wp","href":"https:\/\/api.w.org\/{rel}","templated":true}]}}