{"id":30522,"date":"2019-08-21T08:52:08","date_gmt":"2019-08-21T14:52:08","guid":{"rendered":"http:\/\/www.inces.gob.ve\/?p=30522"},"modified":"2020-05-28T20:27:44","modified_gmt":"2020-05-29T00:27:44","slug":"inces-entrego-56-certificados-de-formacion-en-5-oficios-en-el-cfs-jorge-rodriguez","status":"publish","type":"post","link":"https:\/\/inces.gob.ve\/index.php\/2019\/08\/21\/inces-entrego-56-certificados-de-formacion-en-5-oficios-en-el-cfs-jorge-rodriguez\/","title":{"rendered":"Inces entreg\u00f3 56  Certificados de Formaci\u00f3n en 5 oficios en el CFS. Jorge Rodr\u00edguez"},"content":{"rendered":"<p align=\"justify\"><span style=\"font-family: Arial, sans-serif;\"><span style=\"font-size: x-large;\">** <em><b>La instituci\u00f3n hizo un reconocimiento expl\u00edcito de la inclusi\u00f3n formativa-productiva de los sujetos protag\u00f3nicos que hacen vida en las organizaciones del poder popular como el Bloque de Comunas, el CLAP \u201cValle Abajo Centro\u201d de la parroquia San Pedro, as\u00ed como a las que agrupan a las personas con discapacidad junto al Movimiento Bolivariano de Sordo \u201cFrancisco Javier Ust\u00e9riz\u201d, el Inces los certific\u00f3 en 5 oficios.<\/b><\/em><\/span><\/span><!--more--><\/p>\n<p align=\"justify\">\n<p align=\"justify\"><span style=\"font-family: Arial, sans-serif;\"><span style=\"font-size: x-large;\"><b>DIMAS PAEZ \/ INCES SEDE<\/b><\/span><\/span><\/p>\n<p align=\"justify\"><span style=\"font-family: Arial, sans-serif;\"><span style=\"font-size: x-large;\">En acto efectuado en el auditorio del Inces sede se certificaron a 56 participantes en cinco oficios, esto con la idea aportar las herramientas necesarias para el fortalecimiento del poder popular, durante el acto se cont\u00f3 con la presencia de Richard Delgado, director estrat\u00e9gico de Formaci\u00f3n Productiva del Instituto Nacional de Capacitaci\u00f3n Educativa Socialista (Inces), Jes\u00fas Liendo gerente general de la Oficina de Atenci\u00f3n al Ciudadano, Yelena Le\u00f3n, jefa del \u201cCFS Jorge Rodr\u00edguez\u201d, Antonio Frauto gerente general de Producci\u00f3n y Encadenamiento Productivo y Jos\u00e9 Luis Tovar gerente general <span style=\"color: #000000;\">de Cultura, Deporte Recreaci\u00f3n y Participaci\u00f3n Comunal. <\/span><\/span><\/span><\/p>\n<p align=\"justify\"><span style=\"font-family: Arial, sans-serif;\"><span style=\"font-size: x-large;\"><span style=\"color: #000000;\"><img loading=\"lazy\" decoding=\"async\" class=\"aligncenter wp-image-30526 size-full\" src=\"http:\/\/www.inces.gob.ve\/wp-content\/uploads\/2019\/08\/ENTREGA-DE-CERTIFICADOS5-.jpg\" alt=\"\" width=\"800\" height=\"533\" srcset=\"https:\/\/inces.gob.ve\/wp-content\/uploads\/2019\/08\/ENTREGA-DE-CERTIFICADOS5-.jpg 800w, https:\/\/inces.gob.ve\/wp-content\/uploads\/2019\/08\/ENTREGA-DE-CERTIFICADOS5--300x200.jpg 300w, https:\/\/inces.gob.ve\/wp-content\/uploads\/2019\/08\/ENTREGA-DE-CERTIFICADOS5--768x512.jpg 768w\" sizes=\"auto, (max-width: 800px) 100vw, 800px\" \/><\/span><\/span><\/span><\/p>\n<p align=\"justify\"><span style=\"font-family: Arial, sans-serif;\"><span style=\"font-size: x-large;\">Richard Delgado, expuso \u201c<b>60 a\u00f1os acompa\u00f1ando a un pueblo en su proceso de vida cotidiana sobre todo en lo <\/b><b>formativo<\/b><b> y en funci\u00f3n en el mundo del trabajo<\/b>, pero tambi\u00e9n estos 60 a\u00f1os han sido testigo de como una herramienta tan poderosa como la que nos dej\u00f3 Luis Beltr\u00e1n Prieto Figueroa se termin\u00f3 convirtiendo en un espacio donde se garantizaba la formaci\u00f3n t\u00e9cnica del buen vivir pero con una finalidad evitar la explotaci\u00f3n del hombre por el hombre, que es la l\u00f3gica de la educaci\u00f3n de calidad\u201d. <\/span><\/span><\/p>\n<p align=\"justify\"><span style=\"font-family: Arial, sans-serif;\"><span style=\"font-size: x-large;\"><img loading=\"lazy\" decoding=\"async\" class=\"aligncenter wp-image-30528 size-full\" src=\"http:\/\/www.inces.gob.ve\/wp-content\/uploads\/2019\/08\/ENTREGA-DE-CERTIFICADOS3-.jpg\" alt=\"\" width=\"800\" height=\"533\" srcset=\"https:\/\/inces.gob.ve\/wp-content\/uploads\/2019\/08\/ENTREGA-DE-CERTIFICADOS3-.jpg 800w, https:\/\/inces.gob.ve\/wp-content\/uploads\/2019\/08\/ENTREGA-DE-CERTIFICADOS3--300x200.jpg 300w, https:\/\/inces.gob.ve\/wp-content\/uploads\/2019\/08\/ENTREGA-DE-CERTIFICADOS3--768x512.jpg 768w\" sizes=\"auto, (max-width: 800px) 100vw, 800px\" \/><\/span><\/span><\/p>\n<p align=\"justify\"><span style=\"font-family: Arial, sans-serif;\"><span style=\"font-size: x-large;\">En el d\u00eda de hoy se est\u00e1n certificando 56 compatriotas provenientes de diferentes organizaciones del poder popular, entre ellas la Comuna de la parroquia San Pedro, Clap Valle Bajo Centro y el Movimiento Bolivariano de Sordos, en estos momentos los estamos certificando en Paiificadora Domestica, Elaboraci\u00f3n de Pasapalos, Pastelero, Cocinero y Formaci\u00f3n de Equipos Efectivos de Trabajo, especialmente dirigido a los comuneros que se est\u00e1n formando, \u201c<b>en el marco de lo que significa el 60 Aniversario, es un<\/b><b>a<\/b><b> extraordinari<\/b><b>a<\/b><b> oportunidad de rectificar el potencial que tiene el Inces, para la formaci\u00f3n productiva\u201d<\/b> y las repuestas que dan nuestras comunidades ante ese potencial en el momento en que el pa\u00eds nos requiere para salir adelante\u201d. Opino Yelena Le\u00f3n<\/span><\/span><\/p>\n<p align=\"justify\"><span style=\"font-family: Arial, sans-serif;\"><span style=\"font-size: x-large;\"><img loading=\"lazy\" decoding=\"async\" class=\"aligncenter wp-image-30524 size-full\" src=\"http:\/\/www.inces.gob.ve\/wp-content\/uploads\/2019\/08\/ENTREGA-DE-CERTIFICADOS7-.jpg\" alt=\"\" width=\"800\" height=\"533\" srcset=\"https:\/\/inces.gob.ve\/wp-content\/uploads\/2019\/08\/ENTREGA-DE-CERTIFICADOS7-.jpg 800w, https:\/\/inces.gob.ve\/wp-content\/uploads\/2019\/08\/ENTREGA-DE-CERTIFICADOS7--300x200.jpg 300w, https:\/\/inces.gob.ve\/wp-content\/uploads\/2019\/08\/ENTREGA-DE-CERTIFICADOS7--768x512.jpg 768w\" sizes=\"auto, (max-width: 800px) 100vw, 800px\" \/><\/span><\/span><\/p>\n<p align=\"justify\"><span style=\"font-family: Arial, sans-serif;\"><span style=\"font-size: x-large;\">Jos\u00e9 Ventura Hern\u00e1ndez de la parroquia San Pedro, explic\u00f3 \u201cyo particip\u00e9 en el curso de <b>Formaci\u00f3n de Equipo de Trabajo, para hacer mas efectivo los Concejos Comunales dentro de la Comuna<\/b>, el curso tuvo la capacidad para ense\u00f1arnos como entendernos mejor en la parroquia, como desarrollar mejor nuestro trabajo y hacer m\u00e1ss efectivo nuestra actividad dentro de la comunidad\u201d.<img loading=\"lazy\" decoding=\"async\" class=\"aligncenter wp-image-30529 size-full\" src=\"http:\/\/www.inces.gob.ve\/wp-content\/uploads\/2019\/08\/ENTREGA-DE-CERTIFICADOS2-.jpg\" alt=\"\" width=\"800\" height=\"533\" srcset=\"https:\/\/inces.gob.ve\/wp-content\/uploads\/2019\/08\/ENTREGA-DE-CERTIFICADOS2-.jpg 800w, https:\/\/inces.gob.ve\/wp-content\/uploads\/2019\/08\/ENTREGA-DE-CERTIFICADOS2--300x200.jpg 300w, https:\/\/inces.gob.ve\/wp-content\/uploads\/2019\/08\/ENTREGA-DE-CERTIFICADOS2--768x512.jpg 768w\" sizes=\"auto, (max-width: 800px) 100vw, 800px\" \/><\/span><\/span><\/p>\n","protected":false},"excerpt":{"rendered":"<p>** La instituci\u00f3n hizo un reconocimiento expl\u00edcito de la inclusi\u00f3n formativa-productiva de los sujetos protag\u00f3nicos que hacen vida en las organizaciones del poder popular como el Bloque de Comunas, el CLAP \u201cValle Abajo Centro\u201d de la parroquia San Pedro, as\u00ed como a las que agrupan a las personas con discapacidad junto al Movimiento Bolivariano de [&hellip;]<\/p>\n","protected":false},"author":15,"featured_media":30525,"comment_status":"closed","ping_status":"closed","sticky":false,"template":"","format":"standard","meta":{"footnotes":""},"categories":[2],"tags":[],"class_list":["post-30522","post","type-post","status-publish","format-standard","has-post-thumbnail","hentry","category-blog"],"_links":{"self":[{"href":"https:\/\/inces.gob.ve\/index.php\/wp-json\/wp\/v2\/posts\/30522","targetHints":{"allow":["GET"]}}],"collection":[{"href":"https:\/\/inces.gob.ve\/index.php\/wp-json\/wp\/v2\/posts"}],"about":[{"href":"https:\/\/inces.gob.ve\/index.php\/wp-json\/wp\/v2\/types\/post"}],"author":[{"embeddable":true,"href":"https:\/\/inces.gob.ve\/index.php\/wp-json\/wp\/v2\/users\/15"}],"replies":[{"embeddable":true,"href":"https:\/\/inces.gob.ve\/index.php\/wp-json\/wp\/v2\/comments?post=30522"}],"version-history":[{"count":2,"href":"https:\/\/inces.gob.ve\/index.php\/wp-json\/wp\/v2\/posts\/30522\/revisions"}],"predecessor-version":[{"id":30531,"href":"https:\/\/inces.gob.ve\/index.php\/wp-json\/wp\/v2\/posts\/30522\/revisions\/30531"}],"wp:featuredmedia":[{"embeddable":true,"href":"https:\/\/inces.gob.ve\/index.php\/wp-json\/wp\/v2\/media\/30525"}],"wp:attachment":[{"href":"https:\/\/inces.gob.ve\/index.php\/wp-json\/wp\/v2\/media?parent=30522"}],"wp:term":[{"taxonomy":"category","embeddable":true,"href":"https:\/\/inces.gob.ve\/index.php\/wp-json\/wp\/v2\/categories?post=30522"},{"taxonomy":"post_tag","embeddable":true,"href":"https:\/\/inces.gob.ve\/index.php\/wp-json\/wp\/v2\/tags?post=30522"}],"curies":[{"name":"wp","href":"https:\/\/api.w.org\/{rel}","templated":true}]}}