{"id":30532,"date":"2019-08-21T11:15:25","date_gmt":"2019-08-21T17:15:25","guid":{"rendered":"http:\/\/www.inces.gob.ve\/?p=30532"},"modified":"2020-05-28T20:27:44","modified_gmt":"2020-05-29T00:27:44","slug":"bolivar-inces-ofrecio-rueda-de-prensa-en-el-marco-de-su-60-aniversario","status":"publish","type":"post","link":"https:\/\/inces.gob.ve\/index.php\/2019\/08\/21\/bolivar-inces-ofrecio-rueda-de-prensa-en-el-marco-de-su-60-aniversario\/","title":{"rendered":"BOL\u00cdVAR | Inces ofreci\u00f3 rueda de prensa en el marco de su 60 aniversario"},"content":{"rendered":"<p align=\"justify\"><span style=\"font-family: Arial, sans-serif;\"><span style=\"font-size: x-large;\"><i><b>** En lo que va de a\u00f1o se han capacitado m\u00e1s de 11.616 personas y se han conformado 30 brigadas productivas<\/b><\/i><\/span><\/span><!--more--><\/p>\n<p align=\"justify\">\n<p align=\"justify\"><span style=\"font-family: Arial, sans-serif;\"><span style=\"font-size: x-large;\"><b>ALEXSSIA THOMAS<\/b><\/span><\/span><\/p>\n<p align=\"justify\"><span style=\"font-family: Arial, sans-serif;\"><span style=\"font-size: x-large;\">El equipo de coordinadores, facilitadores y estudiantes de los diferentes centros de formaci\u00f3n socialista (CFS) fueron los anfitriones de una rueda de prensa que ofreci\u00f3 la gerente regional del Inces Bol\u00edvar, Ruth Jim\u00e9nez, en el CFS Manuel Piar, con el objetivo de dar a conocer los logros del instituto y las actividades organizadas para celebrar el aniversario.<\/span><\/span><\/p>\n<p align=\"justify\">\n<p align=\"justify\"><span style=\"font-family: Arial, sans-serif;\"><span style=\"font-size: x-large;\">En su declaraci\u00f3n resalt\u00f3 la trayectoria de la instituci\u00f3n y reiter\u00f3 el compromiso que tiene con las comunidades. \u201cEl Inces se pone al lado del pueblo para dar respuesta con sus programas de formaci\u00f3n y brigadas productivas, quienes se encuentran desplegadas en las comunidades, escuelas y espacios de formaci\u00f3n. Esto con la finalidad de producir bienes y prestar servicios que satisfagan las necesidades y fortalezcan la soberan\u00eda econ\u00f3mica del pa\u00eds.<\/span><\/span><\/p>\n<p align=\"justify\"><span style=\"font-family: Arial, sans-serif;\"><span style=\"font-size: x-large;\"><img loading=\"lazy\" decoding=\"async\" class=\"aligncenter wp-image-30535 size-full\" src=\"http:\/\/www.inces.gob.ve\/wp-content\/uploads\/2019\/08\/Inces-rueda-prensa-marco-de-60-aniversario2-.jpg\" alt=\"\" width=\"800\" height=\"449\" srcset=\"https:\/\/inces.gob.ve\/wp-content\/uploads\/2019\/08\/Inces-rueda-prensa-marco-de-60-aniversario2-.jpg 800w, https:\/\/inces.gob.ve\/wp-content\/uploads\/2019\/08\/Inces-rueda-prensa-marco-de-60-aniversario2--300x168.jpg 300w, https:\/\/inces.gob.ve\/wp-content\/uploads\/2019\/08\/Inces-rueda-prensa-marco-de-60-aniversario2--768x431.jpg 768w\" sizes=\"auto, (max-width: 800px) 100vw, 800px\" \/><\/span><\/span><\/p>\n<p align=\"justify\">\n<p align=\"justify\"><span style=\"font-family: Arial, sans-serif;\"><span style=\"font-size: x-large;\">Tambi\u00e9n revel\u00f3 que se habilit\u00f3 un espacio de formaci\u00f3n en el sector de Tumeremo y que aspira instalar una extensi\u00f3n en el municipio Cede\u00f1o y Sucre.<\/span><\/span><\/p>\n<p align=\"justify\"><img loading=\"lazy\" decoding=\"async\" class=\"aligncenter wp-image-30536 size-full\" src=\"http:\/\/www.inces.gob.ve\/wp-content\/uploads\/2019\/08\/Inces-rueda-prensa-marco-de-60-aniversario1-.jpg\" alt=\"\" width=\"800\" height=\"450\" srcset=\"https:\/\/inces.gob.ve\/wp-content\/uploads\/2019\/08\/Inces-rueda-prensa-marco-de-60-aniversario1-.jpg 800w, https:\/\/inces.gob.ve\/wp-content\/uploads\/2019\/08\/Inces-rueda-prensa-marco-de-60-aniversario1--300x169.jpg 300w, https:\/\/inces.gob.ve\/wp-content\/uploads\/2019\/08\/Inces-rueda-prensa-marco-de-60-aniversario1--768x432.jpg 768w\" sizes=\"auto, (max-width: 800px) 100vw, 800px\" \/><\/p>\n<p align=\"justify\"><span style=\"font-family: Arial, sans-serif;\"><span style=\"font-size: x-large;\">Asimismo, pase\u00f3 a los medios de comunicaci\u00f3n por los stands productivos, donde se hizo una exposici\u00f3n de la Producci\u00f3n que se genera en el Inces Regional Bol\u00edvar entre ellos: condimentos, especias, salsas, encurtidos, Kits maternales, uniformes escolares, ropa \u00edntima ata\u00fades, pastillas de frenos, entre otros.<\/span><\/span><\/p>\n<p align=\"justify\">\n<p align=\"justify\"><span style=\"font-family: Arial, sans-serif;\"><span style=\"font-size: x-large;\">Los programas Turismo, Comercio y Servicios y Bachillerato Productivo tambi\u00e9n participaron en esta ocasi\u00f3n, quienes revelaron detalles sobre las formaciones que ofrecen.<\/span><\/span><\/p>\n<p align=\"justify\"><img loading=\"lazy\" decoding=\"async\" class=\"aligncenter wp-image-30533 size-full\" src=\"http:\/\/www.inces.gob.ve\/wp-content\/uploads\/2019\/08\/Inces-rueda-prensa-marco-de-60-aniversario4-.jpg\" alt=\"\" width=\"800\" height=\"482\" srcset=\"https:\/\/inces.gob.ve\/wp-content\/uploads\/2019\/08\/Inces-rueda-prensa-marco-de-60-aniversario4-.jpg 800w, https:\/\/inces.gob.ve\/wp-content\/uploads\/2019\/08\/Inces-rueda-prensa-marco-de-60-aniversario4--300x181.jpg 300w, https:\/\/inces.gob.ve\/wp-content\/uploads\/2019\/08\/Inces-rueda-prensa-marco-de-60-aniversario4--768x463.jpg 768w\" sizes=\"auto, (max-width: 800px) 100vw, 800px\" \/><\/p>\n<p align=\"justify\"><span style=\"font-family: Arial, sans-serif;\"><span style=\"font-size: x-large;\">Finalmente, Jim\u00e9nez hizo una invitaci\u00f3n a la colectividad para que participen en los eventos que la instituci\u00f3n tiene organizada para celebrar su mes aniversario.<\/span><\/span><\/p>\n<p align=\"justify\">\n","protected":false},"excerpt":{"rendered":"<p>** En lo que va de a\u00f1o se han capacitado m\u00e1s de 11.616 personas y se han conformado 30 brigadas productivas<\/p>\n","protected":false},"author":15,"featured_media":30534,"comment_status":"closed","ping_status":"closed","sticky":false,"template":"","format":"standard","meta":{"footnotes":""},"categories":[2],"tags":[],"class_list":["post-30532","post","type-post","status-publish","format-standard","has-post-thumbnail","hentry","category-blog"],"_links":{"self":[{"href":"https:\/\/inces.gob.ve\/index.php\/wp-json\/wp\/v2\/posts\/30532","targetHints":{"allow":["GET"]}}],"collection":[{"href":"https:\/\/inces.gob.ve\/index.php\/wp-json\/wp\/v2\/posts"}],"about":[{"href":"https:\/\/inces.gob.ve\/index.php\/wp-json\/wp\/v2\/types\/post"}],"author":[{"embeddable":true,"href":"https:\/\/inces.gob.ve\/index.php\/wp-json\/wp\/v2\/users\/15"}],"replies":[{"embeddable":true,"href":"https:\/\/inces.gob.ve\/index.php\/wp-json\/wp\/v2\/comments?post=30532"}],"version-history":[{"count":1,"href":"https:\/\/inces.gob.ve\/index.php\/wp-json\/wp\/v2\/posts\/30532\/revisions"}],"predecessor-version":[{"id":30537,"href":"https:\/\/inces.gob.ve\/index.php\/wp-json\/wp\/v2\/posts\/30532\/revisions\/30537"}],"wp:featuredmedia":[{"embeddable":true,"href":"https:\/\/inces.gob.ve\/index.php\/wp-json\/wp\/v2\/media\/30534"}],"wp:attachment":[{"href":"https:\/\/inces.gob.ve\/index.php\/wp-json\/wp\/v2\/media?parent=30532"}],"wp:term":[{"taxonomy":"category","embeddable":true,"href":"https:\/\/inces.gob.ve\/index.php\/wp-json\/wp\/v2\/categories?post=30532"},{"taxonomy":"post_tag","embeddable":true,"href":"https:\/\/inces.gob.ve\/index.php\/wp-json\/wp\/v2\/tags?post=30532"}],"curies":[{"name":"wp","href":"https:\/\/api.w.org\/{rel}","templated":true}]}}