{"id":30558,"date":"2019-08-22T14:53:42","date_gmt":"2019-08-22T20:53:42","guid":{"rendered":"http:\/\/www.inces.gob.ve\/?p=30558"},"modified":"2020-05-28T20:27:44","modified_gmt":"2020-05-29T00:27:44","slug":"inces-cumple-60-anos-y-reafirma-su-compromiso-en-la-construccion-del-socialismo","status":"publish","type":"post","link":"https:\/\/inces.gob.ve\/index.php\/2019\/08\/22\/inces-cumple-60-anos-y-reafirma-su-compromiso-en-la-construccion-del-socialismo\/","title":{"rendered":"Inces cumple 60 a\u00f1os y reafirma su compromiso en la construcci\u00f3n del socialismo"},"content":{"rendered":"<p>Caracas, 22.08.19 (PRENSA MPPE).-\u00abEl Instituto Nacional de Capacitaci\u00f3n y Educaci\u00f3n Socialista (INCES) de hoy ha tenido una gran transformaci\u00f3n, y es la incorporaci\u00f3n de ponerse al servicio de la construcci\u00f3n del socialismo\u00bb, afirm\u00f3 el vicepresidente sectorial para el Desarrollo Social y Territorial, Arist\u00f3bulo Ist\u00fariz, durante el acto de entrega de reconocimientos a trabajadores y trabajadoras, con motivo de cumplirse 60 a\u00f1os de su fundaci\u00f3n.<\/p>\n<p>Desde el auditorio de la sede principal de esta emblem\u00e1tica instituci\u00f3n, Ist\u00fariz asever\u00f3 que \u00abel Inces hoy, une el sue\u00f1o de Ch\u00e1vez y el sue\u00f1o de Prieto. El reto de hoy es acompa\u00f1ar a Nicol\u00e1s Maduro en la independencia definitiva de este pa\u00eds\u00bb, dijo.<\/p>\n<p>En ese sentido, el tambi\u00e9n ministro del Poder Popular para la Educaci\u00f3n reiter\u00f3 que la construcci\u00f3n del modelo socialista se basa en la producci\u00f3n, la capacitaci\u00f3n y el conocimiento, por lo cual \u00abdebemos reafirmar nuestro compromiso con la Patria como instituci\u00f3n. Hoy el Inces debe expandirse a distintos niveles y sectores de la poblaci\u00f3n\u00bb, se\u00f1al\u00f3.<\/p>\n<p>Por su parte, el presidente del INCES, Wuilkeman \u00c1ngel Paredes, apunt\u00f3 que este acto se realiz\u00f3 con la finalidad de \u201creconocer al colectivo de trabajadores y trabajadoras que hacen posible la labor de formar profesionales al pueblo venezolano\u00bb.<\/p>\n<p>Asimismo, apunt\u00f3 que desde el INCES \u00abacompa\u00f1amos al Presidente Nicol\u00e1s Maduro en esa tarea de enfrentar el asedio que tenemos como pueblo y de construir el nuevo modelo econ\u00f3mico productivo. En este momento de amenaza del imperio, de cerrarnos las puertas al mundo, el Inces tiene la lectura precisa de qu\u00e9 se debe hacer\u00bb, enfatiz\u00f3.<\/p>\n<p>Wuilkeman \u00c1ngel expres\u00f3 su felicitaci\u00f3n a los m\u00e1s de 16 mil trabajadores y trabajadoras con los que cuenta la instituci\u00f3n, a quienes inst\u00f3 a esforzarse para superar el rentismo, construir un nuevo modelo productivo, que sea una realidad\u00bb.<\/p>\n<p>60 a\u00f1os con el pueblo<\/p>\n<p>Durante la entrega de reconocimientos a la fuerza laboral del INCES, se hizo un recorrido hist\u00f3rico para enaltecer el trabajo de esta instituci\u00f3n creada por el maestro Luis Beltr\u00e1n Prieto Figueroa para poner el conocimiento al servicio del pueblo.<\/p>\n<p>Al respecto, Arist\u00f3bulo Ist\u00fariz record\u00f3 que \u00abla primera etapa del Inces fue de capacitaci\u00f3n a los trabajadores para salir del atraso, de la ignorancia. El Inces estuvo all\u00ed acompa\u00f1ando al pueblo\u00bb.<\/p>\n<p>Del mismo modo, Ist\u00fariz apunt\u00f3 que gracias a la Revoluci\u00f3n Bolivariana se estableci\u00f3 la educaci\u00f3n como un derecho social, con lo cual adquiri\u00f3 un car\u00e1cter popular, y por ello el Estado debe garantizarla de forma gratuita.<\/p>\n<p>Entretanto, el constituyente Nicol\u00e1s Maduro Guerra, resalt\u00f3 la visi\u00f3n con la cual el maestro Prieto Figueroa fund\u00f3 el INCES, afirmando que \u201cdurante la Cuarta Rep\u00fablica, fue un faro de luz hacia la atenci\u00f3n social de la juventud, aunque claro, faltaba la chispa de Ch\u00e1vez\u201d.<\/p>\n<p>\u201cEn aquella \u00e9poca ten\u00edamos 2 millones de analfabetas, una deuda social inmensa, y aun as\u00ed el Inces capacitaba y formaba a los j\u00f3venes\u201d, rememor\u00f3, al tiempo que hizo un llamado a los trabajadores y trabajadoras de la familia INCES a \u201cseguir concentr\u00e1ndonos en educar a nuestra juventud para formar ese sujeto, hombre y mujer nuevos, con valores socialistas de trabajo \u00e9tico y moral\u201d, enfatiz\u00f3.<\/p>\n<p>Merecido homenaje<\/p>\n<p>El 60\u00ba aniversario del INCES fue ocasi\u00f3n propicia para reconocer la trayectoria del profesor Arist\u00f3bulo Ist\u00fariz, quien recibi\u00f3 la Orden Maestro Luis Beltr\u00e1n Prieto Figueroa, por su esfuerzo y dedicaci\u00f3n en la defensa de la Educaci\u00f3n Bolivariana.<\/p>\n<p>La primera vicepresidenta de la Asamblea Nacional Constituyente, Tania D\u00edaz, expres\u00f3 que \u00aben estos \u00faltimos 20 a\u00f1os, Arist\u00f3bulo Ist\u00fariz ha demostrado ser un maestro de liberaci\u00f3n, pero sobre todo un maestro de Revoluci\u00f3n. Fund\u00f3 sindicatos de maestros, con ese pensamiento de escuelas democr\u00e1ticas, todos esos valores que est\u00e1n hoy en el Inces\u201d, manifest\u00f3 D\u00edaz.<\/p>\n","protected":false},"excerpt":{"rendered":"<p>Caracas, 22.08.19 (PRENSA MPPE).-\u00abEl Instituto Nacional de Capacitaci\u00f3n y Educaci\u00f3n Socialista (INCES) de hoy ha tenido una gran transformaci\u00f3n, y es la incorporaci\u00f3n de ponerse al servicio de la construcci\u00f3n del socialismo\u00bb, afirm\u00f3 el vicepresidente sectorial para el Desarrollo Social y Territorial, Arist\u00f3bulo Ist\u00fariz, durante el acto de entrega de reconocimientos a trabajadores y trabajadoras, [&hellip;]<\/p>\n","protected":false},"author":4,"featured_media":30559,"comment_status":"closed","ping_status":"open","sticky":false,"template":"","format":"standard","meta":{"footnotes":""},"categories":[2],"tags":[],"class_list":["post-30558","post","type-post","status-publish","format-standard","has-post-thumbnail","hentry","category-blog"],"_links":{"self":[{"href":"https:\/\/inces.gob.ve\/index.php\/wp-json\/wp\/v2\/posts\/30558","targetHints":{"allow":["GET"]}}],"collection":[{"href":"https:\/\/inces.gob.ve\/index.php\/wp-json\/wp\/v2\/posts"}],"about":[{"href":"https:\/\/inces.gob.ve\/index.php\/wp-json\/wp\/v2\/types\/post"}],"author":[{"embeddable":true,"href":"https:\/\/inces.gob.ve\/index.php\/wp-json\/wp\/v2\/users\/4"}],"replies":[{"embeddable":true,"href":"https:\/\/inces.gob.ve\/index.php\/wp-json\/wp\/v2\/comments?post=30558"}],"version-history":[{"count":1,"href":"https:\/\/inces.gob.ve\/index.php\/wp-json\/wp\/v2\/posts\/30558\/revisions"}],"predecessor-version":[{"id":30560,"href":"https:\/\/inces.gob.ve\/index.php\/wp-json\/wp\/v2\/posts\/30558\/revisions\/30560"}],"wp:featuredmedia":[{"embeddable":true,"href":"https:\/\/inces.gob.ve\/index.php\/wp-json\/wp\/v2\/media\/30559"}],"wp:attachment":[{"href":"https:\/\/inces.gob.ve\/index.php\/wp-json\/wp\/v2\/media?parent=30558"}],"wp:term":[{"taxonomy":"category","embeddable":true,"href":"https:\/\/inces.gob.ve\/index.php\/wp-json\/wp\/v2\/categories?post=30558"},{"taxonomy":"post_tag","embeddable":true,"href":"https:\/\/inces.gob.ve\/index.php\/wp-json\/wp\/v2\/tags?post=30558"}],"curies":[{"name":"wp","href":"https:\/\/api.w.org\/{rel}","templated":true}]}}