{"id":30583,"date":"2019-08-26T09:15:36","date_gmt":"2019-08-26T15:15:36","guid":{"rendered":"http:\/\/www.inces.gob.ve\/?p=30583"},"modified":"2020-05-28T20:33:24","modified_gmt":"2020-05-29T00:33:24","slug":"los-educadores-deben-estar-al-servicio-de-venezuela","status":"publish","type":"post","link":"https:\/\/inces.gob.ve\/index.php\/2019\/08\/26\/los-educadores-deben-estar-al-servicio-de-venezuela\/","title":{"rendered":"\u00abLos educadores deben estar al servicio de Venezuela\u00bb"},"content":{"rendered":"<p align=\"justify\"><span style=\"font-family: Arial, sans-serif;\"><span style=\"font-size: x-large;\">** Publicado en el portal Am\u00e9rica XXI<\/span><\/span><!--more--><\/p>\n<p align=\"justify\">\n<p align=\"justify\"><span style=\"font-family: Arial, sans-serif;\"><span style=\"font-size: x-large;\">LUIS ZULETA<\/span><\/span><\/p>\n<p align=\"justify\"><span style=\"font-family: Arial, sans-serif;\"><span style=\"font-size: x-large;\">El Vicepresidente Sectorial para el Socialismo Territorial de Venezuela, Arist\u00f3bulo Ist\u00fariz Almeida, afirm\u00f3 que \u00abel educador debe estar al servicio del modelo productivo de sociedad\u00bb y que \u00abla formaci\u00f3n del maestro debe adaptarse a la actual coyuntura econ\u00f3mica que enfrenta el pa\u00eds\u00bb.<\/span><\/span><\/p>\n<p align=\"justify\"><span style=\"font-family: Arial, sans-serif;\"><span style=\"font-size: x-large;\">Ist\u00fariz hablo en el acto de reconocimiento por a\u00f1os de servicios a trabajadores y trabajadoras del Instituto Nacional de Capacitaci\u00f3n y Educaci\u00f3n Socialista (INCES), oportunidad en la que record\u00f3 que Venezuela est\u00e1 siendo agredida con \u00abmedidas unilaterales coercitivas impuesta por el imperialismo\u00bb.<\/span><\/span><\/p>\n<p align=\"justify\"><span style=\"font-family: Arial, sans-serif;\"><span style=\"font-size: x-large;\">El dirigente chavista estaba acompa\u00f1ado de la Vicepresidenta de la Asamblea Nacional Constituyente (ANC) Tania D\u00edaz; el Ministro para la Educaci\u00f3n Universitaria, Cesar Trompiz, y el Presidente del INCES \u00c1ngel Wuikelman.<\/span><\/span><\/p>\n<p align=\"justify\"><span style=\"font-family: Arial, sans-serif;\"><span style=\"font-size: x-large;\">El acto se realiz\u00f3 este jueves en el auditorium Luis Beltr\u00e1n Prieto Figueroa, sede INCES Caracas, bajo el contexto del 60 Aniversario de su creaci\u00f3n.<\/span><\/span><\/p>\n<p align=\"justify\"><span style=\"font-family: Arial, sans-serif;\"><span style=\"font-size: x-large;\">Arist\u00f3bulo Ist\u00fariz, quien tambi\u00e9n es el Ministro del Poder Popular para la Educaci\u00f3n, se\u00f1al\u00f3 que en el INCES se cruzan los sue\u00f1os del Ch\u00e1vez y Prieto.<\/span><\/span><\/p>\n<p align=\"justify\"><span style=\"font-family: Arial, sans-serif;\"><span style=\"font-size: x-large;\">\u00abEstos dos robinsonianos planteaban que esta instituci\u00f3n debe ser un eje transversal en el desarrollo de la naci\u00f3n\u00bb, dijo el funcionario.<\/span><\/span><\/p>\n<p align=\"justify\"><span style=\"font-family: Arial, sans-serif;\"><span style=\"font-size: x-large;\">Agreg\u00f3 que \u00abel INCES debe formar republicanos, a trav\u00e9s de la Educaci\u00f3n Aprender Haciendo, y los maestros juegan un rol fundamental para lograr ese objetivo\u00bb.<\/span><\/span><\/p>\n<pre class=\"western\"><span style=\"font-family: Arial, sans-serif;\"><span style=\"font-size: large;\"><b>Si quiere leer la nota en el portal original hacer click aqu\u00ed<\/b><\/span><\/span><\/pre>\n<p align=\"justify\">:<a href=\"http:\/\/americaxxi.com\/index.php\/news-item\/los-educadores-deben-estar-al-servicio-productivo-de-venezuela\/\"><span style=\"background-color: #0000ff;\"><span style=\"background-color: #ffffff; color: #0000ff;\">http:\/\/americaxxi.com\/index.php\/news-item\/los-educadores-deben-estar-al-servicio-productivo-de-venezuela\/<\/span><\/span><\/a><\/p>\n","protected":false},"excerpt":{"rendered":"<p>** Publicado en el portal Am\u00e9rica XXI<\/p>\n","protected":false},"author":15,"featured_media":30584,"comment_status":"closed","ping_status":"closed","sticky":false,"template":"","format":"standard","meta":{"footnotes":""},"categories":[2],"tags":[],"class_list":["post-30583","post","type-post","status-publish","format-standard","has-post-thumbnail","hentry","category-blog"],"_links":{"self":[{"href":"https:\/\/inces.gob.ve\/index.php\/wp-json\/wp\/v2\/posts\/30583","targetHints":{"allow":["GET"]}}],"collection":[{"href":"https:\/\/inces.gob.ve\/index.php\/wp-json\/wp\/v2\/posts"}],"about":[{"href":"https:\/\/inces.gob.ve\/index.php\/wp-json\/wp\/v2\/types\/post"}],"author":[{"embeddable":true,"href":"https:\/\/inces.gob.ve\/index.php\/wp-json\/wp\/v2\/users\/15"}],"replies":[{"embeddable":true,"href":"https:\/\/inces.gob.ve\/index.php\/wp-json\/wp\/v2\/comments?post=30583"}],"version-history":[{"count":4,"href":"https:\/\/inces.gob.ve\/index.php\/wp-json\/wp\/v2\/posts\/30583\/revisions"}],"predecessor-version":[{"id":30603,"href":"https:\/\/inces.gob.ve\/index.php\/wp-json\/wp\/v2\/posts\/30583\/revisions\/30603"}],"wp:featuredmedia":[{"embeddable":true,"href":"https:\/\/inces.gob.ve\/index.php\/wp-json\/wp\/v2\/media\/30584"}],"wp:attachment":[{"href":"https:\/\/inces.gob.ve\/index.php\/wp-json\/wp\/v2\/media?parent=30583"}],"wp:term":[{"taxonomy":"category","embeddable":true,"href":"https:\/\/inces.gob.ve\/index.php\/wp-json\/wp\/v2\/categories?post=30583"},{"taxonomy":"post_tag","embeddable":true,"href":"https:\/\/inces.gob.ve\/index.php\/wp-json\/wp\/v2\/tags?post=30583"}],"curies":[{"name":"wp","href":"https:\/\/api.w.org\/{rel}","templated":true}]}}