{"id":30626,"date":"2019-08-27T08:30:11","date_gmt":"2019-08-27T14:30:11","guid":{"rendered":"http:\/\/www.inces.gob.ve\/?p=30626"},"modified":"2020-05-28T20:34:42","modified_gmt":"2020-05-29T00:34:42","slug":"trujillo-historia-del-inces-fue-expuesta-en-carteleras","status":"publish","type":"post","link":"https:\/\/inces.gob.ve\/index.php\/2019\/08\/27\/trujillo-historia-del-inces-fue-expuesta-en-carteleras\/","title":{"rendered":"TRUJILLO | Historia del Inces fue expuesta en carteleras"},"content":{"rendered":"<p align=\"justify\"><span style=\"font-family: Arial, sans-serif;\"><span style=\"font-size: x-large;\"><i><b>* Bajo el <span lang=\"es-ES\">t<\/span><span lang=\"en-US\">\u00ed<\/span><span lang=\"es-ES\">tulo<\/span> \u201cUna <span lang=\"es-ES\">m<\/span>ira<span lang=\"en-US\">da<\/span> a la <span lang=\"es-ES\">h<\/span>istoria\u201d se present<span lang=\"es-ES\">\u00f3<\/span> esta Expo-Educaci\u00f3n Formaci\u00f3n y Capacitaci\u00f3n del Inces en su 60 Aniversario que sirve de realce para los empleados y trabajadores de contrataci\u00f3n reciente que a\u00fan desconocen como fue<span lang=\"es-ES\">ron<\/span> los inicios de este gran organismo<\/b><\/i><\/span><\/span><!--more--><\/p>\n<p align=\"justify\">\n<p align=\"justify\"><span style=\"font-family: Arial, sans-serif;\"><span style=\"font-size: x-large;\"><b>MAR\u00cdA CABRERA<\/b><\/span><\/span><\/p>\n<p align=\"justify\"><span style=\"font-family: Arial, sans-serif;\"><span style=\"font-size: x-large;\">La historia de lo que han sido estos 60 a\u00f1os del <span lang=\"es-ES\">Inces <\/span>fue el tema central que cada una de las carteleras participantes <span lang=\"es-ES\">tuvieron <\/span>para presentar ante un jurado calificador lo que ha sido el desarrollo y crecimiento de este organismo obra del insigne maestro Luis Beltr\u00e1n Prieto Figueroa.<\/span><\/span><\/p>\n<p align=\"justify\"><span style=\"font-family: Arial, sans-serif;\"><span style=\"font-size: x-large;\"><span lang=\"es-ES\">Participaro<\/span>n <span lang=\"es-ES\">un <\/span>total de siete <span lang=\"es-ES\">carteleras. Cada una trat\u00f3 <\/span>una tanda de nueve a\u00f1os en las que relataban las experiencias que marcaron al Inces desde sus comienzo en <span lang=\"es-ES\">a<\/span>gosto de 1959 hasta el presente. <img loading=\"lazy\" decoding=\"async\" class=\"alignnone size-medium wp-image-30627\" src=\"http:\/\/www.inces.gob.ve\/wp-content\/uploads\/2019\/08\/Inces-Historia-del-Inces-carteleras5--300x225.jpg\" alt=\"\" width=\"300\" height=\"225\" srcset=\"https:\/\/inces.gob.ve\/wp-content\/uploads\/2019\/08\/Inces-Historia-del-Inces-carteleras5--300x225.jpg 300w, https:\/\/inces.gob.ve\/wp-content\/uploads\/2019\/08\/Inces-Historia-del-Inces-carteleras5--768x576.jpg 768w, https:\/\/inces.gob.ve\/wp-content\/uploads\/2019\/08\/Inces-Historia-del-Inces-carteleras5--136x102.jpg 136w, https:\/\/inces.gob.ve\/wp-content\/uploads\/2019\/08\/Inces-Historia-del-Inces-carteleras5-.jpg 800w\" sizes=\"auto, (max-width: 300px) 100vw, 300px\" \/><\/span><\/span><\/p>\n<p align=\"justify\"><span style=\"font-family: Arial, sans-serif;\"><span style=\"font-size: x-large;\">El jurado calificador, integrado por la <span lang=\"es-ES\">g<\/span>erente <span lang=\"es-ES\">r<\/span>egional, Ang\u00e9lica Mor\u00f3n, <span lang=\"es-ES\">el i<\/span>ng<span lang=\"es-ES\">eniero<\/span> Rigoberto Mor\u00f3n jefe, de Formaci\u00f3n Profesional, Carlos Rivas, jefe del centro de formaci\u00f3n socialista \u201cAl<span lang=\"es-ES\">\u00ed<\/span> Primera\u201d y el Sargento Freddy Manzanilla, de Inces Militar, de buena gana compartieron con el <span lang=\"es-ES\">p<\/span><span lang=\"es-ES\">\u00fa<\/span><span lang=\"es-ES\">blico<\/span> presente las intervenciones de los aprendices encargados <span lang=\"es-ES\">de<\/span> efectuar las exposiciones.<img loading=\"lazy\" decoding=\"async\" class=\"alignnone size-medium wp-image-30629\" src=\"http:\/\/www.inces.gob.ve\/wp-content\/uploads\/2019\/08\/Inces-Historia-del-Inces-carteleras2--300x225.jpg\" alt=\"\" width=\"300\" height=\"225\" srcset=\"https:\/\/inces.gob.ve\/wp-content\/uploads\/2019\/08\/Inces-Historia-del-Inces-carteleras2--300x225.jpg 300w, https:\/\/inces.gob.ve\/wp-content\/uploads\/2019\/08\/Inces-Historia-del-Inces-carteleras2--768x576.jpg 768w, https:\/\/inces.gob.ve\/wp-content\/uploads\/2019\/08\/Inces-Historia-del-Inces-carteleras2--136x102.jpg 136w, https:\/\/inces.gob.ve\/wp-content\/uploads\/2019\/08\/Inces-Historia-del-Inces-carteleras2-.jpg 800w\" sizes=\"auto, (max-width: 300px) 100vw, 300px\" \/><\/span><\/span><\/p>\n<p align=\"justify\"><span style=\"font-family: Arial, sans-serif;\"><span style=\"font-size: x-large;\">La competencia estuvo bien re\u00f1ida, dado que los aprendices acataron las normas indicadas; una de las que m\u00e1s impacto por su contenido en vivo, fue la de los compa\u00f1eros jubilados y pensionados, quienes hicieron presencia activa, hecho que llen<span lang=\"es-ES\">\u00f3<\/span> de regocijo a los presentes entre los que se encontraban compa\u00f1eros de la vieja guardia.<\/span><\/span><\/p>\n<p align=\"justify\"><span style=\"font-family: Arial, sans-serif;\"><span style=\"font-size: x-large;\">En su <span lang=\"es-ES\">mayor<\/span><span lang=\"es-ES\">\u00ed<\/span><span lang=\"es-ES\">a<\/span> los aprendices <span lang=\"es-ES\">pertenec<\/span><span lang=\"es-ES\">\u00ed<\/span><span lang=\"es-ES\">an<\/span> a los oficios de <span lang=\"es-ES\">A<\/span>sistentes <span lang=\"es-ES\">Administrativo <\/span>de <span lang=\"es-ES\">E<\/span>mpresas I y II <span lang=\"es-ES\">y<\/span> <span lang=\"es-ES\">V<\/span>endedores, <span lang=\"es-ES\">adem<\/span><span lang=\"es-ES\">\u00e1<\/span><span lang=\"es-ES\">s<\/span> de las participaciones de la Escuela <span lang=\"es-ES\">T<\/span><span lang=\"es-ES\">\u00e9<\/span><span lang=\"es-ES\">cnica<\/span> Comercial \u201cPedro <span lang=\"es-ES\">Garc<\/span><span lang=\"es-ES\">\u00ed<\/span><span lang=\"es-ES\">a<\/span> Leal\u201d; integrantes de la <span lang=\"es-ES\">Misi<\/span><span lang=\"es-ES\">\u00f3<\/span><span lang=\"es-ES\">n<\/span> Gran Chamba Juvenil, provenientes del plan de becas de la <span lang=\"es-ES\">g<\/span><span lang=\"es-ES\">obernaci<\/span><span lang=\"es-ES\">\u00f3<\/span><span lang=\"es-ES\">n<\/span> del <span lang=\"es-ES\">e<\/span>stado Trujillo.<img loading=\"lazy\" decoding=\"async\" class=\"alignnone size-medium wp-image-30630\" src=\"http:\/\/www.inces.gob.ve\/wp-content\/uploads\/2019\/08\/Inces-Historia-del-Inces-carteleras1--300x225.jpg\" alt=\"\" width=\"300\" height=\"225\" srcset=\"https:\/\/inces.gob.ve\/wp-content\/uploads\/2019\/08\/Inces-Historia-del-Inces-carteleras1--300x225.jpg 300w, https:\/\/inces.gob.ve\/wp-content\/uploads\/2019\/08\/Inces-Historia-del-Inces-carteleras1--768x576.jpg 768w, https:\/\/inces.gob.ve\/wp-content\/uploads\/2019\/08\/Inces-Historia-del-Inces-carteleras1--136x102.jpg 136w, https:\/\/inces.gob.ve\/wp-content\/uploads\/2019\/08\/Inces-Historia-del-Inces-carteleras1-.jpg 800w\" sizes=\"auto, (max-width: 300px) 100vw, 300px\" \/><\/span><\/span><\/p>\n<p align=\"justify\"><span style=\"font-family: Arial, sans-serif;\"><span style=\"font-size: x-large;\">Emotiva, sencilla, profesional y sobre todo llena de mucho compromiso estuvo llena esta actividad, una de las m\u00e1s esperadas por el trabajo que <span lang=\"es-ES\">ven<\/span><span lang=\"es-ES\">\u00ed<\/span><span lang=\"es-ES\">a<\/span> ejecut\u00e1ndose desde hace casi tres semanas con los contratiempos y limitaciones que no son ajenos a la comunidad aprendiz de nuestro Inces Trujillo que amenazaban con no hacerles cumplir con esta misi\u00f3n.<img loading=\"lazy\" decoding=\"async\" class=\"alignnone size-medium wp-image-30629\" src=\"http:\/\/www.inces.gob.ve\/wp-content\/uploads\/2019\/08\/Inces-Historia-del-Inces-carteleras2--300x225.jpg\" alt=\"\" width=\"300\" height=\"225\" srcset=\"https:\/\/inces.gob.ve\/wp-content\/uploads\/2019\/08\/Inces-Historia-del-Inces-carteleras2--300x225.jpg 300w, https:\/\/inces.gob.ve\/wp-content\/uploads\/2019\/08\/Inces-Historia-del-Inces-carteleras2--768x576.jpg 768w, https:\/\/inces.gob.ve\/wp-content\/uploads\/2019\/08\/Inces-Historia-del-Inces-carteleras2--136x102.jpg 136w, https:\/\/inces.gob.ve\/wp-content\/uploads\/2019\/08\/Inces-Historia-del-Inces-carteleras2-.jpg 800w\" sizes=\"auto, (max-width: 300px) 100vw, 300px\" \/><\/span><\/span><\/p>\n<p align=\"justify\"><span style=\"font-family: Arial, sans-serif;\"><span style=\"font-size: x-large;\">No obstante, el d\u00eda llego y bajo el <span lang=\"es-ES\">t<\/span><span lang=\"es-ES\">\u00ed<\/span><span lang=\"es-ES\">tulo<\/span> de \u201cUna <span lang=\"es-ES\">m<\/span>ira<span lang=\"es-ES\">da<\/span> a la <span lang=\"es-ES\">h<\/span>istoria\u201d se present<span lang=\"es-ES\">\u00f3<\/span> esta Expo-Educaci\u00f3n Formaci\u00f3n y Capacitaci\u00f3n del Inces en sus 60 Aniversario que sirve de realce para los empleados y trabajadores de contrataci\u00f3n reciente que a\u00fan desconocen como fue<span lang=\"es-ES\">ron<\/span> los inicios de este gran organismo que sali<span lang=\"es-ES\">\u00f3<\/span> de la inquietante necesidad que sent\u00eda el maestro Luis Beltr\u00e1n Prieto Figueroa sobre qu<span lang=\"es-ES\">\u00e9<\/span> hacer <span lang=\"es-ES\">c<\/span>on esos 2 millones de compatriotas que para el a\u00f1o 1959 estaban sin empleo y sin saber leer <span lang=\"es-ES\">ni<\/span> escribir.<\/span><\/span><\/p>\n<p align=\"justify\">\n<p align=\"justify\">\n","protected":false},"excerpt":{"rendered":"<p>* Bajo el t\u00edtulo \u201cUna mirada a la historia\u201d se present\u00f3 esta Expo-Educaci\u00f3n Formaci\u00f3n y Capacitaci\u00f3n del Inces en su 60 Aniversario que sirve de realce para los empleados y trabajadores de contrataci\u00f3n reciente que a\u00fan desconocen como fueron los inicios de este gran organismo<\/p>\n","protected":false},"author":15,"featured_media":30628,"comment_status":"closed","ping_status":"closed","sticky":false,"template":"","format":"standard","meta":{"footnotes":""},"categories":[2],"tags":[],"class_list":["post-30626","post","type-post","status-publish","format-standard","has-post-thumbnail","hentry","category-blog"],"_links":{"self":[{"href":"https:\/\/inces.gob.ve\/index.php\/wp-json\/wp\/v2\/posts\/30626","targetHints":{"allow":["GET"]}}],"collection":[{"href":"https:\/\/inces.gob.ve\/index.php\/wp-json\/wp\/v2\/posts"}],"about":[{"href":"https:\/\/inces.gob.ve\/index.php\/wp-json\/wp\/v2\/types\/post"}],"author":[{"embeddable":true,"href":"https:\/\/inces.gob.ve\/index.php\/wp-json\/wp\/v2\/users\/15"}],"replies":[{"embeddable":true,"href":"https:\/\/inces.gob.ve\/index.php\/wp-json\/wp\/v2\/comments?post=30626"}],"version-history":[{"count":1,"href":"https:\/\/inces.gob.ve\/index.php\/wp-json\/wp\/v2\/posts\/30626\/revisions"}],"predecessor-version":[{"id":30631,"href":"https:\/\/inces.gob.ve\/index.php\/wp-json\/wp\/v2\/posts\/30626\/revisions\/30631"}],"wp:featuredmedia":[{"embeddable":true,"href":"https:\/\/inces.gob.ve\/index.php\/wp-json\/wp\/v2\/media\/30628"}],"wp:attachment":[{"href":"https:\/\/inces.gob.ve\/index.php\/wp-json\/wp\/v2\/media?parent=30626"}],"wp:term":[{"taxonomy":"category","embeddable":true,"href":"https:\/\/inces.gob.ve\/index.php\/wp-json\/wp\/v2\/categories?post=30626"},{"taxonomy":"post_tag","embeddable":true,"href":"https:\/\/inces.gob.ve\/index.php\/wp-json\/wp\/v2\/tags?post=30626"}],"curies":[{"name":"wp","href":"https:\/\/api.w.org\/{rel}","templated":true}]}}