{"id":30632,"date":"2019-08-27T09:09:10","date_gmt":"2019-08-27T15:09:10","guid":{"rendered":"http:\/\/www.inces.gob.ve\/?p=30632"},"modified":"2020-05-28T20:27:44","modified_gmt":"2020-05-29T00:27:44","slug":"anzoategui-inces-participo-en-el-programa-generaciones-epocas-y-vivencias-del-maestro-luis-beltran-prieto-figueroa","status":"publish","type":"post","link":"https:\/\/inces.gob.ve\/index.php\/2019\/08\/27\/anzoategui-inces-participo-en-el-programa-generaciones-epocas-y-vivencias-del-maestro-luis-beltran-prieto-figueroa\/","title":{"rendered":"ANZO\u00c1TEGUI | Inces particip\u00f3 en el programa \u201cGeneraciones \u00c9pocas y Vivencias del  Maestro Luis Beltr\u00e1n Prieto Figueroa\u201d"},"content":{"rendered":"<p lang=\"es-ES\" align=\"justify\"><span style=\"font-family: Arial, sans-serif;\"><span style=\"font-size: x-large;\"><i><b>** Torres: \u201cSomos una familia llena de amor, es por ello que a pesar de cualquier circunstancia no nos cansaremos de crear, de formar, de construir d\u00eda a d\u00eda nuestra Venezuela\u201d <\/b><\/i><\/span><\/span><\/p>\n<p lang=\"es-ES\" align=\"justify\"><!--more--><\/p>\n<p lang=\"es-ES\" align=\"justify\"><span style=\"font-family: Arial, sans-serif;\"><span style=\"font-size: x-large;\"><b>B\u00c1RBARA MORALES<\/b><\/span><\/span><\/p>\n<p align=\"justify\"><span style=\"font-family: Arial, sans-serif;\"><span style=\"font-size: x-large;\">Enmarcado en <span lang=\"es-ES\">su <\/span>60 Aniversario, el <span lang=\"es-ES\">Inces <\/span>se present\u00f3 <span lang=\"es-ES\">en <\/span>el programa de entrevista en vivo \u201cGeneraciones \u00c9pocas y Vivencias del Maestro Luis Beltr\u00e1n Prieto Figueroa\u201d, conducido por la <span lang=\"es-ES\">c<\/span>oordinadora de Juventud Productiva, Yorgelys Tenias y el <span lang=\"es-ES\">o<\/span>rganizador <span lang=\"es-ES\">e<\/span>del Movimiento Somos Aprendices, Elvis Rebolledo, con una audiencia de m\u00e1s de 200 personas entre aprendices, participantes, maestros y trabajadores. <\/span><\/span><\/p>\n<p align=\"justify\"><span style=\"font-family: Arial, sans-serif;\"><span style=\"font-size: x-large;\">El programa estuvo fundamentado en la historia del <span lang=\"es-ES\">I<\/span><span lang=\"es-ES\">nces,<\/span> desde su nacimiento en el a\u00f1o 1959, as\u00ed mismo se conoci\u00f3 m\u00e1s acerca de la historia de su fundador, <span lang=\"es-ES\">el doctor <\/span>Luis Beltr\u00e1n Prieto Figueroa. Los invitados revivieron acontecimientos, hechos hist\u00f3ricos y las transformaciones que han impactado a la instituci\u00f3n, a sus trabajadores y participantes de los programas formativos. <\/span><\/span><\/p>\n<p align=\"justify\"><span style=\"font-family: Arial, sans-serif;\"><span style=\"font-size: x-large;\"><img loading=\"lazy\" decoding=\"async\" class=\"aligncenter wp-image-30633 size-full\" src=\"http:\/\/www.inces.gob.ve\/wp-content\/uploads\/2019\/08\/Inces-programa-\u00c9pocas-Vivencias-Maestro-Luis-Beltr\u00e1n-Prieto-Figueroa-4-.jpg\" alt=\"\" width=\"800\" height=\"600\" srcset=\"https:\/\/inces.gob.ve\/wp-content\/uploads\/2019\/08\/Inces-programa-\u00c9pocas-Vivencias-Maestro-Luis-Beltr\u00e1n-Prieto-Figueroa-4-.jpg 800w, https:\/\/inces.gob.ve\/wp-content\/uploads\/2019\/08\/Inces-programa-\u00c9pocas-Vivencias-Maestro-Luis-Beltr\u00e1n-Prieto-Figueroa-4--300x225.jpg 300w, https:\/\/inces.gob.ve\/wp-content\/uploads\/2019\/08\/Inces-programa-\u00c9pocas-Vivencias-Maestro-Luis-Beltr\u00e1n-Prieto-Figueroa-4--768x576.jpg 768w, https:\/\/inces.gob.ve\/wp-content\/uploads\/2019\/08\/Inces-programa-\u00c9pocas-Vivencias-Maestro-Luis-Beltr\u00e1n-Prieto-Figueroa-4--136x102.jpg 136w\" sizes=\"auto, (max-width: 800px) 100vw, 800px\" \/><\/span><\/span><\/p>\n<p align=\"justify\"><span style=\"font-family: Arial, sans-serif;\"><span style=\"font-size: x-large;\">Al\u00ed Bello, con m\u00e1s de 40 a\u00f1os en el sector educativo, quien fue participante <span lang=\"es-ES\">I<\/span><span lang=\"es-ES\">nces<\/span> hace 44 <span lang=\"es-ES\">a\u00f1os<\/span>coment\u00f3 desde la vida y obra del maestro Prieto hasta la vinculaci\u00f3n educativa y pol\u00edtica que ha tenido el <span lang=\"es-ES\">I<\/span><span lang=\"es-ES\">nces<\/span> en todo su transcurso. <\/span><\/span><\/p>\n<p align=\"justify\">\u201c<span style=\"font-family: Arial, sans-serif;\"><span style=\"font-size: x-large;\">Una de las obras m\u00e1s importantes <span lang=\"es-ES\">de <\/span>nuestro maestro Luis Beltr\u00e1n Prieto fue la creaci\u00f3n de nuestro I<span lang=\"es-ES\">nces<\/span>, coment<span lang=\"es-ES\">\u00f3<\/span> el Profesor <span lang=\"es-ES\">Bello, d<\/span>onde se transmite la verdadera educaci\u00f3n integral, liberadora y transformadora\u201d. <\/span><\/span><\/p>\n<p align=\"justify\"><span style=\"font-family: Arial, sans-serif;\"><span style=\"font-size: x-large;\">Por otra parte, Zulay Esposito, al servicio de la instituci\u00f3n <span lang=\"es-ES\">hace <\/span>m\u00e1s de 35 a\u00f1os, destac\u00f3 la inclusi\u00f3n que caracteriza a la instituci\u00f3n desde la llegada del <span lang=\"es-ES\">p<\/span>residente <span lang=\"es-ES\">Ch<\/span><span lang=\"es-ES\">\u00e1<\/span><span lang=\"es-ES\">vez<\/span> en 1999; tambi\u00e9n <span lang=\"es-ES\">habl\u00f3 d<\/span>el papel protag\u00f3nico del <span lang=\"es-ES\">I<\/span><span lang=\"es-ES\">nces <\/span><span lang=\"es-ES\">en<\/span> el Plan de Alfabetizaci\u00f3n desde el a\u00f1o 2003. <\/span><\/span><\/p>\n<p align=\"justify\"><span style=\"font-family: Arial, sans-serif;\"><span style=\"font-size: x-large;\">Frank <span lang=\"es-ES\">Hern<\/span><span lang=\"es-ES\">\u00e1<\/span><span lang=\"es-ES\">ndez, <\/span><span lang=\"es-ES\">c<\/span>oordinador de <span lang=\"es-ES\">E<\/span>ncadenamiento <span lang=\"es-ES\">P<\/span>roductivo y Jefe del <span lang=\"es-ES\">centro de formaci\u00f3n <\/span>Sim\u00f3n Bol\u00edvar, resalt\u00f3 el desarrollo y gran desenlace que ha habido en estos 60 a\u00f1os de Formaci\u00f3n, tanto en el avance de la educaci\u00f3n liberadora y transformadora, <span lang=\"es-ES\">c<\/span><span lang=\"es-ES\">o<\/span><span lang=\"es-ES\">mo<\/span> en el marco de la formaci\u00f3n productiva que ha tenido la juventud del I<span lang=\"es-ES\">nces<\/span>.<\/span><\/span><\/p>\n<p align=\"justify\">\n<p align=\"justify\"><span style=\"font-family: Arial, sans-serif;\"><span style=\"font-size: x-large;\"><img loading=\"lazy\" decoding=\"async\" class=\"aligncenter wp-image-30635 size-full\" src=\"http:\/\/www.inces.gob.ve\/wp-content\/uploads\/2019\/08\/Inces-programa-\u00c9pocas-Vivencias-Maestro-Luis-Beltr\u00e1n-Prieto-Figueroa-1-.jpg\" alt=\"\" width=\"800\" height=\"600\" srcset=\"https:\/\/inces.gob.ve\/wp-content\/uploads\/2019\/08\/Inces-programa-\u00c9pocas-Vivencias-Maestro-Luis-Beltr\u00e1n-Prieto-Figueroa-1-.jpg 800w, https:\/\/inces.gob.ve\/wp-content\/uploads\/2019\/08\/Inces-programa-\u00c9pocas-Vivencias-Maestro-Luis-Beltr\u00e1n-Prieto-Figueroa-1--300x225.jpg 300w, https:\/\/inces.gob.ve\/wp-content\/uploads\/2019\/08\/Inces-programa-\u00c9pocas-Vivencias-Maestro-Luis-Beltr\u00e1n-Prieto-Figueroa-1--768x576.jpg 768w, https:\/\/inces.gob.ve\/wp-content\/uploads\/2019\/08\/Inces-programa-\u00c9pocas-Vivencias-Maestro-Luis-Beltr\u00e1n-Prieto-Figueroa-1--136x102.jpg 136w\" sizes=\"auto, (max-width: 800px) 100vw, 800px\" \/>Por \u00faltimo, la <span lang=\"es-ES\">g<\/span>erente <span lang=\"es-ES\">r<\/span>egional, Josdalia Torres, manifest\u00f3 que cada actividad realizada en este mes de Aniversario se debe al esfuerzo constante de los trabajadores, tanto de los que llevan a\u00f1os de experiencia <span lang=\"es-ES\">c<\/span><span lang=\"es-ES\">o<\/span><span lang=\"es-ES\">mo<\/span> de los aprendices y participantes. \u201cSomos una familia llena de amor, es por ello que a pesar de cualquier circunstancia no nos cansaremos de crear, de formar, de construir d\u00eda a d\u00eda nuestra Venezuela\u201d <\/span><\/span><\/p>\n<p align=\"justify\">\n<p align=\"justify\">\n","protected":false},"excerpt":{"rendered":"<p>** Torres: \u201cSomos una familia llena de amor, es por ello que a pesar de cualquier circunstancia no nos cansaremos de crear, de formar, de construir d\u00eda a d\u00eda nuestra Venezuela\u201d<\/p>\n","protected":false},"author":15,"featured_media":30634,"comment_status":"closed","ping_status":"closed","sticky":false,"template":"","format":"standard","meta":{"footnotes":""},"categories":[2],"tags":[],"class_list":["post-30632","post","type-post","status-publish","format-standard","has-post-thumbnail","hentry","category-blog"],"_links":{"self":[{"href":"https:\/\/inces.gob.ve\/index.php\/wp-json\/wp\/v2\/posts\/30632","targetHints":{"allow":["GET"]}}],"collection":[{"href":"https:\/\/inces.gob.ve\/index.php\/wp-json\/wp\/v2\/posts"}],"about":[{"href":"https:\/\/inces.gob.ve\/index.php\/wp-json\/wp\/v2\/types\/post"}],"author":[{"embeddable":true,"href":"https:\/\/inces.gob.ve\/index.php\/wp-json\/wp\/v2\/users\/15"}],"replies":[{"embeddable":true,"href":"https:\/\/inces.gob.ve\/index.php\/wp-json\/wp\/v2\/comments?post=30632"}],"version-history":[{"count":1,"href":"https:\/\/inces.gob.ve\/index.php\/wp-json\/wp\/v2\/posts\/30632\/revisions"}],"predecessor-version":[{"id":30636,"href":"https:\/\/inces.gob.ve\/index.php\/wp-json\/wp\/v2\/posts\/30632\/revisions\/30636"}],"wp:featuredmedia":[{"embeddable":true,"href":"https:\/\/inces.gob.ve\/index.php\/wp-json\/wp\/v2\/media\/30634"}],"wp:attachment":[{"href":"https:\/\/inces.gob.ve\/index.php\/wp-json\/wp\/v2\/media?parent=30632"}],"wp:term":[{"taxonomy":"category","embeddable":true,"href":"https:\/\/inces.gob.ve\/index.php\/wp-json\/wp\/v2\/categories?post=30632"},{"taxonomy":"post_tag","embeddable":true,"href":"https:\/\/inces.gob.ve\/index.php\/wp-json\/wp\/v2\/tags?post=30632"}],"curies":[{"name":"wp","href":"https:\/\/api.w.org\/{rel}","templated":true}]}}