{"id":30694,"date":"2019-08-28T07:43:53","date_gmt":"2019-08-28T13:43:53","guid":{"rendered":"http:\/\/www.inces.gob.ve\/?p=30694"},"modified":"2020-05-28T20:27:43","modified_gmt":"2020-05-29T00:27:43","slug":"barinas-bachilleres-productivos-egresan-de-la-unidad-educativa-inces-barinas","status":"publish","type":"post","link":"https:\/\/inces.gob.ve\/index.php\/2019\/08\/28\/barinas-bachilleres-productivos-egresan-de-la-unidad-educativa-inces-barinas\/","title":{"rendered":"BARINAS | Bachilleres productivos egresan de la unidad educativa Inces Barinas"},"content":{"rendered":"<p align=\"justify\"><span style=\"font-family: Arial, sans-serif;\"><span style=\"font-size: x-large;\"><i><b>** La juventud suma logros para la construcci\u00f3n de un mejor pa\u00eds<\/b><\/i><\/span><\/span><\/p>\n<p align=\"justify\"><!--more--><\/p>\n<p align=\"justify\"><span style=\"font-family: Arial, sans-serif;\"><span style=\"font-size: x-large;\"><b>HIRASYANEL BAYONA<\/b> <\/span><\/span><\/p>\n<p align=\"justify\"><span style=\"font-family: Arial, sans-serif;\"><span style=\"font-size: x-large;\">En un hermoso acto realizado en el auditorio de la sede regional en marco del 60 aniversario de la instituci\u00f3n, 71 estudiantes de la Unidad Educativa Inces Barinas recibieron su t\u00edtulo en el acto de grado de la III promoci\u00f3n de bachilleres con perfil productivo y X promoci\u00f3n de t\u00e9cnicos medios, entre los que se encontraban cinco estudiantes con discapacidad auditiva, quienes demostraron que querer es poder y que las limitaciones las define el individuo.<\/span><\/span><\/p>\n<p align=\"justify\"><span style=\"font-family: Arial, sans-serif;\"><span style=\"font-size: x-large;\">En la actividad estuvieron presentes \u00c1lvaro Oviedo, gerente regional, Laura Laguna, jefa de formaci\u00f3n profesional, Amelia N\u00fa\u00f1ez, coordinadora de la U.E., Mar\u00eda Montilla, coordinadora de control de estudio y Daxi Tapia, coordinadora de la modalidad de educaci\u00f3n de j\u00f3venes adultas y adultos de Zona Educativa Barinas en compa\u00f1\u00eda de familiares y amigos de cada uno de los estudiantes.<\/span><\/span><\/p>\n<p align=\"justify\"><span style=\"font-family: Arial, sans-serif;\"><span style=\"font-size: x-large;\"><img loading=\"lazy\" decoding=\"async\" class=\"aligncenter wp-image-30696 size-full\" src=\"http:\/\/www.inces.gob.ve\/wp-content\/uploads\/2019\/08\/Inces-Bachilleres-productivos-egresan2-.jpg\" alt=\"\" width=\"800\" height=\"480\" srcset=\"https:\/\/inces.gob.ve\/wp-content\/uploads\/2019\/08\/Inces-Bachilleres-productivos-egresan2-.jpg 800w, https:\/\/inces.gob.ve\/wp-content\/uploads\/2019\/08\/Inces-Bachilleres-productivos-egresan2--300x180.jpg 300w, https:\/\/inces.gob.ve\/wp-content\/uploads\/2019\/08\/Inces-Bachilleres-productivos-egresan2--768x461.jpg 768w\" sizes=\"auto, (max-width: 800px) 100vw, 800px\" \/><\/span><\/span><\/p>\n<p align=\"justify\"><span style=\"font-family: Arial, sans-serif;\"><span style=\"font-size: x-large;\">Durante el desarrollo de la misma, se realiz\u00f3 no solo la entrega de los t\u00edtulos y certificados que los acredita como bachilleres con perfil productivo a cada uno de los graduandos, sino tambi\u00e9n entrega de reconocimientos por parte de los mismos a la instituci\u00f3n, profesores y a la coordinadora de la unidad educativa, como un gesto de agradecimiento por el apoyo recibido durante la escolaridad, asimismo, todos los presentes fueron testigos de una emotiva demostraci\u00f3n de afecto de una madre hacia su hijo bachiller, quien con l\u00e1grimas en los ojos le dedic\u00f3 una hermosa canci\u00f3n acompa\u00f1ada por la siempre muy sentimental interpretaci\u00f3n de mariachis. <\/span><\/span><\/p>\n<p align=\"justify\"><span style=\"font-family: Arial, sans-serif;\"><span style=\"font-size: x-large;\">De igual forma, Oviedo, en unas breves y profundas palabras, expres\u00f3: \u201cReconozco el esfuerzo de estos j\u00f3venes, muchachos y muchachas que se empe\u00f1aron en continuar por las sendas de las luces y que hoy se ve gratificado en ese acto que llena de orgullo a todos los presentes, no ha sido f\u00e1cil ese transitar, he sido testigo del esfuerzo que realizan para asistir a este centro de estudio, con sus hijos, con las responsabilidades de un trabajo, y con mayor dificultad enfrentando una guerra impuesta a un pueblo noble y valiente que en sana paz se levanta todos los d\u00edas a seguir luchando y construyendo un pa\u00eds productivo que permita consolidar una patria libre y soberana\u201d<\/span><\/span><\/p>\n<p align=\"justify\"><span style=\"font-family: Arial, sans-serif;\"><span style=\"font-size: x-large;\">Por su parte, Amelia N\u00fa\u00f1ez fortaleci\u00f3 dichas palabras motivando a los j\u00f3venes a seguir adelante como generaci\u00f3n de relevo, luego de esta meta alcanzada, a proseguir con su formaci\u00f3n universitaria y continuar con la orientaci\u00f3n hacia lo productivo en pro del crecimiento y la transformaci\u00f3n del pa\u00eds, palabras que fueron aseveradas por Victoria G\u00f3mez, quien recibiendo su t\u00edtulo, en nombre de todos los compa\u00f1eros agradeci\u00f3 a la instituci\u00f3n por el apoyo incondicional que les brind\u00f3 para la consecuci\u00f3n de este logro.<\/span><\/span><\/p>\n<p align=\"justify\"><span style=\"font-family: Arial, sans-serif;\"><span style=\"font-size: x-large;\"><img loading=\"lazy\" decoding=\"async\" class=\"aligncenter wp-image-30695 size-full\" src=\"http:\/\/www.inces.gob.ve\/wp-content\/uploads\/2019\/08\/Inces-Bachilleres-productivos-egresan3-.jpg\" alt=\"\" width=\"800\" height=\"480\" srcset=\"https:\/\/inces.gob.ve\/wp-content\/uploads\/2019\/08\/Inces-Bachilleres-productivos-egresan3-.jpg 800w, https:\/\/inces.gob.ve\/wp-content\/uploads\/2019\/08\/Inces-Bachilleres-productivos-egresan3--300x180.jpg 300w, https:\/\/inces.gob.ve\/wp-content\/uploads\/2019\/08\/Inces-Bachilleres-productivos-egresan3--768x461.jpg 768w\" sizes=\"auto, (max-width: 800px) 100vw, 800px\" \/><\/span><\/span><\/p>\n<p align=\"justify\"><span style=\"font-family: Arial, sans-serif;\"><span style=\"font-size: x-large;\">Para finalizar el emotivo acto, Inces Barinas agasaj\u00f3 a los bachilleres con un exquisito almuerzo en compa\u00f1\u00eda de las autoridades de la instituci\u00f3n y representante de la zona educativa. <\/span><\/span><\/p>\n","protected":false},"excerpt":{"rendered":"<p>** La juventud suma logros para la construcci\u00f3n de un mejor pa\u00eds<\/p>\n","protected":false},"author":15,"featured_media":30697,"comment_status":"closed","ping_status":"closed","sticky":false,"template":"","format":"standard","meta":{"footnotes":""},"categories":[2],"tags":[],"class_list":["post-30694","post","type-post","status-publish","format-standard","has-post-thumbnail","hentry","category-blog"],"_links":{"self":[{"href":"https:\/\/inces.gob.ve\/index.php\/wp-json\/wp\/v2\/posts\/30694","targetHints":{"allow":["GET"]}}],"collection":[{"href":"https:\/\/inces.gob.ve\/index.php\/wp-json\/wp\/v2\/posts"}],"about":[{"href":"https:\/\/inces.gob.ve\/index.php\/wp-json\/wp\/v2\/types\/post"}],"author":[{"embeddable":true,"href":"https:\/\/inces.gob.ve\/index.php\/wp-json\/wp\/v2\/users\/15"}],"replies":[{"embeddable":true,"href":"https:\/\/inces.gob.ve\/index.php\/wp-json\/wp\/v2\/comments?post=30694"}],"version-history":[{"count":2,"href":"https:\/\/inces.gob.ve\/index.php\/wp-json\/wp\/v2\/posts\/30694\/revisions"}],"predecessor-version":[{"id":30699,"href":"https:\/\/inces.gob.ve\/index.php\/wp-json\/wp\/v2\/posts\/30694\/revisions\/30699"}],"wp:featuredmedia":[{"embeddable":true,"href":"https:\/\/inces.gob.ve\/index.php\/wp-json\/wp\/v2\/media\/30697"}],"wp:attachment":[{"href":"https:\/\/inces.gob.ve\/index.php\/wp-json\/wp\/v2\/media?parent=30694"}],"wp:term":[{"taxonomy":"category","embeddable":true,"href":"https:\/\/inces.gob.ve\/index.php\/wp-json\/wp\/v2\/categories?post=30694"},{"taxonomy":"post_tag","embeddable":true,"href":"https:\/\/inces.gob.ve\/index.php\/wp-json\/wp\/v2\/tags?post=30694"}],"curies":[{"name":"wp","href":"https:\/\/api.w.org\/{rel}","templated":true}]}}