{"id":30708,"date":"2019-08-28T10:56:40","date_gmt":"2019-08-28T16:56:40","guid":{"rendered":"http:\/\/www.inces.gob.ve\/?p=30708"},"modified":"2020-05-28T20:27:43","modified_gmt":"2020-05-29T00:27:43","slug":"lara-inces-obra-y-creacion-del-maestreo-luis-beltran-prieto-figueroa","status":"publish","type":"post","link":"https:\/\/inces.gob.ve\/index.php\/2019\/08\/28\/lara-inces-obra-y-creacion-del-maestreo-luis-beltran-prieto-figueroa\/","title":{"rendered":"LARA | Inces obra y creaci\u00f3n del maestreo Luis Beltr\u00e1n Prieto Figueroa"},"content":{"rendered":"<p align=\"justify\"><span style=\"font-family: Arial, sans-serif;\"><span style=\"font-size: x-large;\"><i><b>** Un legado vigente, compromiso firme e incansable<\/b><\/i><\/span><\/span><\/p>\n<p align=\"justify\"><!--more--><\/p>\n<p align=\"justify\"><span style=\"font-family: Arial, sans-serif;\"><span style=\"font-size: x-large;\"><b>DANNYS MORILLO<\/b><\/span><\/span><\/p>\n<p align=\"justify\"><span style=\"font-family: Arial, sans-serif;\"><span style=\"font-size: x-large;\">Inces Lara, enaltece los sesenta a\u00f1os del Inces y su labor incansable. Reafirmando el compromiso con la formaci\u00f3n de los hombres y mujeres de la patria, socializ\u00f3 desde sus seis centros de formaci\u00f3n socialista la vida, obra y pensamiento del maestro Luis Beltr\u00e1n Prieto Figueroa.<\/span><\/span><\/p>\n<p align=\"justify\"><span style=\"font-family: Arial, sans-serif;\"><span style=\"font-size: x-large;\">Actos c\u00edvicos y conversatorios se realizaron en honor a tan insigne venezolano, pol\u00edtico y pedagogo. Ante su busto, la juventud inceista reconoci\u00f3 al maestro Prieto y a la instituci\u00f3n que hoy, con apellido socialista, es la casa del conocimiento y los saberes del pueblo.<\/span><\/span><\/p>\n<p align=\"justify\">\n<p align=\"justify\"><img loading=\"lazy\" decoding=\"async\" class=\"aligncenter wp-image-30710 size-full\" src=\"http:\/\/www.inces.gob.ve\/wp-content\/uploads\/2019\/08\/Inces-obra-creaci\u00f3n-maestreo-Luis-Beltr\u00e1n-Prieto-F-3-.jpeg\" alt=\"\" width=\"700\" height=\"420\" srcset=\"https:\/\/inces.gob.ve\/wp-content\/uploads\/2019\/08\/Inces-obra-creaci\u00f3n-maestreo-Luis-Beltr\u00e1n-Prieto-F-3-.jpeg 700w, https:\/\/inces.gob.ve\/wp-content\/uploads\/2019\/08\/Inces-obra-creaci\u00f3n-maestreo-Luis-Beltr\u00e1n-Prieto-F-3--300x180.jpeg 300w\" sizes=\"auto, (max-width: 700px) 100vw, 700px\" \/><\/p>\n<p align=\"justify\"><span style=\"font-family: Arial, sans-serif;\"><span style=\"font-size: x-large;\"><b>Con valores y principios socialistas<\/b><\/span><\/span><\/p>\n<p align=\"justify\"><span style=\"font-family: Arial, sans-serif;\"><span style=\"font-size: x-large;\">Con una nueva ley promulgada por el actual gobierno, leales a su obra y a las pol\u00edticas del gobierno revolucionario, el Inces est\u00e1 de pie, de puertas abiertas al pueblo, a los hombres y mujeres de la patria, brind\u00e1ndole herramientas del conocimiento, reconociendo al poder popular y sus saberes.<\/span><\/span><\/p>\n<p align=\"justify\"><span style=\"font-family: Arial, sans-serif;\"><span style=\"font-size: x-large;\"><img loading=\"lazy\" decoding=\"async\" class=\"aligncenter wp-image-30712 size-full\" src=\"http:\/\/www.inces.gob.ve\/wp-content\/uploads\/2019\/08\/Inces-obra-creaci\u00f3n-maestreo-Luis-Beltr\u00e1n-Prieto-F-1-.jpeg\" alt=\"\" width=\"700\" height=\"525\" srcset=\"https:\/\/inces.gob.ve\/wp-content\/uploads\/2019\/08\/Inces-obra-creaci\u00f3n-maestreo-Luis-Beltr\u00e1n-Prieto-F-1-.jpeg 700w, https:\/\/inces.gob.ve\/wp-content\/uploads\/2019\/08\/Inces-obra-creaci\u00f3n-maestreo-Luis-Beltr\u00e1n-Prieto-F-1--300x225.jpeg 300w, https:\/\/inces.gob.ve\/wp-content\/uploads\/2019\/08\/Inces-obra-creaci\u00f3n-maestreo-Luis-Beltr\u00e1n-Prieto-F-1--136x102.jpeg 136w\" sizes=\"auto, (max-width: 700px) 100vw, 700px\" \/><\/span><\/span><\/p>\n<p align=\"justify\"><span style=\"font-family: Arial, sans-serif;\"><span style=\"font-size: x-large;\">La premisa \u201cPon tu mente a servir a tu brazo, pon tu brazo a servir al pa\u00eds\u201d letra del himno del Inces, se pone en pr\u00e1ctica todos los d\u00edas cuando avanza la formaci\u00f3n productiva. Inces, instituci\u00f3n donde nadie se rinde y donde con profundo sentido de pertenencia y compromiso no se vacila ni un instante en la lucha cotidiana, en el acompa\u00f1amiento al colectivo y con presencia permanente en los escenarios del pueblo y los espacios educativos.<\/span><\/span><\/p>\n<p align=\"justify\"><span style=\"font-family: Arial, sans-serif;\"><span style=\"font-size: x-large;\"><img loading=\"lazy\" decoding=\"async\" class=\"aligncenter wp-image-30711 size-full\" src=\"http:\/\/www.inces.gob.ve\/wp-content\/uploads\/2019\/08\/Inces-obra-creaci\u00f3n-maestreo-Luis-Beltr\u00e1n-Prieto-F-2-.jpeg\" alt=\"\" width=\"700\" height=\"525\" srcset=\"https:\/\/inces.gob.ve\/wp-content\/uploads\/2019\/08\/Inces-obra-creaci\u00f3n-maestreo-Luis-Beltr\u00e1n-Prieto-F-2-.jpeg 700w, https:\/\/inces.gob.ve\/wp-content\/uploads\/2019\/08\/Inces-obra-creaci\u00f3n-maestreo-Luis-Beltr\u00e1n-Prieto-F-2--300x225.jpeg 300w, https:\/\/inces.gob.ve\/wp-content\/uploads\/2019\/08\/Inces-obra-creaci\u00f3n-maestreo-Luis-Beltr\u00e1n-Prieto-F-2--136x102.jpeg 136w\" sizes=\"auto, (max-width: 700px) 100vw, 700px\" \/><\/span><\/span><\/p>\n<p align=\"justify\">\n<p align=\"justify\">\n","protected":false},"excerpt":{"rendered":"<p>** Un legado vigente, compromiso firme e incansable<\/p>\n","protected":false},"author":15,"featured_media":30709,"comment_status":"closed","ping_status":"closed","sticky":false,"template":"","format":"standard","meta":{"footnotes":""},"categories":[2],"tags":[],"class_list":["post-30708","post","type-post","status-publish","format-standard","has-post-thumbnail","hentry","category-blog"],"_links":{"self":[{"href":"https:\/\/inces.gob.ve\/index.php\/wp-json\/wp\/v2\/posts\/30708","targetHints":{"allow":["GET"]}}],"collection":[{"href":"https:\/\/inces.gob.ve\/index.php\/wp-json\/wp\/v2\/posts"}],"about":[{"href":"https:\/\/inces.gob.ve\/index.php\/wp-json\/wp\/v2\/types\/post"}],"author":[{"embeddable":true,"href":"https:\/\/inces.gob.ve\/index.php\/wp-json\/wp\/v2\/users\/15"}],"replies":[{"embeddable":true,"href":"https:\/\/inces.gob.ve\/index.php\/wp-json\/wp\/v2\/comments?post=30708"}],"version-history":[{"count":2,"href":"https:\/\/inces.gob.ve\/index.php\/wp-json\/wp\/v2\/posts\/30708\/revisions"}],"predecessor-version":[{"id":30714,"href":"https:\/\/inces.gob.ve\/index.php\/wp-json\/wp\/v2\/posts\/30708\/revisions\/30714"}],"wp:featuredmedia":[{"embeddable":true,"href":"https:\/\/inces.gob.ve\/index.php\/wp-json\/wp\/v2\/media\/30709"}],"wp:attachment":[{"href":"https:\/\/inces.gob.ve\/index.php\/wp-json\/wp\/v2\/media?parent=30708"}],"wp:term":[{"taxonomy":"category","embeddable":true,"href":"https:\/\/inces.gob.ve\/index.php\/wp-json\/wp\/v2\/categories?post=30708"},{"taxonomy":"post_tag","embeddable":true,"href":"https:\/\/inces.gob.ve\/index.php\/wp-json\/wp\/v2\/tags?post=30708"}],"curies":[{"name":"wp","href":"https:\/\/api.w.org\/{rel}","templated":true}]}}