{"id":30715,"date":"2019-08-28T11:12:38","date_gmt":"2019-08-28T17:12:38","guid":{"rendered":"http:\/\/www.inces.gob.ve\/?p=30715"},"modified":"2020-05-28T20:27:43","modified_gmt":"2020-05-29T00:27:43","slug":"la-guaira-inces-celebra-su-60-aniversario","status":"publish","type":"post","link":"https:\/\/inces.gob.ve\/index.php\/2019\/08\/28\/la-guaira-inces-celebra-su-60-aniversario\/","title":{"rendered":"LA GUAIRA | Inces celebra su 60 aniversario"},"content":{"rendered":"<p align=\"justify\"><span style=\"font-family: Arial, sans-serif;\"><span style=\"font-size: x-large;\"><i><b>** La actividad cont\u00f3 con la presencia de trabajadores, el equipo de gesti\u00f3n regional, cultores populares, familiares y graduandos del bachillerato productivo, quienes disfrutaron de un acto muy emotivo y un exquisito almuerzo<\/b><\/i><\/span><\/span><!--more--><\/p>\n<p align=\"justify\">\n<p align=\"justify\"><span style=\"font-family: Arial, sans-serif;\"><span style=\"font-size: x-large;\"><b>ZUVALQUI DUARTE<\/b><\/span><\/span><\/p>\n<p align=\"justify\"><span style=\"font-family: Arial, sans-serif;\"><span style=\"font-size: x-large;\">En el sal\u00f3n de usos m\u00faltiples Hugo Ch\u00e1vez del Inces guaire\u00f1o, se realiz\u00f3 el acto de celebraci\u00f3n de los 60 a\u00f1os del Inces, ente con presencia a nivel nacional y que su deber y tarea principal es la formaci\u00f3n, estar presente en la organizaci\u00f3n del poder popular e incentivar la producci\u00f3n que tribute al nuevo modelo econ\u00f3mico comunal.<\/span><\/span><\/p>\n<p align=\"justify\">\n<p align=\"justify\"><span style=\"font-family: Arial, sans-serif;\"><span style=\"font-size: x-large;\">El encuentro sirvi\u00f3 de marco para la entrega de botones en reconocimiento por 5, 10 y 15 a\u00f1os de servicio a los trabajadores y trabajadoras que han entregado parte de sus vidas al trabajo enaltecedor y comprometido de formar a la clase trabajadora del pa\u00eds.<\/span><\/span><\/p>\n<p align=\"justify\"><img loading=\"lazy\" decoding=\"async\" class=\"aligncenter wp-image-30717 size-large\" src=\"http:\/\/www.inces.gob.ve\/wp-content\/uploads\/2019\/08\/Inces-60-aniversario-8--707x1024.jpg\" alt=\"\" width=\"640\" height=\"927\" srcset=\"https:\/\/inces.gob.ve\/wp-content\/uploads\/2019\/08\/Inces-60-aniversario-8--707x1024.jpg 707w, https:\/\/inces.gob.ve\/wp-content\/uploads\/2019\/08\/Inces-60-aniversario-8--207x300.jpg 207w, https:\/\/inces.gob.ve\/wp-content\/uploads\/2019\/08\/Inces-60-aniversario-8--768x1112.jpg 768w, https:\/\/inces.gob.ve\/wp-content\/uploads\/2019\/08\/Inces-60-aniversario-8-.jpg 790w\" sizes=\"auto, (max-width: 640px) 100vw, 640px\" \/><\/p>\n<p align=\"justify\"><span style=\"font-family: Arial, sans-serif;\"><span style=\"font-size: x-large;\">En el \u00e1mbito cultural se cont\u00f3 con la presencia del Grupo de Cultores Guaicorin quienes con parrandas amenizaron la actividad cant\u00e1ndo. junto al personal,el cumplea\u00f1os a la instituci\u00f3n, mientras que el ni\u00f1o Kenyer Rodr\u00edguez, hijo de la compa\u00f1era Maikely Rodr\u00edguez, a trav\u00e9s de su flauta, sorprendi\u00f3 a los asistente con sus bellas melod\u00edas.<\/span><\/span><\/p>\n<p align=\"justify\"><img loading=\"lazy\" decoding=\"async\" class=\"aligncenter wp-image-30719 \" src=\"http:\/\/www.inces.gob.ve\/wp-content\/uploads\/2019\/08\/Inces-60-aniversario-6-.jpg\" alt=\"\" width=\"756\" height=\"909\" srcset=\"https:\/\/inces.gob.ve\/wp-content\/uploads\/2019\/08\/Inces-60-aniversario-6-.jpg 792w, https:\/\/inces.gob.ve\/wp-content\/uploads\/2019\/08\/Inces-60-aniversario-6--250x300.jpg 250w, https:\/\/inces.gob.ve\/wp-content\/uploads\/2019\/08\/Inces-60-aniversario-6--768x923.jpg 768w\" sizes=\"auto, (max-width: 756px) 100vw, 756px\" \/><\/p>\n<p align=\"justify\"><span style=\"font-family: Arial, sans-serif;\"><span style=\"font-size: x-large;\">En este mismo orden de ideas. Hern\u00e1n Garboza, gerente regional y Migdalia Alvarado, coordinadora de la Unidad Educativa \u201cLa Guaira\u201d entregaron t\u00edtulos de bachiller y certificado Inces a los graduandos de la segunda promoci\u00f3n de bachilleres productivos, logros que llenan de orgullo a la instituci\u00f3n ya que en apenas a\u00f1o y medio de estar en funcionamiento en la regi\u00f3n ha arrojado saldo positivo respecto a la meta porformar.<\/span><\/span><\/p>\n<p align=\"justify\"><span style=\"font-family: Arial, sans-serif;\"><span style=\"font-size: x-large;\"><img loading=\"lazy\" decoding=\"async\" class=\"aligncenter wp-image-30718 size-large\" src=\"http:\/\/www.inces.gob.ve\/wp-content\/uploads\/2019\/08\/Inces-60-aniversario-7--707x1024.jpg\" alt=\"\" width=\"640\" height=\"927\" srcset=\"https:\/\/inces.gob.ve\/wp-content\/uploads\/2019\/08\/Inces-60-aniversario-7--707x1024.jpg 707w, https:\/\/inces.gob.ve\/wp-content\/uploads\/2019\/08\/Inces-60-aniversario-7--207x300.jpg 207w, https:\/\/inces.gob.ve\/wp-content\/uploads\/2019\/08\/Inces-60-aniversario-7--768x1112.jpg 768w, https:\/\/inces.gob.ve\/wp-content\/uploads\/2019\/08\/Inces-60-aniversario-7-.jpg 790w\" sizes=\"auto, (max-width: 640px) 100vw, 640px\" \/><\/span><\/span><\/p>\n<p align=\"justify\">\n<p align=\"justify\"><span style=\"font-family: Arial, sans-serif;\"><span style=\"font-size: x-large;\">En el acto se hizo un reconocimiento al aporte realizado por la profesora Teresa Concepci\u00f3n Cartagena, jefa de la Divisi\u00f3n de Formaci\u00f3n Profesional y que en los actuales momentos se encuentra luchando por su salud en la unidad de terapia intensiva del Hospital Militar Carlos Arvelo, luego de presentar un accidente cerebro vascular en su puesto de labores.<\/span><\/span><\/p>\n<p align=\"justify\"><span style=\"font-family: Arial, sans-serif;\"><span style=\"font-size: x-large;\"><img loading=\"lazy\" decoding=\"async\" class=\"aligncenter wp-image-30721 size-full\" src=\"http:\/\/www.inces.gob.ve\/wp-content\/uploads\/2019\/08\/Inces-60-aniversario-4-.jpg\" alt=\"\" width=\"800\" height=\"450\" srcset=\"https:\/\/inces.gob.ve\/wp-content\/uploads\/2019\/08\/Inces-60-aniversario-4-.jpg 800w, https:\/\/inces.gob.ve\/wp-content\/uploads\/2019\/08\/Inces-60-aniversario-4--300x169.jpg 300w, https:\/\/inces.gob.ve\/wp-content\/uploads\/2019\/08\/Inces-60-aniversario-4--768x432.jpg 768w\" sizes=\"auto, (max-width: 800px) 100vw, 800px\" \/><\/span><\/span><\/p>\n<p align=\"justify\">\n<p align=\"justify\">\u201c<span style=\"font-family: Arial, sans-serif;\"><span style=\"font-size: x-large;\">60 a\u00f1os de una instituci\u00f3n se dice f\u00e1cil, pero es una cadena de logros y trabajo comprometido de hombres y mujeres que d\u00eda a d\u00eda van por las comunidades llevando saberes y formando parte de los colectivos organizados para impulsar la producci\u00f3n y conformar unidades productivas, que transforman necesidades en oportunidades, el pueblo y sus saberes encuentran en el Inces un aliado fundamental\u201d, expres\u00f3 Garboza.<\/span><\/span><\/p>\n<p align=\"justify\"><span style=\"font-family: Arial, sans-serif;\"><span style=\"font-size: x-large;\"><img loading=\"lazy\" decoding=\"async\" class=\"aligncenter wp-image-30722 size-full\" src=\"http:\/\/www.inces.gob.ve\/wp-content\/uploads\/2019\/08\/Inces-60-aniversario-1-.jpg\" alt=\"\" width=\"800\" height=\"450\" srcset=\"https:\/\/inces.gob.ve\/wp-content\/uploads\/2019\/08\/Inces-60-aniversario-1-.jpg 800w, https:\/\/inces.gob.ve\/wp-content\/uploads\/2019\/08\/Inces-60-aniversario-1--300x169.jpg 300w, https:\/\/inces.gob.ve\/wp-content\/uploads\/2019\/08\/Inces-60-aniversario-1--768x432.jpg 768w\" sizes=\"auto, (max-width: 800px) 100vw, 800px\" \/><\/span><\/span><\/p>\n<p align=\"justify\">\n<p align=\"justify\">\n<p align=\"justify\">\n<p align=\"justify\">\n","protected":false},"excerpt":{"rendered":"<p>** La actividad cont\u00f3 con la presencia de trabajadores, el equipo de gesti\u00f3n regional, cultores populares, familiares y graduandos del bachillerato productivo, quienes disfrutaron de un acto muy emotivo y un exquisito almuerzo<\/p>\n","protected":false},"author":15,"featured_media":30720,"comment_status":"closed","ping_status":"closed","sticky":false,"template":"","format":"standard","meta":{"footnotes":""},"categories":[2],"tags":[],"class_list":["post-30715","post","type-post","status-publish","format-standard","has-post-thumbnail","hentry","category-blog"],"_links":{"self":[{"href":"https:\/\/inces.gob.ve\/index.php\/wp-json\/wp\/v2\/posts\/30715","targetHints":{"allow":["GET"]}}],"collection":[{"href":"https:\/\/inces.gob.ve\/index.php\/wp-json\/wp\/v2\/posts"}],"about":[{"href":"https:\/\/inces.gob.ve\/index.php\/wp-json\/wp\/v2\/types\/post"}],"author":[{"embeddable":true,"href":"https:\/\/inces.gob.ve\/index.php\/wp-json\/wp\/v2\/users\/15"}],"replies":[{"embeddable":true,"href":"https:\/\/inces.gob.ve\/index.php\/wp-json\/wp\/v2\/comments?post=30715"}],"version-history":[{"count":1,"href":"https:\/\/inces.gob.ve\/index.php\/wp-json\/wp\/v2\/posts\/30715\/revisions"}],"predecessor-version":[{"id":30723,"href":"https:\/\/inces.gob.ve\/index.php\/wp-json\/wp\/v2\/posts\/30715\/revisions\/30723"}],"wp:featuredmedia":[{"embeddable":true,"href":"https:\/\/inces.gob.ve\/index.php\/wp-json\/wp\/v2\/media\/30720"}],"wp:attachment":[{"href":"https:\/\/inces.gob.ve\/index.php\/wp-json\/wp\/v2\/media?parent=30715"}],"wp:term":[{"taxonomy":"category","embeddable":true,"href":"https:\/\/inces.gob.ve\/index.php\/wp-json\/wp\/v2\/categories?post=30715"},{"taxonomy":"post_tag","embeddable":true,"href":"https:\/\/inces.gob.ve\/index.php\/wp-json\/wp\/v2\/tags?post=30715"}],"curies":[{"name":"wp","href":"https:\/\/api.w.org\/{rel}","templated":true}]}}